{"id":4008,"date":"2017-01-18T12:50:58","date_gmt":"2017-01-18T15:50:58","guid":{"rendered":"http:\/\/www.polisrecreio.com.br\/site\/?p=4008"},"modified":"2017-01-18T12:50:58","modified_gmt":"2017-01-18T15:50:58","slug":"prefeito-e-secretario-buscam-parcerias-para-projetos-esportivos-em-recreio","status":"publish","type":"post","link":"https:\/\/www.polisrecreio.com.br\/site\/2017\/01\/18\/prefeito-e-secretario-buscam-parcerias-para-projetos-esportivos-em-recreio\/","title":{"rendered":"Prefeito e secret\u00e1rio buscam parcerias para projetos esportivos em Recreio"},"content":{"rendered":"<p style=\"text-align: justify;\">A cidade de Recreio que um dia foi refer\u00eancia regional no esporte, com destaque para o futebol com a forma\u00e7\u00e3o de nomes que chegaram a grandes clubes do Brasil e at\u00e9 na sele\u00e7\u00e3o brasileira, hoje vive a car\u00eancia de incentivos do poder p\u00fablico. Pensando em futuro bem pr\u00f3ximo o prefeito de Recreio, Z\u00e9 Maria Barros, e o secret\u00e1rio municipal de Esportes, Leandro Ferreira Medeiros \u201cL\u00e9o Medeiros\u201d, iniciaram as buscas por parcerias para elabora\u00e7\u00e3o de projetos esportivos no Munic\u00edpio.<\/p>\n<p style=\"text-align: justify;\"><!--more--><\/p>\n<figure id=\"attachment_4009\" aria-describedby=\"caption-attachment-4009\" style=\"width: 750px\" class=\"wp-caption aligncenter\"><a href=\"http:\/\/www.polisrecreio.com.br\/site\/wp-content\/uploads\/2017\/01\/111.jpg\"><img loading=\"lazy\" class=\"size-full wp-image-4009\" src=\"http:\/\/www.polisrecreio.com.br\/site\/wp-content\/uploads\/2017\/01\/111.jpg\" alt=\"Marcelo, L\u00e9o Medeiros, Z\u00e9 Maria, Isauro e Dimitrius.\" width=\"750\" height=\"404\" srcset=\"https:\/\/www.polisrecreio.com.br\/site\/wp-content\/uploads\/2017\/01\/111.jpg 750w, https:\/\/www.polisrecreio.com.br\/site\/wp-content\/uploads\/2017\/01\/111-300x162.jpg 300w\" sizes=\"(max-width: 750px) 100vw, 750px\" \/><\/a><figcaption id=\"caption-attachment-4009\" class=\"wp-caption-text\">Marcelo, L\u00e9o Medeiros, Z\u00e9 Maria, Isauro e Dimitrius.<\/figcaption><\/figure>\n<p style=\"text-align: justify;\">Em reuni\u00e3o no gabinete do deputado estadual, Isauro Calais, em Juiz de Fora, e na presen\u00e7a do parlamentar, o prefeito e o secret\u00e1rio de Esportes de Recreio, conversaram com dois nomes que s\u00e3o refer\u00eancias em Minas Gerais na \u00e1rea esportiva, Dimitrius Vargas, de Matias Barbosa, e Marcelo Enes, diretor da Associa\u00e7\u00e3o de \u00c1rbitros de Juiz de Fora \u2013 entidade organizadora da Copa TV Alterosa de Futebol.<\/p>\n<p style=\"text-align: justify;\">Entre os principais assuntos debatidos esteve o ICMS Esportivo, um recurso estadual para incentivar as pr\u00e1ticas desportivas nos munic\u00edpios que Recreio n\u00e3o receber\u00e1 em 2017 por neglig\u00eancia da gest\u00e3o 2013\/2016. Dimitrius Vargas, j\u00e1 foi gestor esportivo em Matias Barbosa e colocou a cidade de pouco mais de 13 mil habitantes como uma das melhores no ranking do crit\u00e9rio Esporte. Dimitrius destacou a import\u00e2ncia do bom relacionamento do secret\u00e1rio L\u00e9o Medeiros com os promotores esportivos de Recreio, de forma que possam trabalhar de forma integrada.<\/p>\n<p style=\"text-align: justify;\">O deputado Isauro e Marcelo Enes, que tamb\u00e9m atua como assessor parlamentar de Calais, colocaram-se \u00e0 disposi\u00e7\u00e3o da Prefeitura de Recreio para ajudar no que for preciso tanto no campo esportivo como tamb\u00e9m em \u00e1reas afins.<\/p>\n<p style=\"text-align: justify;\">Em entrevista\u00a0o Site P\u00f3lis, L\u00e9o Medeiros disse que \u201ca conversa render\u00e1 bons frutos. Precisamos buscar parcerias, sozinhos n\u00e3o fazemos nada\u201d. O secret\u00e1rio informou tamb\u00e9m que nesta quinta-feira (19) estar\u00e1 no Corpo de Bombeiros de Leopoldina para tomar conhecimento da situa\u00e7\u00e3o dos Est\u00e1dios, Alcides Campos e Euvaldo Lodi, interditados desde o ano passado.<\/p>\n","protected":false},"excerpt":{"rendered":"<p>A cidade de Recreio que um dia foi refer\u00eancia regional no esporte, com destaque para o futebol com a forma\u00e7\u00e3o de nomes que chegaram a grandes clubes do Brasil e at\u00e9 na sele\u00e7\u00e3o brasileira, hoje vive a car\u00eancia de incentivos do poder p\u00fablico. Pensando em futuro bem pr\u00f3ximo o prefeito de Recreio, Z\u00e9 Maria Barros, [&hellip;]<\/p>\n","protected":false},"author":3,"featured_media":4009,"comment_status":"open","ping_status":"open","sticky":false,"template":"","format":"standard","meta":[],"categories":[4],"tags":[],"yoast_head":"<!-- This site is optimized with the Yoast SEO plugin v15.6.2 - https:\/\/yoast.com\/wordpress\/plugins\/seo\/ -->\n<meta name=\"robots\" content=\"index, follow, max-snippet:-1, max-image-preview:large, max-video-preview:-1\" \/>\n<link rel=\"canonical\" href=\"http:\/\/www.polisrecreio.com.br\/site\/2017\/01\/18\/prefeito-e-secretario-buscam-parcerias-para-projetos-esportivos-em-recreio\/\" \/>\n<meta property=\"og:locale\" content=\"pt_BR\" \/>\n<meta property=\"og:type\" content=\"article\" \/>\n<meta property=\"og:title\" content=\"Prefeito e secret\u00e1rio buscam parcerias para projetos esportivos em Recreio - P\u00f3lis Recreio\" \/>\n<meta property=\"og:description\" content=\"A cidade de Recreio que um dia foi refer\u00eancia regional no esporte, com destaque para o futebol com a forma\u00e7\u00e3o de nomes que chegaram a grandes clubes do Brasil e at\u00e9 na sele\u00e7\u00e3o brasileira, hoje vive a car\u00eancia de incentivos do poder p\u00fablico. Pensando em futuro bem pr\u00f3ximo o prefeito de Recreio, Z\u00e9 Maria Barros, [&hellip;]\" \/>\n<meta property=\"og:url\" content=\"http:\/\/www.polisrecreio.com.br\/site\/2017\/01\/18\/prefeito-e-secretario-buscam-parcerias-para-projetos-esportivos-em-recreio\/\" \/>\n<meta property=\"og:site_name\" content=\"P\u00f3lis Recreio\" \/>\n<meta property=\"article:publisher\" content=\"https:\/\/www.facebook.com\/Site-P%c3%b3lis-Recreio-MG-181941708571019\/\" \/>\n<meta property=\"article:published_time\" content=\"2017-01-18T15:50:58+00:00\" \/>\n<meta property=\"og:image\" content=\"https:\/\/www.polisrecreio.com.br\/site\/wp-content\/uploads\/2017\/01\/111.jpg\" \/>\n\t<meta property=\"og:image:width\" content=\"750\" \/>\n\t<meta property=\"og:image:height\" content=\"404\" \/>\n<meta name=\"twitter:card\" content=\"summary_large_image\" \/>\n<meta name=\"twitter:creator\" content=\"@PolisRecreio\" \/>\n<meta name=\"twitter:site\" content=\"@PolisRecreio\" \/>\n<meta name=\"twitter:label1\" content=\"Est. reading time\">\n\t<meta name=\"twitter:data1\" content=\"2 minutos\">\n<script type=\"application\/ld+json\" class=\"yoast-schema-graph\">{\"@context\":\"https:\/\/schema.org\",\"@graph\":[{\"@type\":\"WebSite\",\"@id\":\"https:\/\/www.polisrecreio.com.br\/site\/#website\",\"url\":\"https:\/\/www.polisrecreio.com.br\/site\/\",\"name\":\"P\\u00f3lis Recreio\",\"description\":\"\",\"potentialAction\":[{\"@type\":\"SearchAction\",\"target\":\"https:\/\/www.polisrecreio.com.br\/site\/?s={search_term_string}\",\"query-input\":\"required name=search_term_string\"}],\"inLanguage\":\"pt-BR\"},{\"@type\":\"ImageObject\",\"@id\":\"http:\/\/www.polisrecreio.com.br\/site\/2017\/01\/18\/prefeito-e-secretario-buscam-parcerias-para-projetos-esportivos-em-recreio\/#primaryimage\",\"inLanguage\":\"pt-BR\",\"url\":\"https:\/\/www.polisrecreio.com.br\/site\/wp-content\/uploads\/2017\/01\/111.jpg\",\"width\":750,\"height\":404,\"caption\":\"Marcelo, L\\u00e9o Medeiros, Z\\u00e9 Maria, Isauro e Dimitrius.\"},{\"@type\":\"WebPage\",\"@id\":\"http:\/\/www.polisrecreio.com.br\/site\/2017\/01\/18\/prefeito-e-secretario-buscam-parcerias-para-projetos-esportivos-em-recreio\/#webpage\",\"url\":\"http:\/\/www.polisrecreio.com.br\/site\/2017\/01\/18\/prefeito-e-secretario-buscam-parcerias-para-projetos-esportivos-em-recreio\/\",\"name\":\"Prefeito e secret\\u00e1rio buscam parcerias para projetos esportivos em Recreio - P\\u00f3lis Recreio\",\"isPartOf\":{\"@id\":\"https:\/\/www.polisrecreio.com.br\/site\/#website\"},\"primaryImageOfPage\":{\"@id\":\"http:\/\/www.polisrecreio.com.br\/site\/2017\/01\/18\/prefeito-e-secretario-buscam-parcerias-para-projetos-esportivos-em-recreio\/#primaryimage\"},\"datePublished\":\"2017-01-18T15:50:58+00:00\",\"dateModified\":\"2017-01-18T15:50:58+00:00\",\"author\":{\"@id\":\"https:\/\/www.polisrecreio.com.br\/site\/#\/schema\/person\/3363c1c78e1e28e1329d97adb387638e\"},\"inLanguage\":\"pt-BR\",\"potentialAction\":[{\"@type\":\"ReadAction\",\"target\":[\"http:\/\/www.polisrecreio.com.br\/site\/2017\/01\/18\/prefeito-e-secretario-buscam-parcerias-para-projetos-esportivos-em-recreio\/\"]}]},{\"@type\":\"Person\",\"@id\":\"https:\/\/www.polisrecreio.com.br\/site\/#\/schema\/person\/3363c1c78e1e28e1329d97adb387638e\",\"name\":\"Leonardo Ribeiro\",\"image\":{\"@type\":\"ImageObject\",\"@id\":\"https:\/\/www.polisrecreio.com.br\/site\/#personlogo\",\"inLanguage\":\"pt-BR\",\"url\":\"https:\/\/secure.gravatar.com\/avatar\/6ba92a37d621e1a83e23710251178a12?s=96&d=mm&r=g\",\"caption\":\"Leonardo Ribeiro\"},\"sameAs\":[\"http:\/\/www.polisrecreio.com.br\"]}]}<\/script>\n<!-- \/ Yoast SEO plugin. -->","_links":{"self":[{"href":"https:\/\/www.polisrecreio.com.br\/site\/wp-json\/wp\/v2\/posts\/4008"}],"collection":[{"href":"https:\/\/www.polisrecreio.com.br\/site\/wp-json\/wp\/v2\/posts"}],"about":[{"href":"https:\/\/www.polisrecreio.com.br\/site\/wp-json\/wp\/v2\/types\/post"}],"author":[{"embeddable":true,"href":"https:\/\/www.polisrecreio.com.br\/site\/wp-json\/wp\/v2\/users\/3"}],"replies":[{"embeddable":true,"href":"https:\/\/www.polisrecreio.com.br\/site\/wp-json\/wp\/v2\/comments?post=4008"}],"version-history":[{"count":4,"href":"https:\/\/www.polisrecreio.com.br\/site\/wp-json\/wp\/v2\/posts\/4008\/revisions"}],"predecessor-version":[{"id":4013,"href":"https:\/\/www.polisrecreio.com.br\/site\/wp-json\/wp\/v2\/posts\/4008\/revisions\/4013"}],"wp:featuredmedia":[{"embeddable":true,"href":"https:\/\/www.polisrecreio.com.br\/site\/wp-json\/wp\/v2\/media\/4009"}],"wp:attachment":[{"href":"https:\/\/www.polisrecreio.com.br\/site\/wp-json\/wp\/v2\/media?parent=4008"}],"wp:term":[{"taxonomy":"category","embeddable":true,"href":"https:\/\/www.polisrecreio.com.br\/site\/wp-json\/wp\/v2\/categories?post=4008"},{"taxonomy":"post_tag","embeddable":true,"href":"https:\/\/www.polisrecreio.com.br\/site\/wp-json\/wp\/v2\/tags?post=4008"}],"curies":[{"name":"wp","href":"https:\/\/api.w.org\/{rel}","templated":true}]}}