{"id":4026,"date":"2017-01-19T11:48:09","date_gmt":"2017-01-19T14:48:09","guid":{"rendered":"http:\/\/www.polisrecreio.com.br\/site\/?p=4026"},"modified":"2017-01-19T13:01:02","modified_gmt":"2017-01-19T16:01:02","slug":"secretaria-rural-criada-pelo-prefeito-ze-maria-ja-atua-em-recreio","status":"publish","type":"post","link":"https:\/\/www.polisrecreio.com.br\/site\/2017\/01\/19\/secretaria-rural-criada-pelo-prefeito-ze-maria-ja-atua-em-recreio\/","title":{"rendered":"Secretaria Rural, criada pelo prefeito Z\u00e9 Maria, j\u00e1 atua em Recreio"},"content":{"rendered":"<p style=\"text-align: justify;\">H\u00e1 anos os produtores rurais e os moradores dos distritos de Concei\u00e7\u00e3o da Boa Vista, Angaturama e do povo do Barreiros, sentiam a necessidade de contar com um \u00f3rg\u00e3o da Prefeitura que atuasse exclusivamente nestas \u00e1reas. Pensando nesta demanda o prefeito Z\u00e9 Maria Barros criou a Secretaria Municipal de Infraestrutura e Desenvolvimento Rural, sob a coordena\u00e7\u00e3o do secret\u00e1rio Juarez Paiva.<\/p>\n<p style=\"text-align: justify;\"><!--more--><\/p>\n<figure id=\"attachment_4027\" aria-describedby=\"caption-attachment-4027\" style=\"width: 750px\" class=\"wp-caption aligncenter\"><a href=\"http:\/\/www.polisrecreio.com.br\/site\/wp-content\/uploads\/2017\/01\/113.jpg\"><img loading=\"lazy\" class=\"size-full wp-image-4027\" src=\"http:\/\/www.polisrecreio.com.br\/site\/wp-content\/uploads\/2017\/01\/113.jpg\" alt=\"Secret\u00e1rio Juarez (ao centro) e funcion\u00e1rios.\" width=\"750\" height=\"563\" srcset=\"https:\/\/www.polisrecreio.com.br\/site\/wp-content\/uploads\/2017\/01\/113.jpg 750w, https:\/\/www.polisrecreio.com.br\/site\/wp-content\/uploads\/2017\/01\/113-300x225.jpg 300w\" sizes=\"(max-width: 750px) 100vw, 750px\" \/><\/a><figcaption id=\"caption-attachment-4027\" class=\"wp-caption-text\">Secret\u00e1rio Juarez (ao centro) e funcion\u00e1rios.<\/figcaption><\/figure>\n<p style=\"text-align: justify;\">A cria\u00e7\u00e3o da nova pasta aconteceu em 11 de janeiro ap\u00f3s o prefeito sancionar a de lei complementar n\u00ba 081\/2017 que alterou a estrutura administrativa do poder executivo municipal. Na mesma data, Z\u00e9 Maria decretou a extin\u00e7\u00e3o da Secretaria Municipal de Governo, por meio do Decreto n\u00ba 006\/2017, conforme divulgado pelo mesmo durante uma coletiva de imprensa e tamb\u00e9m em sua posse.<\/p>\n<p style=\"text-align: justify;\">Segundo o secret\u00e1rio Juarez Paiva, \u201cdurante esta semana m\u00e1quinas e funcion\u00e1rios est\u00e3o atuando na estrada da Serra das Virgens, cortando matos altos, desobstruindo canais de escoamento de \u00e1gua e plainando estradas. Na sequencia os trabalhos ser\u00e3o concentrados nas estradas de acesso aos distritos\u201d, concluiu.<\/p>\n<p style=\"text-align: justify;\">Al\u00e9m de cuidar das estradas vicinais a Secretaria de Infraestrutura Rural estar\u00e1 apoiando os produtores rurais conforme as necessidades de cada propriedade.<\/p>\n<figure id=\"attachment_4028\" aria-describedby=\"caption-attachment-4028\" style=\"width: 750px\" class=\"wp-caption aligncenter\"><a href=\"http:\/\/www.polisrecreio.com.br\/site\/wp-content\/uploads\/2017\/01\/121.jpg\"><img loading=\"lazy\" class=\"wp-image-4028 size-full\" src=\"http:\/\/www.polisrecreio.com.br\/site\/wp-content\/uploads\/2017\/01\/121.jpg\" alt=\"12\" width=\"750\" height=\"563\" srcset=\"https:\/\/www.polisrecreio.com.br\/site\/wp-content\/uploads\/2017\/01\/121.jpg 750w, https:\/\/www.polisrecreio.com.br\/site\/wp-content\/uploads\/2017\/01\/121-300x225.jpg 300w\" sizes=\"(max-width: 750px) 100vw, 750px\" \/><\/a><figcaption id=\"caption-attachment-4028\" class=\"wp-caption-text\">M\u00e1quinas trabalhando.<\/figcaption><\/figure>\n<figure id=\"attachment_4029\" aria-describedby=\"caption-attachment-4029\" style=\"width: 750px\" class=\"wp-caption aligncenter\"><a href=\"http:\/\/www.polisrecreio.com.br\/site\/wp-content\/uploads\/2017\/01\/123.jpg\"><img loading=\"lazy\" class=\"wp-image-4029 size-full\" src=\"http:\/\/www.polisrecreio.com.br\/site\/wp-content\/uploads\/2017\/01\/123.jpg\" alt=\"123\" width=\"750\" height=\"563\" srcset=\"https:\/\/www.polisrecreio.com.br\/site\/wp-content\/uploads\/2017\/01\/123.jpg 750w, https:\/\/www.polisrecreio.com.br\/site\/wp-content\/uploads\/2017\/01\/123-300x225.jpg 300w\" sizes=\"(max-width: 750px) 100vw, 750px\" \/><\/a><figcaption id=\"caption-attachment-4029\" class=\"wp-caption-text\">M\u00e1quina e funcion\u00e1rio na estrada.<\/figcaption><\/figure>\n","protected":false},"excerpt":{"rendered":"<p>H\u00e1 anos os produtores rurais e os moradores dos distritos de Concei\u00e7\u00e3o da Boa Vista, Angaturama e do povo do Barreiros, sentiam a necessidade de contar com um \u00f3rg\u00e3o da Prefeitura que atuasse exclusivamente nestas \u00e1reas. Pensando nesta demanda o prefeito Z\u00e9 Maria Barros criou a Secretaria Municipal de Infraestrutura e Desenvolvimento Rural, sob a [&hellip;]<\/p>\n","protected":false},"author":3,"featured_media":4027,"comment_status":"open","ping_status":"open","sticky":false,"template":"","format":"standard","meta":[],"categories":[12],"tags":[],"yoast_head":"<!-- This site is optimized with the Yoast SEO plugin v15.6.2 - https:\/\/yoast.com\/wordpress\/plugins\/seo\/ -->\n<meta name=\"robots\" content=\"index, follow, max-snippet:-1, max-image-preview:large, max-video-preview:-1\" \/>\n<link rel=\"canonical\" href=\"http:\/\/www.polisrecreio.com.br\/site\/2017\/01\/19\/secretaria-rural-criada-pelo-prefeito-ze-maria-ja-atua-em-recreio\/\" \/>\n<meta property=\"og:locale\" content=\"pt_BR\" \/>\n<meta property=\"og:type\" content=\"article\" \/>\n<meta property=\"og:title\" content=\"Secretaria Rural, criada pelo prefeito Z\u00e9 Maria, j\u00e1 atua em Recreio - P\u00f3lis Recreio\" \/>\n<meta property=\"og:description\" content=\"H\u00e1 anos os produtores rurais e os moradores dos distritos de Concei\u00e7\u00e3o da Boa Vista, Angaturama e do povo do Barreiros, sentiam a necessidade de contar com um \u00f3rg\u00e3o da Prefeitura que atuasse exclusivamente nestas \u00e1reas. Pensando nesta demanda o prefeito Z\u00e9 Maria Barros criou a Secretaria Municipal de Infraestrutura e Desenvolvimento Rural, sob a [&hellip;]\" \/>\n<meta property=\"og:url\" content=\"http:\/\/www.polisrecreio.com.br\/site\/2017\/01\/19\/secretaria-rural-criada-pelo-prefeito-ze-maria-ja-atua-em-recreio\/\" \/>\n<meta property=\"og:site_name\" content=\"P\u00f3lis Recreio\" \/>\n<meta property=\"article:publisher\" content=\"https:\/\/www.facebook.com\/Site-P%c3%b3lis-Recreio-MG-181941708571019\/\" \/>\n<meta property=\"article:published_time\" content=\"2017-01-19T14:48:09+00:00\" \/>\n<meta property=\"article:modified_time\" content=\"2017-01-19T16:01:02+00:00\" \/>\n<meta property=\"og:image\" content=\"https:\/\/www.polisrecreio.com.br\/site\/wp-content\/uploads\/2017\/01\/113.jpg\" \/>\n\t<meta property=\"og:image:width\" content=\"750\" \/>\n\t<meta property=\"og:image:height\" content=\"563\" \/>\n<meta name=\"twitter:card\" content=\"summary_large_image\" \/>\n<meta name=\"twitter:creator\" content=\"@PolisRecreio\" \/>\n<meta name=\"twitter:site\" content=\"@PolisRecreio\" \/>\n<meta name=\"twitter:label1\" content=\"Est. reading time\">\n\t<meta name=\"twitter:data1\" content=\"1 minuto\">\n<script type=\"application\/ld+json\" class=\"yoast-schema-graph\">{\"@context\":\"https:\/\/schema.org\",\"@graph\":[{\"@type\":\"WebSite\",\"@id\":\"https:\/\/www.polisrecreio.com.br\/site\/#website\",\"url\":\"https:\/\/www.polisrecreio.com.br\/site\/\",\"name\":\"P\\u00f3lis Recreio\",\"description\":\"\",\"potentialAction\":[{\"@type\":\"SearchAction\",\"target\":\"https:\/\/www.polisrecreio.com.br\/site\/?s={search_term_string}\",\"query-input\":\"required name=search_term_string\"}],\"inLanguage\":\"pt-BR\"},{\"@type\":\"ImageObject\",\"@id\":\"http:\/\/www.polisrecreio.com.br\/site\/2017\/01\/19\/secretaria-rural-criada-pelo-prefeito-ze-maria-ja-atua-em-recreio\/#primaryimage\",\"inLanguage\":\"pt-BR\",\"url\":\"https:\/\/www.polisrecreio.com.br\/site\/wp-content\/uploads\/2017\/01\/113.jpg\",\"width\":750,\"height\":563,\"caption\":\"Secret\\u00e1rio Juarez (ao centro) e funcion\\u00e1rios.\"},{\"@type\":\"WebPage\",\"@id\":\"http:\/\/www.polisrecreio.com.br\/site\/2017\/01\/19\/secretaria-rural-criada-pelo-prefeito-ze-maria-ja-atua-em-recreio\/#webpage\",\"url\":\"http:\/\/www.polisrecreio.com.br\/site\/2017\/01\/19\/secretaria-rural-criada-pelo-prefeito-ze-maria-ja-atua-em-recreio\/\",\"name\":\"Secretaria Rural, criada pelo prefeito Z\\u00e9 Maria, j\\u00e1 atua em Recreio - P\\u00f3lis Recreio\",\"isPartOf\":{\"@id\":\"https:\/\/www.polisrecreio.com.br\/site\/#website\"},\"primaryImageOfPage\":{\"@id\":\"http:\/\/www.polisrecreio.com.br\/site\/2017\/01\/19\/secretaria-rural-criada-pelo-prefeito-ze-maria-ja-atua-em-recreio\/#primaryimage\"},\"datePublished\":\"2017-01-19T14:48:09+00:00\",\"dateModified\":\"2017-01-19T16:01:02+00:00\",\"author\":{\"@id\":\"https:\/\/www.polisrecreio.com.br\/site\/#\/schema\/person\/3363c1c78e1e28e1329d97adb387638e\"},\"inLanguage\":\"pt-BR\",\"potentialAction\":[{\"@type\":\"ReadAction\",\"target\":[\"http:\/\/www.polisrecreio.com.br\/site\/2017\/01\/19\/secretaria-rural-criada-pelo-prefeito-ze-maria-ja-atua-em-recreio\/\"]}]},{\"@type\":\"Person\",\"@id\":\"https:\/\/www.polisrecreio.com.br\/site\/#\/schema\/person\/3363c1c78e1e28e1329d97adb387638e\",\"name\":\"Leonardo Ribeiro\",\"image\":{\"@type\":\"ImageObject\",\"@id\":\"https:\/\/www.polisrecreio.com.br\/site\/#personlogo\",\"inLanguage\":\"pt-BR\",\"url\":\"https:\/\/secure.gravatar.com\/avatar\/6ba92a37d621e1a83e23710251178a12?s=96&d=mm&r=g\",\"caption\":\"Leonardo Ribeiro\"},\"sameAs\":[\"http:\/\/www.polisrecreio.com.br\"]}]}<\/script>\n<!-- \/ Yoast SEO plugin. -->","_links":{"self":[{"href":"https:\/\/www.polisrecreio.com.br\/site\/wp-json\/wp\/v2\/posts\/4026"}],"collection":[{"href":"https:\/\/www.polisrecreio.com.br\/site\/wp-json\/wp\/v2\/posts"}],"about":[{"href":"https:\/\/www.polisrecreio.com.br\/site\/wp-json\/wp\/v2\/types\/post"}],"author":[{"embeddable":true,"href":"https:\/\/www.polisrecreio.com.br\/site\/wp-json\/wp\/v2\/users\/3"}],"replies":[{"embeddable":true,"href":"https:\/\/www.polisrecreio.com.br\/site\/wp-json\/wp\/v2\/comments?post=4026"}],"version-history":[{"count":3,"href":"https:\/\/www.polisrecreio.com.br\/site\/wp-json\/wp\/v2\/posts\/4026\/revisions"}],"predecessor-version":[{"id":4033,"href":"https:\/\/www.polisrecreio.com.br\/site\/wp-json\/wp\/v2\/posts\/4026\/revisions\/4033"}],"wp:featuredmedia":[{"embeddable":true,"href":"https:\/\/www.polisrecreio.com.br\/site\/wp-json\/wp\/v2\/media\/4027"}],"wp:attachment":[{"href":"https:\/\/www.polisrecreio.com.br\/site\/wp-json\/wp\/v2\/media?parent=4026"}],"wp:term":[{"taxonomy":"category","embeddable":true,"href":"https:\/\/www.polisrecreio.com.br\/site\/wp-json\/wp\/v2\/categories?post=4026"},{"taxonomy":"post_tag","embeddable":true,"href":"https:\/\/www.polisrecreio.com.br\/site\/wp-json\/wp\/v2\/tags?post=4026"}],"curies":[{"name":"wp","href":"https:\/\/api.w.org\/{rel}","templated":true}]}}