{"id":4034,"date":"2017-01-19T17:30:01","date_gmt":"2017-01-19T20:30:01","guid":{"rendered":"http:\/\/www.polisrecreio.com.br\/site\/?p=4034"},"modified":"2017-01-19T17:30:01","modified_gmt":"2017-01-19T20:30:01","slug":"nesta-sexta-feira-acontece-a-tradicional-festa-de-sao-sebastiao-em-recreio","status":"publish","type":"post","link":"https:\/\/www.polisrecreio.com.br\/site\/2017\/01\/19\/nesta-sexta-feira-acontece-a-tradicional-festa-de-sao-sebastiao-em-recreio\/","title":{"rendered":"Nesta sexta-feira acontece a tradicional Festa de S\u00e3o Sebasti\u00e3o em Recreio"},"content":{"rendered":"<p style=\"text-align: justify;\">Nesta sexta-feira (20), acontece em Recreio a tradicional Festa em Honra a\u00a0S\u00e3o Sebasti\u00e3o, realizada h\u00e1 mais de 70 anos. Prociss\u00e3o com cavalos, charretes, carros de boi e etc, missa na Capela do bairro Machados, almo\u00e7o, leil\u00e3o de bezerros e forr\u00f3 com Alexandre.Com, est\u00e3o na programa\u00e7\u00e3o.<\/p>\n<p style=\"text-align: justify;\"><!--more--><\/p>\n<figure id=\"attachment_4038\" aria-describedby=\"caption-attachment-4038\" style=\"width: 750px\" class=\"wp-caption aligncenter\"><a href=\"http:\/\/www.polisrecreio.com.br\/site\/wp-content\/uploads\/2017\/01\/DSCF6162.jpg\"><img loading=\"lazy\" class=\"size-full wp-image-4038\" src=\"http:\/\/www.polisrecreio.com.br\/site\/wp-content\/uploads\/2017\/01\/DSCF6162.jpg\" alt=\"Festa de S\u00e3o Sebasti\u00e3o. Foto: Arquivo.\" width=\"750\" height=\"500\" srcset=\"https:\/\/www.polisrecreio.com.br\/site\/wp-content\/uploads\/2017\/01\/DSCF6162.jpg 750w, https:\/\/www.polisrecreio.com.br\/site\/wp-content\/uploads\/2017\/01\/DSCF6162-300x200.jpg 300w\" sizes=\"(max-width: 750px) 100vw, 750px\" \/><\/a><figcaption id=\"caption-attachment-4038\" class=\"wp-caption-text\">Festa de S\u00e3o Sebasti\u00e3o. Foto: Arquivo.<\/figcaption><\/figure>\n<p style=\"text-align: justify;\">A Festa \u00e9 uma das grandes comemora\u00e7\u00f5es do Munic\u00edpio envolvendo tradi\u00e7\u00e3o e f\u00e9. A prociss\u00e3o est\u00e1 marcada para iniciar as 9:30h com in\u00edcio na Par\u00f3quia Jesus Menino Deus. Ap\u00f3s a chegada da prociss\u00e3o na Capela de S\u00e3o Sebasti\u00e3o, no bairro Machados, haver\u00e1 missa com Pe. Edison Campos. Na sequencia estar\u00e1 sendo servido almo\u00e7o ao som de Alexandre.Com. Durante a tarde ter\u00e1 leil\u00e3o de bezerros.<\/p>\n<p style=\"text-align: justify;\">Os festejos de S\u00e3o Sebasti\u00e3o acontecem em Recreio h\u00e1 mais de 70 anos, segundo informa\u00e7\u00f5es transmitidas oralmente.<\/p>\n<figure id=\"attachment_4037\" aria-describedby=\"caption-attachment-4037\" style=\"width: 750px\" class=\"wp-caption aligncenter\"><a href=\"http:\/\/www.polisrecreio.com.br\/site\/wp-content\/uploads\/2017\/01\/DSCF6159.jpg\"><img loading=\"lazy\" class=\"wp-image-4037 size-full\" src=\"http:\/\/www.polisrecreio.com.br\/site\/wp-content\/uploads\/2017\/01\/DSCF6159.jpg\" alt=\"DSCF6159\" width=\"750\" height=\"500\" srcset=\"https:\/\/www.polisrecreio.com.br\/site\/wp-content\/uploads\/2017\/01\/DSCF6159.jpg 750w, https:\/\/www.polisrecreio.com.br\/site\/wp-content\/uploads\/2017\/01\/DSCF6159-300x200.jpg 300w\" sizes=\"(max-width: 750px) 100vw, 750px\" \/><\/a><figcaption id=\"caption-attachment-4037\" class=\"wp-caption-text\">Carros de Boi na Festa de S\u00e3o Sebasti\u00e3o. Foto: Arquivo.<\/figcaption><\/figure>\n<figure id=\"attachment_4036\" aria-describedby=\"caption-attachment-4036\" style=\"width: 750px\" class=\"wp-caption aligncenter\"><a href=\"http:\/\/www.polisrecreio.com.br\/site\/wp-content\/uploads\/2017\/01\/DSCF6157.jpg\"><img loading=\"lazy\" class=\"wp-image-4036 size-full\" src=\"http:\/\/www.polisrecreio.com.br\/site\/wp-content\/uploads\/2017\/01\/DSCF6157.jpg\" alt=\"DSCF6157\" width=\"750\" height=\"500\" srcset=\"https:\/\/www.polisrecreio.com.br\/site\/wp-content\/uploads\/2017\/01\/DSCF6157.jpg 750w, https:\/\/www.polisrecreio.com.br\/site\/wp-content\/uploads\/2017\/01\/DSCF6157-300x200.jpg 300w\" sizes=\"(max-width: 750px) 100vw, 750px\" \/><\/a><figcaption id=\"caption-attachment-4036\" class=\"wp-caption-text\">Cavalos na Festa de S\u00e3o Sebasti\u00e3o. Foto: Arquivo.<\/figcaption><\/figure>\n<figure id=\"attachment_4035\" aria-describedby=\"caption-attachment-4035\" style=\"width: 750px\" class=\"wp-caption aligncenter\"><a href=\"http:\/\/www.polisrecreio.com.br\/site\/wp-content\/uploads\/2017\/01\/DSCF6154.jpg\"><img loading=\"lazy\" class=\"wp-image-4035 size-full\" src=\"http:\/\/www.polisrecreio.com.br\/site\/wp-content\/uploads\/2017\/01\/DSCF6154.jpg\" alt=\"DSCF6154\" width=\"750\" height=\"500\" srcset=\"https:\/\/www.polisrecreio.com.br\/site\/wp-content\/uploads\/2017\/01\/DSCF6154.jpg 750w, https:\/\/www.polisrecreio.com.br\/site\/wp-content\/uploads\/2017\/01\/DSCF6154-300x200.jpg 300w\" sizes=\"(max-width: 750px) 100vw, 750px\" \/><\/a><figcaption id=\"caption-attachment-4035\" class=\"wp-caption-text\">Festa de S\u00e3o Sebasti\u00e3o. Foto: Arquivo.<\/figcaption><\/figure>\n","protected":false},"excerpt":{"rendered":"<p>Nesta sexta-feira (20), acontece em Recreio a tradicional Festa em Honra a\u00a0S\u00e3o Sebasti\u00e3o, realizada h\u00e1 mais de 70 anos. Prociss\u00e3o com cavalos, charretes, carros de boi e etc, missa na Capela do bairro Machados, almo\u00e7o, leil\u00e3o de bezerros e forr\u00f3 com Alexandre.Com, est\u00e3o na programa\u00e7\u00e3o.<\/p>\n","protected":false},"author":3,"featured_media":4038,"comment_status":"open","ping_status":"open","sticky":false,"template":"","format":"standard","meta":[],"categories":[2],"tags":[],"yoast_head":"<!-- This site is optimized with the Yoast SEO plugin v15.6.2 - https:\/\/yoast.com\/wordpress\/plugins\/seo\/ -->\n<meta name=\"robots\" content=\"index, follow, max-snippet:-1, max-image-preview:large, max-video-preview:-1\" \/>\n<link rel=\"canonical\" href=\"http:\/\/www.polisrecreio.com.br\/site\/2017\/01\/19\/nesta-sexta-feira-acontece-a-tradicional-festa-de-sao-sebastiao-em-recreio\/\" \/>\n<meta property=\"og:locale\" content=\"pt_BR\" \/>\n<meta property=\"og:type\" content=\"article\" \/>\n<meta property=\"og:title\" content=\"Nesta sexta-feira acontece a tradicional Festa de S\u00e3o Sebasti\u00e3o em Recreio - P\u00f3lis Recreio\" \/>\n<meta property=\"og:description\" content=\"Nesta sexta-feira (20), acontece em Recreio a tradicional Festa em Honra a\u00a0S\u00e3o Sebasti\u00e3o, realizada h\u00e1 mais de 70 anos. Prociss\u00e3o com cavalos, charretes, carros de boi e etc, missa na Capela do bairro Machados, almo\u00e7o, leil\u00e3o de bezerros e forr\u00f3 com Alexandre.Com, est\u00e3o na programa\u00e7\u00e3o.\" \/>\n<meta property=\"og:url\" content=\"http:\/\/www.polisrecreio.com.br\/site\/2017\/01\/19\/nesta-sexta-feira-acontece-a-tradicional-festa-de-sao-sebastiao-em-recreio\/\" \/>\n<meta property=\"og:site_name\" content=\"P\u00f3lis Recreio\" \/>\n<meta property=\"article:publisher\" content=\"https:\/\/www.facebook.com\/Site-P%c3%b3lis-Recreio-MG-181941708571019\/\" \/>\n<meta property=\"article:published_time\" content=\"2017-01-19T20:30:01+00:00\" \/>\n<meta property=\"og:image\" content=\"https:\/\/www.polisrecreio.com.br\/site\/wp-content\/uploads\/2017\/01\/DSCF6162.jpg\" \/>\n\t<meta property=\"og:image:width\" content=\"750\" \/>\n\t<meta property=\"og:image:height\" content=\"500\" \/>\n<meta name=\"twitter:card\" content=\"summary_large_image\" \/>\n<meta name=\"twitter:creator\" content=\"@PolisRecreio\" \/>\n<meta name=\"twitter:site\" content=\"@PolisRecreio\" \/>\n<meta name=\"twitter:label1\" content=\"Est. reading time\">\n\t<meta name=\"twitter:data1\" content=\"1 minuto\">\n<script type=\"application\/ld+json\" class=\"yoast-schema-graph\">{\"@context\":\"https:\/\/schema.org\",\"@graph\":[{\"@type\":\"WebSite\",\"@id\":\"https:\/\/www.polisrecreio.com.br\/site\/#website\",\"url\":\"https:\/\/www.polisrecreio.com.br\/site\/\",\"name\":\"P\\u00f3lis Recreio\",\"description\":\"\",\"potentialAction\":[{\"@type\":\"SearchAction\",\"target\":\"https:\/\/www.polisrecreio.com.br\/site\/?s={search_term_string}\",\"query-input\":\"required name=search_term_string\"}],\"inLanguage\":\"pt-BR\"},{\"@type\":\"ImageObject\",\"@id\":\"http:\/\/www.polisrecreio.com.br\/site\/2017\/01\/19\/nesta-sexta-feira-acontece-a-tradicional-festa-de-sao-sebastiao-em-recreio\/#primaryimage\",\"inLanguage\":\"pt-BR\",\"url\":\"https:\/\/www.polisrecreio.com.br\/site\/wp-content\/uploads\/2017\/01\/DSCF6162.jpg\",\"width\":750,\"height\":500,\"caption\":\"Festa de S\\u00e3o Sebasti\\u00e3o. Foto: Arquivo.\"},{\"@type\":\"WebPage\",\"@id\":\"http:\/\/www.polisrecreio.com.br\/site\/2017\/01\/19\/nesta-sexta-feira-acontece-a-tradicional-festa-de-sao-sebastiao-em-recreio\/#webpage\",\"url\":\"http:\/\/www.polisrecreio.com.br\/site\/2017\/01\/19\/nesta-sexta-feira-acontece-a-tradicional-festa-de-sao-sebastiao-em-recreio\/\",\"name\":\"Nesta sexta-feira acontece a tradicional Festa de S\\u00e3o Sebasti\\u00e3o em Recreio - P\\u00f3lis Recreio\",\"isPartOf\":{\"@id\":\"https:\/\/www.polisrecreio.com.br\/site\/#website\"},\"primaryImageOfPage\":{\"@id\":\"http:\/\/www.polisrecreio.com.br\/site\/2017\/01\/19\/nesta-sexta-feira-acontece-a-tradicional-festa-de-sao-sebastiao-em-recreio\/#primaryimage\"},\"datePublished\":\"2017-01-19T20:30:01+00:00\",\"dateModified\":\"2017-01-19T20:30:01+00:00\",\"author\":{\"@id\":\"https:\/\/www.polisrecreio.com.br\/site\/#\/schema\/person\/3363c1c78e1e28e1329d97adb387638e\"},\"inLanguage\":\"pt-BR\",\"potentialAction\":[{\"@type\":\"ReadAction\",\"target\":[\"http:\/\/www.polisrecreio.com.br\/site\/2017\/01\/19\/nesta-sexta-feira-acontece-a-tradicional-festa-de-sao-sebastiao-em-recreio\/\"]}]},{\"@type\":\"Person\",\"@id\":\"https:\/\/www.polisrecreio.com.br\/site\/#\/schema\/person\/3363c1c78e1e28e1329d97adb387638e\",\"name\":\"Leonardo Ribeiro\",\"image\":{\"@type\":\"ImageObject\",\"@id\":\"https:\/\/www.polisrecreio.com.br\/site\/#personlogo\",\"inLanguage\":\"pt-BR\",\"url\":\"https:\/\/secure.gravatar.com\/avatar\/6ba92a37d621e1a83e23710251178a12?s=96&d=mm&r=g\",\"caption\":\"Leonardo Ribeiro\"},\"sameAs\":[\"http:\/\/www.polisrecreio.com.br\"]}]}<\/script>\n<!-- \/ Yoast SEO plugin. -->","_links":{"self":[{"href":"https:\/\/www.polisrecreio.com.br\/site\/wp-json\/wp\/v2\/posts\/4034"}],"collection":[{"href":"https:\/\/www.polisrecreio.com.br\/site\/wp-json\/wp\/v2\/posts"}],"about":[{"href":"https:\/\/www.polisrecreio.com.br\/site\/wp-json\/wp\/v2\/types\/post"}],"author":[{"embeddable":true,"href":"https:\/\/www.polisrecreio.com.br\/site\/wp-json\/wp\/v2\/users\/3"}],"replies":[{"embeddable":true,"href":"https:\/\/www.polisrecreio.com.br\/site\/wp-json\/wp\/v2\/comments?post=4034"}],"version-history":[{"count":1,"href":"https:\/\/www.polisrecreio.com.br\/site\/wp-json\/wp\/v2\/posts\/4034\/revisions"}],"predecessor-version":[{"id":4039,"href":"https:\/\/www.polisrecreio.com.br\/site\/wp-json\/wp\/v2\/posts\/4034\/revisions\/4039"}],"wp:featuredmedia":[{"embeddable":true,"href":"https:\/\/www.polisrecreio.com.br\/site\/wp-json\/wp\/v2\/media\/4038"}],"wp:attachment":[{"href":"https:\/\/www.polisrecreio.com.br\/site\/wp-json\/wp\/v2\/media?parent=4034"}],"wp:term":[{"taxonomy":"category","embeddable":true,"href":"https:\/\/www.polisrecreio.com.br\/site\/wp-json\/wp\/v2\/categories?post=4034"},{"taxonomy":"post_tag","embeddable":true,"href":"https:\/\/www.polisrecreio.com.br\/site\/wp-json\/wp\/v2\/tags?post=4034"}],"curies":[{"name":"wp","href":"https:\/\/api.w.org\/{rel}","templated":true}]}}