{"id":4040,"date":"2017-01-20T16:16:43","date_gmt":"2017-01-20T19:16:43","guid":{"rendered":"http:\/\/www.polisrecreio.com.br\/site\/?p=4040"},"modified":"2017-01-20T16:17:41","modified_gmt":"2017-01-20T19:17:41","slug":"pracas-de-recreio-e-distritos-voltam-a-ter-internet-gratuita","status":"publish","type":"post","link":"https:\/\/www.polisrecreio.com.br\/site\/2017\/01\/20\/pracas-de-recreio-e-distritos-voltam-a-ter-internet-gratuita\/","title":{"rendered":"Pra\u00e7as de Recreio e distritos voltam a ter internet gratuita"},"content":{"rendered":"<p style=\"text-align: justify;\">As pra\u00e7as de Recreio, dos distritos de Angaturama, Concei\u00e7\u00e3o da Boa Vista e do povoado do Barreiros, voltaram a ter internet gratuita por meio de incentivo da Prefeitura Municipal. O projeto criado em 2014 havia sido extinto em outubro de 2016 depois que o ex-prefeito \u00d4nio Fialho perdeu as elei\u00e7\u00f5es.<\/p>\n<p style=\"text-align: justify;\"><!--more--><\/p>\n<p style=\"text-align: justify;\"><a href=\"http:\/\/www.polisrecreio.com.br\/site\/wp-content\/uploads\/2017\/01\/smarthphone-photo.jpg\"><img loading=\"lazy\" class=\"aligncenter size-full wp-image-4041\" src=\"http:\/\/www.polisrecreio.com.br\/site\/wp-content\/uploads\/2017\/01\/smarthphone-photo.jpg\" alt=\"smarthphone-photo\" width=\"750\" height=\"385\" srcset=\"https:\/\/www.polisrecreio.com.br\/site\/wp-content\/uploads\/2017\/01\/smarthphone-photo.jpg 750w, https:\/\/www.polisrecreio.com.br\/site\/wp-content\/uploads\/2017\/01\/smarthphone-photo-300x154.jpg 300w\" sizes=\"(max-width: 750px) 100vw, 750px\" \/><\/a><\/p>\n<p style=\"text-align: justify;\">Confira a lista das pra\u00e7as com acesso livre a rede mundial dos computadores: Pra\u00e7a dos Ferrovi\u00e1rios, Largo Santo Ant\u00f4nio, Pra\u00e7a Am\u00e9rico Sim\u00e3o, Terminal Rodovi\u00e1rio, Pra\u00e7a da Grotinha, Academia da Cohab Dr. Iraj\u00e1 Jos\u00e9 Fernandes e nas pra\u00e7as de Angaturama, Concei\u00e7\u00e3o da Boa Vista e Barreiros.<\/p>\n<p>O fim do projeto em outubro de 2016 foi justificado pelo ex-prefeito \u00d4nio como uma atitude de conten\u00e7\u00e3o de despesas.<\/p>\n","protected":false},"excerpt":{"rendered":"<p>As pra\u00e7as de Recreio, dos distritos de Angaturama, Concei\u00e7\u00e3o da Boa Vista e do povoado do Barreiros, voltaram a ter internet gratuita por meio de incentivo da Prefeitura Municipal. O projeto criado em 2014 havia sido extinto em outubro de 2016 depois que o ex-prefeito \u00d4nio Fialho perdeu as elei\u00e7\u00f5es.<\/p>\n","protected":false},"author":3,"featured_media":4041,"comment_status":"open","ping_status":"open","sticky":false,"template":"","format":"standard","meta":[],"categories":[6],"tags":[],"yoast_head":"<!-- This site is optimized with the Yoast SEO plugin v15.6.2 - https:\/\/yoast.com\/wordpress\/plugins\/seo\/ -->\n<meta name=\"robots\" content=\"index, follow, max-snippet:-1, max-image-preview:large, max-video-preview:-1\" \/>\n<link rel=\"canonical\" href=\"https:\/\/www.polisrecreio.com.br\/site\/2017\/01\/20\/pracas-de-recreio-e-distritos-voltam-a-ter-internet-gratuita\/\" \/>\n<meta property=\"og:locale\" content=\"pt_BR\" \/>\n<meta property=\"og:type\" content=\"article\" \/>\n<meta property=\"og:title\" content=\"Pra\u00e7as de Recreio e distritos voltam a ter internet gratuita - P\u00f3lis Recreio\" \/>\n<meta property=\"og:description\" content=\"As pra\u00e7as de Recreio, dos distritos de Angaturama, Concei\u00e7\u00e3o da Boa Vista e do povoado do Barreiros, voltaram a ter internet gratuita por meio de incentivo da Prefeitura Municipal. O projeto criado em 2014 havia sido extinto em outubro de 2016 depois que o ex-prefeito \u00d4nio Fialho perdeu as elei\u00e7\u00f5es.\" \/>\n<meta property=\"og:url\" content=\"https:\/\/www.polisrecreio.com.br\/site\/2017\/01\/20\/pracas-de-recreio-e-distritos-voltam-a-ter-internet-gratuita\/\" \/>\n<meta property=\"og:site_name\" content=\"P\u00f3lis Recreio\" \/>\n<meta property=\"article:publisher\" content=\"https:\/\/www.facebook.com\/Site-P%c3%b3lis-Recreio-MG-181941708571019\/\" \/>\n<meta property=\"article:published_time\" content=\"2017-01-20T19:16:43+00:00\" \/>\n<meta property=\"article:modified_time\" content=\"2017-01-20T19:17:41+00:00\" \/>\n<meta property=\"og:image\" content=\"https:\/\/www.polisrecreio.com.br\/site\/wp-content\/uploads\/2017\/01\/smarthphone-photo.jpg\" \/>\n\t<meta property=\"og:image:width\" content=\"750\" \/>\n\t<meta property=\"og:image:height\" content=\"385\" \/>\n<meta name=\"twitter:card\" content=\"summary_large_image\" \/>\n<meta name=\"twitter:creator\" content=\"@PolisRecreio\" \/>\n<meta name=\"twitter:site\" content=\"@PolisRecreio\" \/>\n<meta name=\"twitter:label1\" content=\"Est. reading time\">\n\t<meta name=\"twitter:data1\" content=\"1 minuto\">\n<script type=\"application\/ld+json\" class=\"yoast-schema-graph\">{\"@context\":\"https:\/\/schema.org\",\"@graph\":[{\"@type\":\"WebSite\",\"@id\":\"https:\/\/www.polisrecreio.com.br\/site\/#website\",\"url\":\"https:\/\/www.polisrecreio.com.br\/site\/\",\"name\":\"P\\u00f3lis Recreio\",\"description\":\"\",\"potentialAction\":[{\"@type\":\"SearchAction\",\"target\":\"https:\/\/www.polisrecreio.com.br\/site\/?s={search_term_string}\",\"query-input\":\"required name=search_term_string\"}],\"inLanguage\":\"pt-BR\"},{\"@type\":\"ImageObject\",\"@id\":\"https:\/\/www.polisrecreio.com.br\/site\/2017\/01\/20\/pracas-de-recreio-e-distritos-voltam-a-ter-internet-gratuita\/#primaryimage\",\"inLanguage\":\"pt-BR\",\"url\":\"https:\/\/www.polisrecreio.com.br\/site\/wp-content\/uploads\/2017\/01\/smarthphone-photo.jpg\",\"width\":750,\"height\":385},{\"@type\":\"WebPage\",\"@id\":\"https:\/\/www.polisrecreio.com.br\/site\/2017\/01\/20\/pracas-de-recreio-e-distritos-voltam-a-ter-internet-gratuita\/#webpage\",\"url\":\"https:\/\/www.polisrecreio.com.br\/site\/2017\/01\/20\/pracas-de-recreio-e-distritos-voltam-a-ter-internet-gratuita\/\",\"name\":\"Pra\\u00e7as de Recreio e distritos voltam a ter internet gratuita - P\\u00f3lis Recreio\",\"isPartOf\":{\"@id\":\"https:\/\/www.polisrecreio.com.br\/site\/#website\"},\"primaryImageOfPage\":{\"@id\":\"https:\/\/www.polisrecreio.com.br\/site\/2017\/01\/20\/pracas-de-recreio-e-distritos-voltam-a-ter-internet-gratuita\/#primaryimage\"},\"datePublished\":\"2017-01-20T19:16:43+00:00\",\"dateModified\":\"2017-01-20T19:17:41+00:00\",\"author\":{\"@id\":\"https:\/\/www.polisrecreio.com.br\/site\/#\/schema\/person\/3363c1c78e1e28e1329d97adb387638e\"},\"inLanguage\":\"pt-BR\",\"potentialAction\":[{\"@type\":\"ReadAction\",\"target\":[\"https:\/\/www.polisrecreio.com.br\/site\/2017\/01\/20\/pracas-de-recreio-e-distritos-voltam-a-ter-internet-gratuita\/\"]}]},{\"@type\":\"Person\",\"@id\":\"https:\/\/www.polisrecreio.com.br\/site\/#\/schema\/person\/3363c1c78e1e28e1329d97adb387638e\",\"name\":\"Leonardo Ribeiro\",\"image\":{\"@type\":\"ImageObject\",\"@id\":\"https:\/\/www.polisrecreio.com.br\/site\/#personlogo\",\"inLanguage\":\"pt-BR\",\"url\":\"https:\/\/secure.gravatar.com\/avatar\/6ba92a37d621e1a83e23710251178a12?s=96&d=mm&r=g\",\"caption\":\"Leonardo Ribeiro\"},\"sameAs\":[\"http:\/\/www.polisrecreio.com.br\"]}]}<\/script>\n<!-- \/ Yoast SEO plugin. -->","_links":{"self":[{"href":"https:\/\/www.polisrecreio.com.br\/site\/wp-json\/wp\/v2\/posts\/4040"}],"collection":[{"href":"https:\/\/www.polisrecreio.com.br\/site\/wp-json\/wp\/v2\/posts"}],"about":[{"href":"https:\/\/www.polisrecreio.com.br\/site\/wp-json\/wp\/v2\/types\/post"}],"author":[{"embeddable":true,"href":"https:\/\/www.polisrecreio.com.br\/site\/wp-json\/wp\/v2\/users\/3"}],"replies":[{"embeddable":true,"href":"https:\/\/www.polisrecreio.com.br\/site\/wp-json\/wp\/v2\/comments?post=4040"}],"version-history":[{"count":2,"href":"https:\/\/www.polisrecreio.com.br\/site\/wp-json\/wp\/v2\/posts\/4040\/revisions"}],"predecessor-version":[{"id":4043,"href":"https:\/\/www.polisrecreio.com.br\/site\/wp-json\/wp\/v2\/posts\/4040\/revisions\/4043"}],"wp:featuredmedia":[{"embeddable":true,"href":"https:\/\/www.polisrecreio.com.br\/site\/wp-json\/wp\/v2\/media\/4041"}],"wp:attachment":[{"href":"https:\/\/www.polisrecreio.com.br\/site\/wp-json\/wp\/v2\/media?parent=4040"}],"wp:term":[{"taxonomy":"category","embeddable":true,"href":"https:\/\/www.polisrecreio.com.br\/site\/wp-json\/wp\/v2\/categories?post=4040"},{"taxonomy":"post_tag","embeddable":true,"href":"https:\/\/www.polisrecreio.com.br\/site\/wp-json\/wp\/v2\/tags?post=4040"}],"curies":[{"name":"wp","href":"https:\/\/api.w.org\/{rel}","templated":true}]}}