{"id":4044,"date":"2017-01-21T07:55:01","date_gmt":"2017-01-21T10:55:01","guid":{"rendered":"http:\/\/www.polisrecreio.com.br\/site\/?p=4044"},"modified":"2017-01-21T07:55:01","modified_gmt":"2017-01-21T10:55:01","slug":"tradicao-e-fe-se-uniram-em-uma-so-frase-viva-sao-sebastiao","status":"publish","type":"post","link":"https:\/\/www.polisrecreio.com.br\/site\/2017\/01\/21\/tradicao-e-fe-se-uniram-em-uma-so-frase-viva-sao-sebastiao\/","title":{"rendered":"Tradi\u00e7\u00e3o e f\u00e9 se uniram em uma s\u00f3 frase: \u201cViva S\u00e3o Sebasti\u00e3o!\u201d"},"content":{"rendered":"<p style=\"text-align: justify;\">Por mais um ano tradi\u00e7\u00e3o e f\u00e9 se uniram em uma s\u00f3 frase em Recreio: \u201cViva S\u00e3o Sebasti\u00e3o!\u201d Assim disse Pe. Edison Campos ao aben\u00e7oar os participantes da prociss\u00e3o na chegada a Capela de S\u00e3o Sebasti\u00e3o, no bairro Machados.<\/p>\n<p style=\"text-align: justify;\"><!--more--><\/p>\n<figure id=\"attachment_4045\" aria-describedby=\"caption-attachment-4045\" style=\"width: 750px\" class=\"wp-caption aligncenter\"><a href=\"http:\/\/www.polisrecreio.com.br\/site\/wp-content\/uploads\/2017\/01\/10.jpg\"><img loading=\"lazy\" class=\"size-full wp-image-4045\" src=\"http:\/\/www.polisrecreio.com.br\/site\/wp-content\/uploads\/2017\/01\/10.jpg\" alt=\"Pe. Edison na chegada a Capela de S\u00e3o Sebasti\u00e3o.\" width=\"750\" height=\"563\" srcset=\"https:\/\/www.polisrecreio.com.br\/site\/wp-content\/uploads\/2017\/01\/10.jpg 750w, https:\/\/www.polisrecreio.com.br\/site\/wp-content\/uploads\/2017\/01\/10-300x225.jpg 300w\" sizes=\"(max-width: 750px) 100vw, 750px\" \/><\/a><figcaption id=\"caption-attachment-4045\" class=\"wp-caption-text\">Pe. Edison na chegada a Capela de S\u00e3o Sebasti\u00e3o.<\/figcaption><\/figure>\n<p style=\"text-align: justify;\">O festejo reconhecido por recreienses e visitantes de v\u00e1rias localidades da regi\u00e3o come\u00e7ou com o cortejo na Matriz Jesus Menino Deus e por onde passava impressionava a todos pelo vultoso n\u00famero de participantes com cavalos, charretes e carros de boi. A organiza\u00e7\u00e3o da prociss\u00e3o contou com apoio do Centro Cultural Aristides Dorigo. Ao chegar a Capela do bairro Machados v\u00e1rias pessoas j\u00e1 esperavam e com as b\u00ean\u00e7\u00e3os de Pe. Edison Campos, todos entraram para a celebra\u00e7\u00e3o da missa. Em seguida houve almo\u00e7o, forr\u00f3 com Alexandre.Com e leil\u00e3o de bezerros.<\/p>\n<p style=\"text-align: justify;\">Segundo a tradi\u00e7\u00e3o oral a Festa em Honra a S\u00e3o Sebasti\u00e3o, em Recreio, \u00e9 realizada h\u00e1 mais de 70 anos. O dia 20 de janeiro \u00e9 considerado feriado municipal.<\/p>\n<figure id=\"attachment_4046\" aria-describedby=\"caption-attachment-4046\" style=\"width: 750px\" class=\"wp-caption aligncenter\"><a href=\"http:\/\/www.polisrecreio.com.br\/site\/wp-content\/uploads\/2017\/01\/114.jpg\"><img loading=\"lazy\" class=\"wp-image-4046 size-full\" src=\"http:\/\/www.polisrecreio.com.br\/site\/wp-content\/uploads\/2017\/01\/114.jpg\" alt=\"1\" width=\"750\" height=\"563\" srcset=\"https:\/\/www.polisrecreio.com.br\/site\/wp-content\/uploads\/2017\/01\/114.jpg 750w, https:\/\/www.polisrecreio.com.br\/site\/wp-content\/uploads\/2017\/01\/114-300x225.jpg 300w\" sizes=\"(max-width: 750px) 100vw, 750px\" \/><\/a><figcaption id=\"caption-attachment-4046\" class=\"wp-caption-text\">Carreiros na prociss\u00e3o.<\/figcaption><\/figure>\n<figure id=\"attachment_4047\" aria-describedby=\"caption-attachment-4047\" style=\"width: 750px\" class=\"wp-caption aligncenter\"><a href=\"http:\/\/www.polisrecreio.com.br\/site\/wp-content\/uploads\/2017\/01\/28.jpg\"><img loading=\"lazy\" class=\"wp-image-4047 size-full\" src=\"http:\/\/www.polisrecreio.com.br\/site\/wp-content\/uploads\/2017\/01\/28.jpg\" alt=\"2\" width=\"750\" height=\"563\" srcset=\"https:\/\/www.polisrecreio.com.br\/site\/wp-content\/uploads\/2017\/01\/28.jpg 750w, https:\/\/www.polisrecreio.com.br\/site\/wp-content\/uploads\/2017\/01\/28-300x225.jpg 300w\" sizes=\"(max-width: 750px) 100vw, 750px\" \/><\/a><figcaption id=\"caption-attachment-4047\" class=\"wp-caption-text\">Cavaleiros com bandeiras.<\/figcaption><\/figure>\n<figure id=\"attachment_4048\" aria-describedby=\"caption-attachment-4048\" style=\"width: 750px\" class=\"wp-caption aligncenter\"><a href=\"http:\/\/www.polisrecreio.com.br\/site\/wp-content\/uploads\/2017\/01\/37.jpg\"><img loading=\"lazy\" class=\"wp-image-4048 size-full\" src=\"http:\/\/www.polisrecreio.com.br\/site\/wp-content\/uploads\/2017\/01\/37.jpg\" alt=\"3\" width=\"750\" height=\"563\" srcset=\"https:\/\/www.polisrecreio.com.br\/site\/wp-content\/uploads\/2017\/01\/37.jpg 750w, https:\/\/www.polisrecreio.com.br\/site\/wp-content\/uploads\/2017\/01\/37-300x225.jpg 300w\" sizes=\"(max-width: 750px) 100vw, 750px\" \/><\/a><figcaption id=\"caption-attachment-4048\" class=\"wp-caption-text\">Gestora do Centro Cultural, Daniela, com Pe. Edison, e amigas.<\/figcaption><\/figure>\n<figure id=\"attachment_4049\" aria-describedby=\"caption-attachment-4049\" style=\"width: 750px\" class=\"wp-caption aligncenter\"><a href=\"http:\/\/www.polisrecreio.com.br\/site\/wp-content\/uploads\/2017\/01\/44.jpg\"><img loading=\"lazy\" class=\"wp-image-4049 size-full\" src=\"http:\/\/www.polisrecreio.com.br\/site\/wp-content\/uploads\/2017\/01\/44.jpg\" alt=\"4\" width=\"750\" height=\"563\" srcset=\"https:\/\/www.polisrecreio.com.br\/site\/wp-content\/uploads\/2017\/01\/44.jpg 750w, https:\/\/www.polisrecreio.com.br\/site\/wp-content\/uploads\/2017\/01\/44-300x225.jpg 300w\" sizes=\"(max-width: 750px) 100vw, 750px\" \/><\/a><figcaption id=\"caption-attachment-4049\" class=\"wp-caption-text\">S\u00e3o Sebasti\u00e3o em dire\u00e7\u00e3o a Capela.<\/figcaption><\/figure>\n<figure id=\"attachment_4050\" aria-describedby=\"caption-attachment-4050\" style=\"width: 750px\" class=\"wp-caption aligncenter\"><a href=\"http:\/\/www.polisrecreio.com.br\/site\/wp-content\/uploads\/2017\/01\/54.jpg\"><img loading=\"lazy\" class=\"wp-image-4050 size-full\" src=\"http:\/\/www.polisrecreio.com.br\/site\/wp-content\/uploads\/2017\/01\/54.jpg\" alt=\"5\" width=\"750\" height=\"563\" srcset=\"https:\/\/www.polisrecreio.com.br\/site\/wp-content\/uploads\/2017\/01\/54.jpg 750w, https:\/\/www.polisrecreio.com.br\/site\/wp-content\/uploads\/2017\/01\/54-300x225.jpg 300w\" sizes=\"(max-width: 750px) 100vw, 750px\" \/><\/a><figcaption id=\"caption-attachment-4050\" class=\"wp-caption-text\">Prociss\u00e3o chegando a Capela.<\/figcaption><\/figure>\n<figure id=\"attachment_4051\" aria-describedby=\"caption-attachment-4051\" style=\"width: 750px\" class=\"wp-caption aligncenter\"><a href=\"http:\/\/www.polisrecreio.com.br\/site\/wp-content\/uploads\/2017\/01\/63.jpg\"><img loading=\"lazy\" class=\"wp-image-4051 size-full\" src=\"http:\/\/www.polisrecreio.com.br\/site\/wp-content\/uploads\/2017\/01\/63.jpg\" alt=\"6\" width=\"750\" height=\"563\" srcset=\"https:\/\/www.polisrecreio.com.br\/site\/wp-content\/uploads\/2017\/01\/63.jpg 750w, https:\/\/www.polisrecreio.com.br\/site\/wp-content\/uploads\/2017\/01\/63-300x225.jpg 300w\" sizes=\"(max-width: 750px) 100vw, 750px\" \/><\/a><figcaption id=\"caption-attachment-4051\" class=\"wp-caption-text\">Cavalos chegando a Capela.<\/figcaption><\/figure>\n<figure id=\"attachment_4052\" aria-describedby=\"caption-attachment-4052\" style=\"width: 750px\" class=\"wp-caption aligncenter\"><a href=\"http:\/\/www.polisrecreio.com.br\/site\/wp-content\/uploads\/2017\/01\/72.jpg\"><img loading=\"lazy\" class=\"wp-image-4052 size-full\" src=\"http:\/\/www.polisrecreio.com.br\/site\/wp-content\/uploads\/2017\/01\/72.jpg\" alt=\"7\" width=\"750\" height=\"563\" srcset=\"https:\/\/www.polisrecreio.com.br\/site\/wp-content\/uploads\/2017\/01\/72.jpg 750w, https:\/\/www.polisrecreio.com.br\/site\/wp-content\/uploads\/2017\/01\/72-300x225.jpg 300w\" sizes=\"(max-width: 750px) 100vw, 750px\" \/><\/a><figcaption id=\"caption-attachment-4052\" class=\"wp-caption-text\">S\u00e3o Sebasti\u00e3o e a Capela ao fundo.<\/figcaption><\/figure>\n<figure id=\"attachment_4053\" aria-describedby=\"caption-attachment-4053\" style=\"width: 750px\" class=\"wp-caption aligncenter\"><a href=\"http:\/\/www.polisrecreio.com.br\/site\/wp-content\/uploads\/2017\/01\/81.jpg\"><img loading=\"lazy\" class=\"wp-image-4053 size-full\" src=\"http:\/\/www.polisrecreio.com.br\/site\/wp-content\/uploads\/2017\/01\/81.jpg\" alt=\"8\" width=\"750\" height=\"563\" srcset=\"https:\/\/www.polisrecreio.com.br\/site\/wp-content\/uploads\/2017\/01\/81.jpg 750w, https:\/\/www.polisrecreio.com.br\/site\/wp-content\/uploads\/2017\/01\/81-300x225.jpg 300w\" sizes=\"(max-width: 750px) 100vw, 750px\" \/><\/a><figcaption id=\"caption-attachment-4053\" class=\"wp-caption-text\">S\u00f4nia Lara na prociss\u00e3o.<\/figcaption><\/figure>\n<figure id=\"attachment_4054\" aria-describedby=\"caption-attachment-4054\" style=\"width: 750px\" class=\"wp-caption aligncenter\"><a href=\"http:\/\/www.polisrecreio.com.br\/site\/wp-content\/uploads\/2017\/01\/91.jpg\"><img loading=\"lazy\" class=\"wp-image-4054 size-full\" src=\"http:\/\/www.polisrecreio.com.br\/site\/wp-content\/uploads\/2017\/01\/91.jpg\" alt=\"9\" width=\"750\" height=\"563\" srcset=\"https:\/\/www.polisrecreio.com.br\/site\/wp-content\/uploads\/2017\/01\/91.jpg 750w, https:\/\/www.polisrecreio.com.br\/site\/wp-content\/uploads\/2017\/01\/91-300x225.jpg 300w\" sizes=\"(max-width: 750px) 100vw, 750px\" \/><\/a><figcaption id=\"caption-attachment-4054\" class=\"wp-caption-text\">Carros de boi chegando a Capela.<\/figcaption><\/figure>\n<figure id=\"attachment_4055\" aria-describedby=\"caption-attachment-4055\" style=\"width: 750px\" class=\"wp-caption aligncenter\"><a href=\"http:\/\/www.polisrecreio.com.br\/site\/wp-content\/uploads\/2017\/01\/115.jpg\"><img loading=\"lazy\" class=\"wp-image-4055 size-full\" src=\"http:\/\/www.polisrecreio.com.br\/site\/wp-content\/uploads\/2017\/01\/115.jpg\" alt=\"11\" width=\"750\" height=\"563\" srcset=\"https:\/\/www.polisrecreio.com.br\/site\/wp-content\/uploads\/2017\/01\/115.jpg 750w, https:\/\/www.polisrecreio.com.br\/site\/wp-content\/uploads\/2017\/01\/115-300x225.jpg 300w\" sizes=\"(max-width: 750px) 100vw, 750px\" \/><\/a><figcaption id=\"caption-attachment-4055\" class=\"wp-caption-text\">Pe. Edison Campos aben\u00e7oando os carros de boi.<\/figcaption><\/figure>\n","protected":false},"excerpt":{"rendered":"<p>Por mais um ano tradi\u00e7\u00e3o e f\u00e9 se uniram em uma s\u00f3 frase em Recreio: \u201cViva S\u00e3o Sebasti\u00e3o!\u201d Assim disse Pe. Edison Campos ao aben\u00e7oar os participantes da prociss\u00e3o na chegada a Capela de S\u00e3o Sebasti\u00e3o, no bairro Machados.<\/p>\n","protected":false},"author":3,"featured_media":4045,"comment_status":"open","ping_status":"open","sticky":false,"template":"","format":"standard","meta":[],"categories":[2],"tags":[],"yoast_head":"<!-- This site is optimized with the Yoast SEO plugin v15.6.2 - https:\/\/yoast.com\/wordpress\/plugins\/seo\/ -->\n<meta name=\"robots\" content=\"index, follow, max-snippet:-1, max-image-preview:large, max-video-preview:-1\" \/>\n<link rel=\"canonical\" href=\"https:\/\/www.polisrecreio.com.br\/site\/2017\/01\/21\/tradicao-e-fe-se-uniram-em-uma-so-frase-viva-sao-sebastiao\/\" \/>\n<meta property=\"og:locale\" content=\"pt_BR\" \/>\n<meta property=\"og:type\" content=\"article\" \/>\n<meta property=\"og:title\" content=\"Tradi\u00e7\u00e3o e f\u00e9 se uniram em uma s\u00f3 frase: \u201cViva S\u00e3o Sebasti\u00e3o!\u201d - P\u00f3lis Recreio\" \/>\n<meta property=\"og:description\" content=\"Por mais um ano tradi\u00e7\u00e3o e f\u00e9 se uniram em uma s\u00f3 frase em Recreio: \u201cViva S\u00e3o Sebasti\u00e3o!\u201d Assim disse Pe. Edison Campos ao aben\u00e7oar os participantes da prociss\u00e3o na chegada a Capela de S\u00e3o Sebasti\u00e3o, no bairro Machados.\" \/>\n<meta property=\"og:url\" content=\"https:\/\/www.polisrecreio.com.br\/site\/2017\/01\/21\/tradicao-e-fe-se-uniram-em-uma-so-frase-viva-sao-sebastiao\/\" \/>\n<meta property=\"og:site_name\" content=\"P\u00f3lis Recreio\" \/>\n<meta property=\"article:publisher\" content=\"https:\/\/www.facebook.com\/Site-P%c3%b3lis-Recreio-MG-181941708571019\/\" \/>\n<meta property=\"article:published_time\" content=\"2017-01-21T10:55:01+00:00\" \/>\n<meta property=\"og:image\" content=\"https:\/\/www.polisrecreio.com.br\/site\/wp-content\/uploads\/2017\/01\/10.jpg\" \/>\n\t<meta property=\"og:image:width\" content=\"750\" \/>\n\t<meta property=\"og:image:height\" content=\"563\" \/>\n<meta name=\"twitter:card\" content=\"summary_large_image\" \/>\n<meta name=\"twitter:creator\" content=\"@PolisRecreio\" \/>\n<meta name=\"twitter:site\" content=\"@PolisRecreio\" \/>\n<meta name=\"twitter:label1\" content=\"Est. reading time\">\n\t<meta name=\"twitter:data1\" content=\"2 minutos\">\n<script type=\"application\/ld+json\" class=\"yoast-schema-graph\">{\"@context\":\"https:\/\/schema.org\",\"@graph\":[{\"@type\":\"WebSite\",\"@id\":\"https:\/\/www.polisrecreio.com.br\/site\/#website\",\"url\":\"https:\/\/www.polisrecreio.com.br\/site\/\",\"name\":\"P\\u00f3lis Recreio\",\"description\":\"\",\"potentialAction\":[{\"@type\":\"SearchAction\",\"target\":\"https:\/\/www.polisrecreio.com.br\/site\/?s={search_term_string}\",\"query-input\":\"required name=search_term_string\"}],\"inLanguage\":\"pt-BR\"},{\"@type\":\"ImageObject\",\"@id\":\"https:\/\/www.polisrecreio.com.br\/site\/2017\/01\/21\/tradicao-e-fe-se-uniram-em-uma-so-frase-viva-sao-sebastiao\/#primaryimage\",\"inLanguage\":\"pt-BR\",\"url\":\"https:\/\/www.polisrecreio.com.br\/site\/wp-content\/uploads\/2017\/01\/10.jpg\",\"width\":750,\"height\":563,\"caption\":\"Pe. Edison na chegada a Capela de S\\u00e3o Sebasti\\u00e3o.\"},{\"@type\":\"WebPage\",\"@id\":\"https:\/\/www.polisrecreio.com.br\/site\/2017\/01\/21\/tradicao-e-fe-se-uniram-em-uma-so-frase-viva-sao-sebastiao\/#webpage\",\"url\":\"https:\/\/www.polisrecreio.com.br\/site\/2017\/01\/21\/tradicao-e-fe-se-uniram-em-uma-so-frase-viva-sao-sebastiao\/\",\"name\":\"Tradi\\u00e7\\u00e3o e f\\u00e9 se uniram em uma s\\u00f3 frase: \\u201cViva S\\u00e3o Sebasti\\u00e3o!\\u201d - P\\u00f3lis Recreio\",\"isPartOf\":{\"@id\":\"https:\/\/www.polisrecreio.com.br\/site\/#website\"},\"primaryImageOfPage\":{\"@id\":\"https:\/\/www.polisrecreio.com.br\/site\/2017\/01\/21\/tradicao-e-fe-se-uniram-em-uma-so-frase-viva-sao-sebastiao\/#primaryimage\"},\"datePublished\":\"2017-01-21T10:55:01+00:00\",\"dateModified\":\"2017-01-21T10:55:01+00:00\",\"author\":{\"@id\":\"https:\/\/www.polisrecreio.com.br\/site\/#\/schema\/person\/3363c1c78e1e28e1329d97adb387638e\"},\"inLanguage\":\"pt-BR\",\"potentialAction\":[{\"@type\":\"ReadAction\",\"target\":[\"https:\/\/www.polisrecreio.com.br\/site\/2017\/01\/21\/tradicao-e-fe-se-uniram-em-uma-so-frase-viva-sao-sebastiao\/\"]}]},{\"@type\":\"Person\",\"@id\":\"https:\/\/www.polisrecreio.com.br\/site\/#\/schema\/person\/3363c1c78e1e28e1329d97adb387638e\",\"name\":\"Leonardo Ribeiro\",\"image\":{\"@type\":\"ImageObject\",\"@id\":\"https:\/\/www.polisrecreio.com.br\/site\/#personlogo\",\"inLanguage\":\"pt-BR\",\"url\":\"https:\/\/secure.gravatar.com\/avatar\/6ba92a37d621e1a83e23710251178a12?s=96&d=mm&r=g\",\"caption\":\"Leonardo Ribeiro\"},\"sameAs\":[\"http:\/\/www.polisrecreio.com.br\"]}]}<\/script>\n<!-- \/ Yoast SEO plugin. -->","_links":{"self":[{"href":"https:\/\/www.polisrecreio.com.br\/site\/wp-json\/wp\/v2\/posts\/4044"}],"collection":[{"href":"https:\/\/www.polisrecreio.com.br\/site\/wp-json\/wp\/v2\/posts"}],"about":[{"href":"https:\/\/www.polisrecreio.com.br\/site\/wp-json\/wp\/v2\/types\/post"}],"author":[{"embeddable":true,"href":"https:\/\/www.polisrecreio.com.br\/site\/wp-json\/wp\/v2\/users\/3"}],"replies":[{"embeddable":true,"href":"https:\/\/www.polisrecreio.com.br\/site\/wp-json\/wp\/v2\/comments?post=4044"}],"version-history":[{"count":1,"href":"https:\/\/www.polisrecreio.com.br\/site\/wp-json\/wp\/v2\/posts\/4044\/revisions"}],"predecessor-version":[{"id":4056,"href":"https:\/\/www.polisrecreio.com.br\/site\/wp-json\/wp\/v2\/posts\/4044\/revisions\/4056"}],"wp:featuredmedia":[{"embeddable":true,"href":"https:\/\/www.polisrecreio.com.br\/site\/wp-json\/wp\/v2\/media\/4045"}],"wp:attachment":[{"href":"https:\/\/www.polisrecreio.com.br\/site\/wp-json\/wp\/v2\/media?parent=4044"}],"wp:term":[{"taxonomy":"category","embeddable":true,"href":"https:\/\/www.polisrecreio.com.br\/site\/wp-json\/wp\/v2\/categories?post=4044"},{"taxonomy":"post_tag","embeddable":true,"href":"https:\/\/www.polisrecreio.com.br\/site\/wp-json\/wp\/v2\/tags?post=4044"}],"curies":[{"name":"wp","href":"https:\/\/api.w.org\/{rel}","templated":true}]}}