{"id":4057,"date":"2017-01-21T13:26:19","date_gmt":"2017-01-21T16:26:19","guid":{"rendered":"http:\/\/www.polisrecreio.com.br\/site\/?p=4057"},"modified":"2017-01-21T19:16:03","modified_gmt":"2017-01-21T22:16:03","slug":"projeto-do-trem-turistico-inicia-atividades-na-oficina-de-recreio-e-locomotivas-chegarao-em-fevereiro","status":"publish","type":"post","link":"https:\/\/www.polisrecreio.com.br\/site\/2017\/01\/21\/projeto-do-trem-turistico-inicia-atividades-na-oficina-de-recreio-e-locomotivas-chegarao-em-fevereiro\/","title":{"rendered":"Projeto do trem tur\u00edstico inicia atividades na oficina de Recreio e locomotivas chegar\u00e3o em fevereiro"},"content":{"rendered":"<p style=\"text-align: justify;\">Neste s\u00e1bado (21) a equipe de volunt\u00e1rio da ONG Amigos do Trem iniciaram os trabalhos de limpeza, reestrutura\u00e7\u00e3o e manuten\u00e7\u00e3o da oficina de Recreio, onde ser\u00e3o realizados os reparos de locomotivas e vag\u00f5es do projeto \u201cTrem Rio Minas\u201d. A iniciativa tem o objetivo de reativar a atividade ferrovi\u00e1ria na regi\u00e3o da zona da mata mineira e no sul fluminense atrav\u00e9s do turismo. A perspectiva \u00e9 que em fevereiro as locomotivas estejam na oficina.<\/p>\n<p style=\"text-align: justify;\"><!--more--><\/p>\n<figure id=\"attachment_4058\" aria-describedby=\"caption-attachment-4058\" style=\"width: 750px\" class=\"wp-caption aligncenter\"><a href=\"http:\/\/www.polisrecreio.com.br\/site\/wp-content\/uploads\/2017\/01\/45.jpg\"><img loading=\"lazy\" class=\"wp-image-4058 size-full\" src=\"http:\/\/www.polisrecreio.com.br\/site\/wp-content\/uploads\/2017\/01\/45.jpg\" alt=\"4\" width=\"750\" height=\"563\" srcset=\"https:\/\/www.polisrecreio.com.br\/site\/wp-content\/uploads\/2017\/01\/45.jpg 750w, https:\/\/www.polisrecreio.com.br\/site\/wp-content\/uploads\/2017\/01\/45-300x225.jpg 300w\" sizes=\"(max-width: 750px) 100vw, 750px\" \/><\/a><figcaption id=\"caption-attachment-4058\" class=\"wp-caption-text\">Volunt\u00e1rios da ONG, prefeito de Recreio e outros, na oficina.<\/figcaption><\/figure>\n<p style=\"text-align: justify;\">A oficina de Recreio foi passada para a ONG Amigos do Trem por meio de uma cess\u00e3o, emitida pela empresa VLI, controladora da Ferrovia Centro Atl\u00e2ntica, e pelo Departamento Nacional de Infraestrutura de Transportes \u201cDNIT\u201d. No galp\u00e3o j\u00e1 est\u00e3o sete macacos eletromec\u00e2nicos que ser\u00e3o utilizados para i\u00e7ar as locomotivas, carros vag\u00f5es e ve\u00edculos de via, em servi\u00e7os de reparos. A perspectiva da equipe da ONG \u00e9 que em fevereiro as locomotivas do projeto estejam dentro da oficina para realizar os trabalhos\u00a0necess\u00e1rios em cada uma das quatro m\u00e1quinas adquiridas. Elas sair\u00e3o de Lavras (MG) na pr\u00f3xima semana.<\/p>\n<p style=\"text-align: justify;\">O prefeito de Recreio, Z\u00e9 Maria Barros, esteve com o presidente da ONG Amigos do Trem, Paulo Henrique do Nascimento, durante os trabalhos deste s\u00e1bado. O chefe do executivo municipal colocou-se \u00e0 disposi\u00e7\u00e3o para ajudar. Na pr\u00f3xima segunda-feira (23) alguns funcion\u00e1rios da secretaria de Desenvolvimento Urbano estar\u00e3o dando apoio na limpeza da oficina.<\/p>\n<p style=\"text-align: justify;\">Participaram das atividades de limpeza os volunt\u00e1rios da ONG, Weder Silva e Isa\u00edas Alves, de Juiz de Fora; Nego Batista, Z\u00e9 Maria Barbosa, Daniel Barbosa e Lu\u00eds Chaveiro, de Recreio; e Gerson Martins, de Chiador. O secret\u00e1rio municipal de Desenvolvimento Urbano, Juarez Ara\u00fajo; a gestora do Centro Cultural Aristides Dorigo, Daniela Cardozo; e o ferrovi\u00e1rio, Danilo Silva; tamb\u00e9m estiveram na oficina.<\/p>\n<figure id=\"attachment_4059\" aria-describedby=\"caption-attachment-4059\" style=\"width: 750px\" class=\"wp-caption aligncenter\"><a href=\"http:\/\/www.polisrecreio.com.br\/site\/wp-content\/uploads\/2017\/01\/55.jpg\"><img loading=\"lazy\" class=\"size-full wp-image-4059\" src=\"http:\/\/www.polisrecreio.com.br\/site\/wp-content\/uploads\/2017\/01\/55.jpg\" alt=\"Paulo Henrique conversando sobre o projeto.\" width=\"750\" height=\"563\" srcset=\"https:\/\/www.polisrecreio.com.br\/site\/wp-content\/uploads\/2017\/01\/55.jpg 750w, https:\/\/www.polisrecreio.com.br\/site\/wp-content\/uploads\/2017\/01\/55-300x225.jpg 300w\" sizes=\"(max-width: 750px) 100vw, 750px\" \/><\/a><figcaption id=\"caption-attachment-4059\" class=\"wp-caption-text\">Paulo Henrique conversando sobre o projeto.<\/figcaption><\/figure>\n<p style=\"text-align: justify;\">O Trem Rio Minas, que tem o objetivo de reativar o movimento ferrovi\u00e1rio na zona da mata mineira e no sul fluminense atrav\u00e9s do turismo, ligar\u00e1 as cidades de Cataguases, Leopoldina, Recreio, Volta Grande, Al\u00e9m Para\u00edba, Chiador, Sapucaia (RJ) e Tr\u00eas Rios (RJ), com parceria do Minist\u00e9rio dos Transportes, DNIT, Inventarian\u00e7a da RFFSA, Governo de Minas, ONG Amigos do Trem e o apoio do Movimento Al\u00e9m nos Trilhos e das prefeituras das cidades do trajeto.<\/p>\n<figure id=\"attachment_4060\" aria-describedby=\"caption-attachment-4060\" style=\"width: 750px\" class=\"wp-caption aligncenter\"><a href=\"http:\/\/www.polisrecreio.com.br\/site\/wp-content\/uploads\/2017\/01\/116.jpg\"><img loading=\"lazy\" class=\"wp-image-4060 size-full\" src=\"http:\/\/www.polisrecreio.com.br\/site\/wp-content\/uploads\/2017\/01\/116.jpg\" alt=\"1\" width=\"750\" height=\"563\" srcset=\"https:\/\/www.polisrecreio.com.br\/site\/wp-content\/uploads\/2017\/01\/116.jpg 750w, https:\/\/www.polisrecreio.com.br\/site\/wp-content\/uploads\/2017\/01\/116-300x225.jpg 300w\" sizes=\"(max-width: 750px) 100vw, 750px\" \/><\/a><figcaption id=\"caption-attachment-4060\" class=\"wp-caption-text\">Macacos eletromec\u00e2nicos.<\/figcaption><\/figure>\n<figure id=\"attachment_4061\" aria-describedby=\"caption-attachment-4061\" style=\"width: 750px\" class=\"wp-caption aligncenter\"><a href=\"http:\/\/www.polisrecreio.com.br\/site\/wp-content\/uploads\/2017\/01\/29.jpg\"><img loading=\"lazy\" class=\"wp-image-4061 size-full\" src=\"http:\/\/www.polisrecreio.com.br\/site\/wp-content\/uploads\/2017\/01\/29.jpg\" alt=\"2\" width=\"750\" height=\"563\" srcset=\"https:\/\/www.polisrecreio.com.br\/site\/wp-content\/uploads\/2017\/01\/29.jpg 750w, https:\/\/www.polisrecreio.com.br\/site\/wp-content\/uploads\/2017\/01\/29-300x225.jpg 300w\" sizes=\"(max-width: 750px) 100vw, 750px\" \/><\/a><figcaption id=\"caption-attachment-4061\" class=\"wp-caption-text\">Paulo Henrique e Luis Chaveiro, de Recreio.<\/figcaption><\/figure>\n<figure id=\"attachment_4062\" aria-describedby=\"caption-attachment-4062\" style=\"width: 750px\" class=\"wp-caption aligncenter\"><a href=\"http:\/\/www.polisrecreio.com.br\/site\/wp-content\/uploads\/2017\/01\/38.jpg\"><img loading=\"lazy\" class=\"wp-image-4062 size-full\" src=\"http:\/\/www.polisrecreio.com.br\/site\/wp-content\/uploads\/2017\/01\/38.jpg\" alt=\"3\" width=\"750\" height=\"563\" srcset=\"https:\/\/www.polisrecreio.com.br\/site\/wp-content\/uploads\/2017\/01\/38.jpg 750w, https:\/\/www.polisrecreio.com.br\/site\/wp-content\/uploads\/2017\/01\/38-300x225.jpg 300w\" sizes=\"(max-width: 750px) 100vw, 750px\" \/><\/a><figcaption id=\"caption-attachment-4062\" class=\"wp-caption-text\">Limpeza da oficina.<\/figcaption><\/figure>\n<figure id=\"attachment_4063\" aria-describedby=\"caption-attachment-4063\" style=\"width: 750px\" class=\"wp-caption aligncenter\"><a href=\"http:\/\/www.polisrecreio.com.br\/site\/wp-content\/uploads\/2017\/01\/64.jpg\"><img loading=\"lazy\" class=\"wp-image-4063 size-full\" src=\"http:\/\/www.polisrecreio.com.br\/site\/wp-content\/uploads\/2017\/01\/64.jpg\" alt=\"6\" width=\"750\" height=\"563\" srcset=\"https:\/\/www.polisrecreio.com.br\/site\/wp-content\/uploads\/2017\/01\/64.jpg 750w, https:\/\/www.polisrecreio.com.br\/site\/wp-content\/uploads\/2017\/01\/64-300x225.jpg 300w\" sizes=\"(max-width: 750px) 100vw, 750px\" \/><\/a><figcaption id=\"caption-attachment-4063\" class=\"wp-caption-text\">Prefeito conversando na oficina.<\/figcaption><\/figure>\n<figure id=\"attachment_4064\" aria-describedby=\"caption-attachment-4064\" style=\"width: 750px\" class=\"wp-caption aligncenter\"><a href=\"http:\/\/www.polisrecreio.com.br\/site\/wp-content\/uploads\/2017\/01\/73.jpg\"><img loading=\"lazy\" class=\"wp-image-4064 size-full\" src=\"http:\/\/www.polisrecreio.com.br\/site\/wp-content\/uploads\/2017\/01\/73.jpg\" alt=\"7\" width=\"750\" height=\"563\" srcset=\"https:\/\/www.polisrecreio.com.br\/site\/wp-content\/uploads\/2017\/01\/73.jpg 750w, https:\/\/www.polisrecreio.com.br\/site\/wp-content\/uploads\/2017\/01\/73-300x225.jpg 300w\" sizes=\"(max-width: 750px) 100vw, 750px\" \/><\/a><figcaption id=\"caption-attachment-4064\" class=\"wp-caption-text\">Participantes do s\u00e1bado de atividades na oficina.<\/figcaption><\/figure>\n<figure id=\"attachment_4065\" aria-describedby=\"caption-attachment-4065\" style=\"width: 750px\" class=\"wp-caption aligncenter\"><a href=\"http:\/\/www.polisrecreio.com.br\/site\/wp-content\/uploads\/2017\/01\/82.jpg\"><img loading=\"lazy\" class=\"wp-image-4065 size-full\" src=\"http:\/\/www.polisrecreio.com.br\/site\/wp-content\/uploads\/2017\/01\/82.jpg\" alt=\"8\" width=\"750\" height=\"563\" srcset=\"https:\/\/www.polisrecreio.com.br\/site\/wp-content\/uploads\/2017\/01\/82.jpg 750w, https:\/\/www.polisrecreio.com.br\/site\/wp-content\/uploads\/2017\/01\/82-300x225.jpg 300w\" sizes=\"(max-width: 750px) 100vw, 750px\" \/><\/a><figcaption id=\"caption-attachment-4065\" class=\"wp-caption-text\">Participantes do s\u00e1bado de atividades na oficina.<\/figcaption><\/figure>\n","protected":false},"excerpt":{"rendered":"<p>Neste s\u00e1bado (21) a equipe de volunt\u00e1rio da ONG Amigos do Trem iniciaram os trabalhos de limpeza, reestrutura\u00e7\u00e3o e manuten\u00e7\u00e3o da oficina de Recreio, onde ser\u00e3o realizados os reparos de locomotivas e vag\u00f5es do projeto \u201cTrem Rio Minas\u201d. A iniciativa tem o objetivo de reativar a atividade ferrovi\u00e1ria na regi\u00e3o da zona da mata mineira [&hellip;]<\/p>\n","protected":false},"author":3,"featured_media":4058,"comment_status":"open","ping_status":"open","sticky":false,"template":"","format":"standard","meta":[],"categories":[2],"tags":[],"yoast_head":"<!-- This site is optimized with the Yoast SEO plugin v15.6.2 - https:\/\/yoast.com\/wordpress\/plugins\/seo\/ -->\n<meta name=\"robots\" content=\"index, follow, max-snippet:-1, max-image-preview:large, max-video-preview:-1\" \/>\n<link rel=\"canonical\" href=\"https:\/\/www.polisrecreio.com.br\/site\/2017\/01\/21\/projeto-do-trem-turistico-inicia-atividades-na-oficina-de-recreio-e-locomotivas-chegarao-em-fevereiro\/\" \/>\n<meta property=\"og:locale\" content=\"pt_BR\" \/>\n<meta property=\"og:type\" content=\"article\" \/>\n<meta property=\"og:title\" content=\"Projeto do trem tur\u00edstico inicia atividades na oficina de Recreio e locomotivas chegar\u00e3o em fevereiro - P\u00f3lis Recreio\" \/>\n<meta property=\"og:description\" content=\"Neste s\u00e1bado (21) a equipe de volunt\u00e1rio da ONG Amigos do Trem iniciaram os trabalhos de limpeza, reestrutura\u00e7\u00e3o e manuten\u00e7\u00e3o da oficina de Recreio, onde ser\u00e3o realizados os reparos de locomotivas e vag\u00f5es do projeto \u201cTrem Rio Minas\u201d. A iniciativa tem o objetivo de reativar a atividade ferrovi\u00e1ria na regi\u00e3o da zona da mata mineira [&hellip;]\" \/>\n<meta property=\"og:url\" content=\"https:\/\/www.polisrecreio.com.br\/site\/2017\/01\/21\/projeto-do-trem-turistico-inicia-atividades-na-oficina-de-recreio-e-locomotivas-chegarao-em-fevereiro\/\" \/>\n<meta property=\"og:site_name\" content=\"P\u00f3lis Recreio\" \/>\n<meta property=\"article:publisher\" content=\"https:\/\/www.facebook.com\/Site-P%c3%b3lis-Recreio-MG-181941708571019\/\" \/>\n<meta property=\"article:published_time\" content=\"2017-01-21T16:26:19+00:00\" \/>\n<meta property=\"article:modified_time\" content=\"2017-01-21T22:16:03+00:00\" \/>\n<meta property=\"og:image\" content=\"https:\/\/www.polisrecreio.com.br\/site\/wp-content\/uploads\/2017\/01\/45.jpg\" \/>\n\t<meta property=\"og:image:width\" content=\"750\" \/>\n\t<meta property=\"og:image:height\" content=\"563\" \/>\n<meta name=\"twitter:card\" content=\"summary_large_image\" \/>\n<meta name=\"twitter:creator\" content=\"@PolisRecreio\" \/>\n<meta name=\"twitter:site\" content=\"@PolisRecreio\" \/>\n<meta name=\"twitter:label1\" content=\"Est. reading time\">\n\t<meta name=\"twitter:data1\" content=\"3 minutos\">\n<script type=\"application\/ld+json\" class=\"yoast-schema-graph\">{\"@context\":\"https:\/\/schema.org\",\"@graph\":[{\"@type\":\"WebSite\",\"@id\":\"https:\/\/www.polisrecreio.com.br\/site\/#website\",\"url\":\"https:\/\/www.polisrecreio.com.br\/site\/\",\"name\":\"P\\u00f3lis Recreio\",\"description\":\"\",\"potentialAction\":[{\"@type\":\"SearchAction\",\"target\":\"https:\/\/www.polisrecreio.com.br\/site\/?s={search_term_string}\",\"query-input\":\"required name=search_term_string\"}],\"inLanguage\":\"pt-BR\"},{\"@type\":\"ImageObject\",\"@id\":\"https:\/\/www.polisrecreio.com.br\/site\/2017\/01\/21\/projeto-do-trem-turistico-inicia-atividades-na-oficina-de-recreio-e-locomotivas-chegarao-em-fevereiro\/#primaryimage\",\"inLanguage\":\"pt-BR\",\"url\":\"https:\/\/www.polisrecreio.com.br\/site\/wp-content\/uploads\/2017\/01\/45.jpg\",\"width\":750,\"height\":563},{\"@type\":\"WebPage\",\"@id\":\"https:\/\/www.polisrecreio.com.br\/site\/2017\/01\/21\/projeto-do-trem-turistico-inicia-atividades-na-oficina-de-recreio-e-locomotivas-chegarao-em-fevereiro\/#webpage\",\"url\":\"https:\/\/www.polisrecreio.com.br\/site\/2017\/01\/21\/projeto-do-trem-turistico-inicia-atividades-na-oficina-de-recreio-e-locomotivas-chegarao-em-fevereiro\/\",\"name\":\"Projeto do trem tur\\u00edstico inicia atividades na oficina de Recreio e locomotivas chegar\\u00e3o em fevereiro - P\\u00f3lis Recreio\",\"isPartOf\":{\"@id\":\"https:\/\/www.polisrecreio.com.br\/site\/#website\"},\"primaryImageOfPage\":{\"@id\":\"https:\/\/www.polisrecreio.com.br\/site\/2017\/01\/21\/projeto-do-trem-turistico-inicia-atividades-na-oficina-de-recreio-e-locomotivas-chegarao-em-fevereiro\/#primaryimage\"},\"datePublished\":\"2017-01-21T16:26:19+00:00\",\"dateModified\":\"2017-01-21T22:16:03+00:00\",\"author\":{\"@id\":\"https:\/\/www.polisrecreio.com.br\/site\/#\/schema\/person\/3363c1c78e1e28e1329d97adb387638e\"},\"inLanguage\":\"pt-BR\",\"potentialAction\":[{\"@type\":\"ReadAction\",\"target\":[\"https:\/\/www.polisrecreio.com.br\/site\/2017\/01\/21\/projeto-do-trem-turistico-inicia-atividades-na-oficina-de-recreio-e-locomotivas-chegarao-em-fevereiro\/\"]}]},{\"@type\":\"Person\",\"@id\":\"https:\/\/www.polisrecreio.com.br\/site\/#\/schema\/person\/3363c1c78e1e28e1329d97adb387638e\",\"name\":\"Leonardo Ribeiro\",\"image\":{\"@type\":\"ImageObject\",\"@id\":\"https:\/\/www.polisrecreio.com.br\/site\/#personlogo\",\"inLanguage\":\"pt-BR\",\"url\":\"https:\/\/secure.gravatar.com\/avatar\/6ba92a37d621e1a83e23710251178a12?s=96&d=mm&r=g\",\"caption\":\"Leonardo Ribeiro\"},\"sameAs\":[\"http:\/\/www.polisrecreio.com.br\"]}]}<\/script>\n<!-- \/ Yoast SEO plugin. -->","_links":{"self":[{"href":"https:\/\/www.polisrecreio.com.br\/site\/wp-json\/wp\/v2\/posts\/4057"}],"collection":[{"href":"https:\/\/www.polisrecreio.com.br\/site\/wp-json\/wp\/v2\/posts"}],"about":[{"href":"https:\/\/www.polisrecreio.com.br\/site\/wp-json\/wp\/v2\/types\/post"}],"author":[{"embeddable":true,"href":"https:\/\/www.polisrecreio.com.br\/site\/wp-json\/wp\/v2\/users\/3"}],"replies":[{"embeddable":true,"href":"https:\/\/www.polisrecreio.com.br\/site\/wp-json\/wp\/v2\/comments?post=4057"}],"version-history":[{"count":4,"href":"https:\/\/www.polisrecreio.com.br\/site\/wp-json\/wp\/v2\/posts\/4057\/revisions"}],"predecessor-version":[{"id":4071,"href":"https:\/\/www.polisrecreio.com.br\/site\/wp-json\/wp\/v2\/posts\/4057\/revisions\/4071"}],"wp:featuredmedia":[{"embeddable":true,"href":"https:\/\/www.polisrecreio.com.br\/site\/wp-json\/wp\/v2\/media\/4058"}],"wp:attachment":[{"href":"https:\/\/www.polisrecreio.com.br\/site\/wp-json\/wp\/v2\/media?parent=4057"}],"wp:term":[{"taxonomy":"category","embeddable":true,"href":"https:\/\/www.polisrecreio.com.br\/site\/wp-json\/wp\/v2\/categories?post=4057"},{"taxonomy":"post_tag","embeddable":true,"href":"https:\/\/www.polisrecreio.com.br\/site\/wp-json\/wp\/v2\/tags?post=4057"}],"curies":[{"name":"wp","href":"https:\/\/api.w.org\/{rel}","templated":true}]}}