{"id":406,"date":"2015-02-01T13:56:04","date_gmt":"2015-02-01T16:56:04","guid":{"rendered":"http:\/\/www.polisrecreio.com.br\/site\/?p=406"},"modified":"2017-02-23T09:47:49","modified_gmt":"2017-02-23T12:47:49","slug":"ruas-do-centro-e-do-planalto-alagaram-depois-da-chuvarada-de-ontem","status":"publish","type":"post","link":"https:\/\/www.polisrecreio.com.br\/site\/2015\/02\/01\/ruas-do-centro-e-do-planalto-alagaram-depois-da-chuvarada-de-ontem\/","title":{"rendered":"Ruas do Centro e do Planalto alagaram depois da chuvarada de ontem"},"content":{"rendered":"<p style=\"text-align: justify;\">A \u00faltima noite de novembro trouxe de volta a Recreio uma chuvarada que n\u00e3o era vista na cidade h\u00e1 pelo menos dois anos, com alagamentos de ruas, ribeir\u00e3o\/c\u00f3rregos cheios e alguns transtornos em resid\u00eancias e autom\u00f3veis.<\/p>\n<p style=\"text-align: justify;\"><!--more--><\/p>\n<figure id=\"attachment_407\" aria-describedby=\"caption-attachment-407\" style=\"width: 3072px\" class=\"wp-caption alignnone\"><a href=\"http:\/\/www.polisrecreio.com.br\/site\/wp-content\/uploads\/2015\/12\/DSCF5726.jpg\"><img loading=\"lazy\" class=\"wp-image-407 size-full\" src=\"http:\/\/www.polisrecreio.com.br\/site\/wp-content\/uploads\/2015\/12\/DSCF5726.jpg\" alt=\"DSCF5726\" width=\"3072\" height=\"2048\" srcset=\"https:\/\/www.polisrecreio.com.br\/site\/wp-content\/uploads\/2015\/12\/DSCF5726.jpg 3072w, https:\/\/www.polisrecreio.com.br\/site\/wp-content\/uploads\/2015\/12\/DSCF5726-300x200.jpg 300w, https:\/\/www.polisrecreio.com.br\/site\/wp-content\/uploads\/2015\/12\/DSCF5726-1024x683.jpg 1024w\" sizes=\"(max-width: 3072px) 100vw, 3072px\" \/><\/a><figcaption id=\"caption-attachment-407\" class=\"wp-caption-text\">Rua Estef\u00e2neo, Centro, alagada.<\/figcaption><\/figure>\n<p style=\"text-align: justify;\">O temporal come\u00e7ou por volta das 20:30h e depois de mais de uma hora v\u00e1rias ruas do Centro ficaram inundadas logo ap\u00f3s o transbordamento do C\u00f3rrego S\u00e3o Vicente, que vem do bairro Grotinha. Domingues Vieira, Estef\u00e2neo, Francisco S. Ferreira, Concei\u00e7\u00e3o, Ant\u00f4nio Ferreira Germello e outras vias foram as alagadas no Centro, nesta \u00e1rea algumas resid\u00eancias e autom\u00f3veis tiveram transtornos com a \u00e1gua. Na Rua Ferreira Netto (Avenida) o C\u00f3rrego Laranjeiras tamb\u00e9m transbordou.<\/p>\n<figure id=\"attachment_408\" aria-describedby=\"caption-attachment-408\" style=\"width: 300px\" class=\"wp-caption alignright\"><a href=\"http:\/\/www.polisrecreio.com.br\/site\/wp-content\/uploads\/2015\/12\/DSCF5719.jpg\"><img loading=\"lazy\" class=\"wp-image-408 size-medium\" src=\"http:\/\/www.polisrecreio.com.br\/site\/wp-content\/uploads\/2015\/12\/DSCF5719-300x200.jpg\" alt=\"DSCF5719\" width=\"300\" height=\"200\" srcset=\"https:\/\/www.polisrecreio.com.br\/site\/wp-content\/uploads\/2015\/12\/DSCF5719-300x200.jpg 300w, https:\/\/www.polisrecreio.com.br\/site\/wp-content\/uploads\/2015\/12\/DSCF5719-1024x683.jpg 1024w\" sizes=\"(max-width: 300px) 100vw, 300px\" \/><\/a><figcaption id=\"caption-attachment-408\" class=\"wp-caption-text\">Rua Sebastiana D. Ferreira, Planalto.<\/figcaption><\/figure>\n<p style=\"text-align: justify;\">No Planalto, o problema mais uma vez foi causado pela falta da rede de drenagem pluvial, as Ruas Sebastiana Damasceno Ferreira e Cremilda Martins Almeida foram alagadas. A Prefeitura Municipal chegou a iniciar a obra este ano, mas at\u00e9 hoje a rede n\u00e3o foi conclu\u00edda. Nas Ruas Governadores Valadares, Jos\u00e9 Pretinho, Sargento Euber de Queir\u00f3z e adjac\u00eancias as vias encheram por causa de bueiros entupidos.<\/p>\n<figure id=\"attachment_409\" aria-describedby=\"caption-attachment-409\" style=\"width: 300px\" class=\"wp-caption alignleft\"><a href=\"http:\/\/www.polisrecreio.com.br\/site\/wp-content\/uploads\/2015\/12\/DSCF5738.jpg\"><img loading=\"lazy\" class=\"wp-image-409 size-medium\" src=\"http:\/\/www.polisrecreio.com.br\/site\/wp-content\/uploads\/2015\/12\/DSCF5738-300x200.jpg\" alt=\"DSCF5738\" width=\"300\" height=\"200\" srcset=\"https:\/\/www.polisrecreio.com.br\/site\/wp-content\/uploads\/2015\/12\/DSCF5738-300x200.jpg 300w, https:\/\/www.polisrecreio.com.br\/site\/wp-content\/uploads\/2015\/12\/DSCF5738-1024x683.jpg 1024w\" sizes=\"(max-width: 300px) 100vw, 300px\" \/><\/a><figcaption id=\"caption-attachment-409\" class=\"wp-caption-text\">Ribeir\u00e3o dos Monos com o n\u00edvel de \u00e1gua bem alto.<\/figcaption><\/figure>\n<p style=\"text-align: justify;\">O n\u00edvel do C\u00f3rrego Laranjeiras, do S\u00e3o Vicente e do Ribeir\u00e3o dos Monos ficaram bem acima do normal na madrugada e a previs\u00e3o para essa ter\u00e7a-feira \u00e9 de mais chuva forte segundo o Site Clima Tempo, em http:\/\/www.climatempo.com.br\/previsao-do-tempo\/cidade\/3962\/recreio-mg.<\/p>\n<figure id=\"attachment_412\" aria-describedby=\"caption-attachment-412\" style=\"width: 3072px\" class=\"wp-caption aligncenter\"><a href=\"http:\/\/www.polisrecreio.com.br\/site\/wp-content\/uploads\/2015\/12\/DSCF5735.jpg\"><img loading=\"lazy\" class=\"wp-image-412 size-full\" src=\"http:\/\/www.polisrecreio.com.br\/site\/wp-content\/uploads\/2015\/12\/DSCF5735.jpg\" alt=\"DSCF5735\" width=\"3072\" height=\"2048\" srcset=\"https:\/\/www.polisrecreio.com.br\/site\/wp-content\/uploads\/2015\/12\/DSCF5735.jpg 3072w, https:\/\/www.polisrecreio.com.br\/site\/wp-content\/uploads\/2015\/12\/DSCF5735-300x200.jpg 300w, https:\/\/www.polisrecreio.com.br\/site\/wp-content\/uploads\/2015\/12\/DSCF5735-1024x683.jpg 1024w\" sizes=\"(max-width: 3072px) 100vw, 3072px\" \/><\/a><figcaption id=\"caption-attachment-412\" class=\"wp-caption-text\">Esquina da Rua Estef\u00e2neo com Domingues Vieira, Centro.<\/figcaption><\/figure>\n<figure id=\"attachment_416\" aria-describedby=\"caption-attachment-416\" style=\"width: 3072px\" class=\"wp-caption aligncenter\"><a href=\"http:\/\/www.polisrecreio.com.br\/site\/wp-content\/uploads\/2015\/12\/DSCF5715.jpg\"><img loading=\"lazy\" class=\"wp-image-416 size-full\" src=\"http:\/\/www.polisrecreio.com.br\/site\/wp-content\/uploads\/2015\/12\/DSCF5715.jpg\" alt=\"DSCF5715\" width=\"3072\" height=\"2048\" srcset=\"https:\/\/www.polisrecreio.com.br\/site\/wp-content\/uploads\/2015\/12\/DSCF5715.jpg 3072w, https:\/\/www.polisrecreio.com.br\/site\/wp-content\/uploads\/2015\/12\/DSCF5715-300x200.jpg 300w, https:\/\/www.polisrecreio.com.br\/site\/wp-content\/uploads\/2015\/12\/DSCF5715-1024x683.jpg 1024w\" sizes=\"(max-width: 3072px) 100vw, 3072px\" \/><\/a><figcaption id=\"caption-attachment-416\" class=\"wp-caption-text\">Rua Sebastiana Damasceno Ferreira, Planalto.<\/figcaption><\/figure>\n<p>&nbsp;<\/p>\n","protected":false},"excerpt":{"rendered":"<p>A \u00faltima noite de novembro trouxe de volta a Recreio uma chuvarada que n\u00e3o era vista na cidade h\u00e1 pelo menos dois anos, com alagamentos de ruas, ribeir\u00e3o\/c\u00f3rregos cheios e alguns transtornos em resid\u00eancias e autom\u00f3veis.<\/p>\n","protected":false},"author":3,"featured_media":418,"comment_status":"closed","ping_status":"closed","sticky":false,"template":"","format":"standard","meta":[],"categories":[1],"tags":[],"yoast_head":"<!-- This site is optimized with the Yoast SEO plugin v15.6.2 - https:\/\/yoast.com\/wordpress\/plugins\/seo\/ -->\n<meta name=\"robots\" content=\"index, follow, max-snippet:-1, max-image-preview:large, max-video-preview:-1\" \/>\n<link rel=\"canonical\" href=\"http:\/\/www.polisrecreio.com.br\/site\/2015\/02\/01\/ruas-do-centro-e-do-planalto-alagaram-depois-da-chuvarada-de-ontem\/\" \/>\n<meta property=\"og:locale\" content=\"pt_BR\" \/>\n<meta property=\"og:type\" content=\"article\" \/>\n<meta property=\"og:title\" content=\"Ruas do Centro e do Planalto alagaram depois da chuvarada de ontem - P\u00f3lis Recreio\" \/>\n<meta property=\"og:description\" content=\"A \u00faltima noite de novembro trouxe de volta a Recreio uma chuvarada que n\u00e3o era vista na cidade h\u00e1 pelo menos dois anos, com alagamentos de ruas, ribeir\u00e3o\/c\u00f3rregos cheios e alguns transtornos em resid\u00eancias e autom\u00f3veis.\" \/>\n<meta property=\"og:url\" content=\"http:\/\/www.polisrecreio.com.br\/site\/2015\/02\/01\/ruas-do-centro-e-do-planalto-alagaram-depois-da-chuvarada-de-ontem\/\" \/>\n<meta property=\"og:site_name\" content=\"P\u00f3lis Recreio\" \/>\n<meta property=\"article:publisher\" content=\"https:\/\/www.facebook.com\/Site-P%c3%b3lis-Recreio-MG-181941708571019\/\" \/>\n<meta property=\"article:published_time\" content=\"2015-02-01T16:56:04+00:00\" \/>\n<meta property=\"article:modified_time\" content=\"2017-02-23T12:47:49+00:00\" \/>\n<meta property=\"og:image\" content=\"https:\/\/www.polisrecreio.com.br\/site\/wp-content\/uploads\/2015\/12\/enchente.jpg\" \/>\n\t<meta property=\"og:image:width\" content=\"800\" \/>\n\t<meta property=\"og:image:height\" content=\"369\" \/>\n<meta name=\"twitter:card\" content=\"summary_large_image\" \/>\n<meta name=\"twitter:creator\" content=\"@PolisRecreio\" \/>\n<meta name=\"twitter:site\" content=\"@PolisRecreio\" \/>\n<meta name=\"twitter:label1\" content=\"Est. reading time\">\n\t<meta name=\"twitter:data1\" content=\"2 minutos\">\n<script type=\"application\/ld+json\" class=\"yoast-schema-graph\">{\"@context\":\"https:\/\/schema.org\",\"@graph\":[{\"@type\":\"WebSite\",\"@id\":\"https:\/\/www.polisrecreio.com.br\/site\/#website\",\"url\":\"https:\/\/www.polisrecreio.com.br\/site\/\",\"name\":\"P\\u00f3lis Recreio\",\"description\":\"\",\"potentialAction\":[{\"@type\":\"SearchAction\",\"target\":\"https:\/\/www.polisrecreio.com.br\/site\/?s={search_term_string}\",\"query-input\":\"required name=search_term_string\"}],\"inLanguage\":\"pt-BR\"},{\"@type\":\"ImageObject\",\"@id\":\"http:\/\/www.polisrecreio.com.br\/site\/2015\/02\/01\/ruas-do-centro-e-do-planalto-alagaram-depois-da-chuvarada-de-ontem\/#primaryimage\",\"inLanguage\":\"pt-BR\",\"url\":\"https:\/\/www.polisrecreio.com.br\/site\/wp-content\/uploads\/2015\/12\/enchente.jpg\",\"width\":800,\"height\":369},{\"@type\":\"WebPage\",\"@id\":\"http:\/\/www.polisrecreio.com.br\/site\/2015\/02\/01\/ruas-do-centro-e-do-planalto-alagaram-depois-da-chuvarada-de-ontem\/#webpage\",\"url\":\"http:\/\/www.polisrecreio.com.br\/site\/2015\/02\/01\/ruas-do-centro-e-do-planalto-alagaram-depois-da-chuvarada-de-ontem\/\",\"name\":\"Ruas do Centro e do Planalto alagaram depois da chuvarada de ontem - P\\u00f3lis Recreio\",\"isPartOf\":{\"@id\":\"https:\/\/www.polisrecreio.com.br\/site\/#website\"},\"primaryImageOfPage\":{\"@id\":\"http:\/\/www.polisrecreio.com.br\/site\/2015\/02\/01\/ruas-do-centro-e-do-planalto-alagaram-depois-da-chuvarada-de-ontem\/#primaryimage\"},\"datePublished\":\"2015-02-01T16:56:04+00:00\",\"dateModified\":\"2017-02-23T12:47:49+00:00\",\"author\":{\"@id\":\"https:\/\/www.polisrecreio.com.br\/site\/#\/schema\/person\/3363c1c78e1e28e1329d97adb387638e\"},\"inLanguage\":\"pt-BR\",\"potentialAction\":[{\"@type\":\"ReadAction\",\"target\":[\"http:\/\/www.polisrecreio.com.br\/site\/2015\/02\/01\/ruas-do-centro-e-do-planalto-alagaram-depois-da-chuvarada-de-ontem\/\"]}]},{\"@type\":\"Person\",\"@id\":\"https:\/\/www.polisrecreio.com.br\/site\/#\/schema\/person\/3363c1c78e1e28e1329d97adb387638e\",\"name\":\"Leonardo Ribeiro\",\"image\":{\"@type\":\"ImageObject\",\"@id\":\"https:\/\/www.polisrecreio.com.br\/site\/#personlogo\",\"inLanguage\":\"pt-BR\",\"url\":\"https:\/\/secure.gravatar.com\/avatar\/6ba92a37d621e1a83e23710251178a12?s=96&d=mm&r=g\",\"caption\":\"Leonardo Ribeiro\"},\"sameAs\":[\"http:\/\/www.polisrecreio.com.br\"]}]}<\/script>\n<!-- \/ Yoast SEO plugin. -->","_links":{"self":[{"href":"https:\/\/www.polisrecreio.com.br\/site\/wp-json\/wp\/v2\/posts\/406"}],"collection":[{"href":"https:\/\/www.polisrecreio.com.br\/site\/wp-json\/wp\/v2\/posts"}],"about":[{"href":"https:\/\/www.polisrecreio.com.br\/site\/wp-json\/wp\/v2\/types\/post"}],"author":[{"embeddable":true,"href":"https:\/\/www.polisrecreio.com.br\/site\/wp-json\/wp\/v2\/users\/3"}],"replies":[{"embeddable":true,"href":"https:\/\/www.polisrecreio.com.br\/site\/wp-json\/wp\/v2\/comments?post=406"}],"version-history":[{"count":10,"href":"https:\/\/www.polisrecreio.com.br\/site\/wp-json\/wp\/v2\/posts\/406\/revisions"}],"predecessor-version":[{"id":4513,"href":"https:\/\/www.polisrecreio.com.br\/site\/wp-json\/wp\/v2\/posts\/406\/revisions\/4513"}],"wp:featuredmedia":[{"embeddable":true,"href":"https:\/\/www.polisrecreio.com.br\/site\/wp-json\/wp\/v2\/media\/418"}],"wp:attachment":[{"href":"https:\/\/www.polisrecreio.com.br\/site\/wp-json\/wp\/v2\/media?parent=406"}],"wp:term":[{"taxonomy":"category","embeddable":true,"href":"https:\/\/www.polisrecreio.com.br\/site\/wp-json\/wp\/v2\/categories?post=406"},{"taxonomy":"post_tag","embeddable":true,"href":"https:\/\/www.polisrecreio.com.br\/site\/wp-json\/wp\/v2\/tags?post=406"}],"curies":[{"name":"wp","href":"https:\/\/api.w.org\/{rel}","templated":true}]}}