{"id":4073,"date":"2017-01-22T21:22:38","date_gmt":"2017-01-23T00:22:38","guid":{"rendered":"http:\/\/www.polisrecreio.com.br\/site\/?p=4073"},"modified":"2017-01-22T21:22:38","modified_gmt":"2017-01-23T00:22:38","slug":"secretario-de-esportes-trabalha-para-retornar-atividades-nos-estadios-de-recreio","status":"publish","type":"post","link":"https:\/\/www.polisrecreio.com.br\/site\/2017\/01\/22\/secretario-de-esportes-trabalha-para-retornar-atividades-nos-estadios-de-recreio\/","title":{"rendered":"Secret\u00e1rio de Esportes trabalha para retornar atividades nos Est\u00e1dios de Recreio"},"content":{"rendered":"<p style=\"text-align: justify;\">Na \u00faltima quinta-feira (19), o secret\u00e1rio municipal de Esportes, Leandro Ferreira Medeiros \u201cL\u00e9o Medeiros\u201d esteve no Corpo de Bombeiros de Leopoldina na tentativa de agilizar o retorno das atividades nos Est\u00e1dios de Recreio, Alcides Campos (Ideal E.C) e Euvaldo Lodi (Recreio E.C), ambos interditados em 2016 depois de den\u00fancias an\u00f4nimas.<\/p>\n<p style=\"text-align: justify;\"><!--more--><\/p>\n<figure id=\"attachment_4074\" aria-describedby=\"caption-attachment-4074\" style=\"width: 750px\" class=\"wp-caption aligncenter\"><a href=\"http:\/\/www.polisrecreio.com.br\/site\/wp-content\/uploads\/2017\/01\/IMG-20170120-WA0001.jpg\"><img loading=\"lazy\" class=\"size-full wp-image-4074\" src=\"http:\/\/www.polisrecreio.com.br\/site\/wp-content\/uploads\/2017\/01\/IMG-20170120-WA0001.jpg\" alt=\"Jo\u00e3o Guilherme, L\u00e9o Medeiros, Dr. Fernando Barcellos e os bombeiros.\" width=\"750\" height=\"509\" srcset=\"https:\/\/www.polisrecreio.com.br\/site\/wp-content\/uploads\/2017\/01\/IMG-20170120-WA0001.jpg 750w, https:\/\/www.polisrecreio.com.br\/site\/wp-content\/uploads\/2017\/01\/IMG-20170120-WA0001-300x204.jpg 300w\" sizes=\"(max-width: 750px) 100vw, 750px\" \/><\/a><figcaption id=\"caption-attachment-4074\" class=\"wp-caption-text\">Jo\u00e3o Guilherme, L\u00e9o Medeiros, Dr. Fernando Barcellos e os bombeiros.<\/figcaption><\/figure>\n<p style=\"text-align: justify;\">Segundo o secret\u00e1rio, \u201cnos dois campos de futebol do Munic\u00edpio os problemas foram praticamente os mesmos, falta de seguran\u00e7a e acessibilidade para os torcedores. No caso do Euvaldo Lodi a situa\u00e7\u00e3o est\u00e1 mais tranquila, o gramado est\u00e1 liberado para jogos e na arquibancada resta apenas instalar uma escada de acesso. No Alcides Campos o problema \u00e9 um pouco mais complexo, por\u00e9m, o Corpo de Bombeiros est\u00e1 disposto a ajudar, desde que haja iniciativas para come\u00e7ar a corrigir as irregularidades. Essa semana um engenheiro civil estar\u00e1 nos Est\u00e1dios para avaliar as situa\u00e7\u00f5es\u201d, completou.<\/p>\n<p style=\"text-align: justify;\">A reuni\u00e3o no 4\u00ba Pelot\u00e3o do Corpo de Bombeiros de Minas Gerais, em Leopoldina, contou tamb\u00e9m com a participa\u00e7\u00e3o do secret\u00e1rio municipal de Desenvolvimento Econ\u00f4mico e Sustent\u00e1vel, Jo\u00e3o Guilherme Ferreira, e do procurar Jur\u00eddico, Dr. Fernando Barcellos.<\/p>\n","protected":false},"excerpt":{"rendered":"<p>Na \u00faltima quinta-feira (19), o secret\u00e1rio municipal de Esportes, Leandro Ferreira Medeiros \u201cL\u00e9o Medeiros\u201d esteve no Corpo de Bombeiros de Leopoldina na tentativa de agilizar o retorno das atividades nos Est\u00e1dios de Recreio, Alcides Campos (Ideal E.C) e Euvaldo Lodi (Recreio E.C), ambos interditados em 2016 depois de den\u00fancias an\u00f4nimas.<\/p>\n","protected":false},"author":3,"featured_media":4074,"comment_status":"open","ping_status":"open","sticky":false,"template":"","format":"standard","meta":[],"categories":[4],"tags":[],"yoast_head":"<!-- This site is optimized with the Yoast SEO plugin v15.6.2 - https:\/\/yoast.com\/wordpress\/plugins\/seo\/ -->\n<meta name=\"robots\" content=\"index, follow, max-snippet:-1, max-image-preview:large, max-video-preview:-1\" \/>\n<link rel=\"canonical\" href=\"https:\/\/www.polisrecreio.com.br\/site\/2017\/01\/22\/secretario-de-esportes-trabalha-para-retornar-atividades-nos-estadios-de-recreio\/\" \/>\n<meta property=\"og:locale\" content=\"pt_BR\" \/>\n<meta property=\"og:type\" content=\"article\" \/>\n<meta property=\"og:title\" content=\"Secret\u00e1rio de Esportes trabalha para retornar atividades nos Est\u00e1dios de Recreio - P\u00f3lis Recreio\" \/>\n<meta property=\"og:description\" content=\"Na \u00faltima quinta-feira (19), o secret\u00e1rio municipal de Esportes, Leandro Ferreira Medeiros \u201cL\u00e9o Medeiros\u201d esteve no Corpo de Bombeiros de Leopoldina na tentativa de agilizar o retorno das atividades nos Est\u00e1dios de Recreio, Alcides Campos (Ideal E.C) e Euvaldo Lodi (Recreio E.C), ambos interditados em 2016 depois de den\u00fancias an\u00f4nimas.\" \/>\n<meta property=\"og:url\" content=\"https:\/\/www.polisrecreio.com.br\/site\/2017\/01\/22\/secretario-de-esportes-trabalha-para-retornar-atividades-nos-estadios-de-recreio\/\" \/>\n<meta property=\"og:site_name\" content=\"P\u00f3lis Recreio\" \/>\n<meta property=\"article:publisher\" content=\"https:\/\/www.facebook.com\/Site-P%c3%b3lis-Recreio-MG-181941708571019\/\" \/>\n<meta property=\"article:published_time\" content=\"2017-01-23T00:22:38+00:00\" \/>\n<meta property=\"og:image\" content=\"https:\/\/www.polisrecreio.com.br\/site\/wp-content\/uploads\/2017\/01\/IMG-20170120-WA0001.jpg\" \/>\n\t<meta property=\"og:image:width\" content=\"750\" \/>\n\t<meta property=\"og:image:height\" content=\"509\" \/>\n<meta name=\"twitter:card\" content=\"summary_large_image\" \/>\n<meta name=\"twitter:creator\" content=\"@PolisRecreio\" \/>\n<meta name=\"twitter:site\" content=\"@PolisRecreio\" \/>\n<meta name=\"twitter:label1\" content=\"Est. reading time\">\n\t<meta name=\"twitter:data1\" content=\"1 minuto\">\n<script type=\"application\/ld+json\" class=\"yoast-schema-graph\">{\"@context\":\"https:\/\/schema.org\",\"@graph\":[{\"@type\":\"WebSite\",\"@id\":\"https:\/\/www.polisrecreio.com.br\/site\/#website\",\"url\":\"https:\/\/www.polisrecreio.com.br\/site\/\",\"name\":\"P\\u00f3lis Recreio\",\"description\":\"\",\"potentialAction\":[{\"@type\":\"SearchAction\",\"target\":\"https:\/\/www.polisrecreio.com.br\/site\/?s={search_term_string}\",\"query-input\":\"required name=search_term_string\"}],\"inLanguage\":\"pt-BR\"},{\"@type\":\"ImageObject\",\"@id\":\"https:\/\/www.polisrecreio.com.br\/site\/2017\/01\/22\/secretario-de-esportes-trabalha-para-retornar-atividades-nos-estadios-de-recreio\/#primaryimage\",\"inLanguage\":\"pt-BR\",\"url\":\"https:\/\/www.polisrecreio.com.br\/site\/wp-content\/uploads\/2017\/01\/IMG-20170120-WA0001.jpg\",\"width\":750,\"height\":509,\"caption\":\"Jo\\u00e3o Guilherme, L\\u00e9o Medeiros, Dr. Fernando Barcellos e os bombeiros.\"},{\"@type\":\"WebPage\",\"@id\":\"https:\/\/www.polisrecreio.com.br\/site\/2017\/01\/22\/secretario-de-esportes-trabalha-para-retornar-atividades-nos-estadios-de-recreio\/#webpage\",\"url\":\"https:\/\/www.polisrecreio.com.br\/site\/2017\/01\/22\/secretario-de-esportes-trabalha-para-retornar-atividades-nos-estadios-de-recreio\/\",\"name\":\"Secret\\u00e1rio de Esportes trabalha para retornar atividades nos Est\\u00e1dios de Recreio - P\\u00f3lis Recreio\",\"isPartOf\":{\"@id\":\"https:\/\/www.polisrecreio.com.br\/site\/#website\"},\"primaryImageOfPage\":{\"@id\":\"https:\/\/www.polisrecreio.com.br\/site\/2017\/01\/22\/secretario-de-esportes-trabalha-para-retornar-atividades-nos-estadios-de-recreio\/#primaryimage\"},\"datePublished\":\"2017-01-23T00:22:38+00:00\",\"dateModified\":\"2017-01-23T00:22:38+00:00\",\"author\":{\"@id\":\"https:\/\/www.polisrecreio.com.br\/site\/#\/schema\/person\/3363c1c78e1e28e1329d97adb387638e\"},\"inLanguage\":\"pt-BR\",\"potentialAction\":[{\"@type\":\"ReadAction\",\"target\":[\"https:\/\/www.polisrecreio.com.br\/site\/2017\/01\/22\/secretario-de-esportes-trabalha-para-retornar-atividades-nos-estadios-de-recreio\/\"]}]},{\"@type\":\"Person\",\"@id\":\"https:\/\/www.polisrecreio.com.br\/site\/#\/schema\/person\/3363c1c78e1e28e1329d97adb387638e\",\"name\":\"Leonardo Ribeiro\",\"image\":{\"@type\":\"ImageObject\",\"@id\":\"https:\/\/www.polisrecreio.com.br\/site\/#personlogo\",\"inLanguage\":\"pt-BR\",\"url\":\"https:\/\/secure.gravatar.com\/avatar\/6ba92a37d621e1a83e23710251178a12?s=96&d=mm&r=g\",\"caption\":\"Leonardo Ribeiro\"},\"sameAs\":[\"http:\/\/www.polisrecreio.com.br\"]}]}<\/script>\n<!-- \/ Yoast SEO plugin. -->","_links":{"self":[{"href":"https:\/\/www.polisrecreio.com.br\/site\/wp-json\/wp\/v2\/posts\/4073"}],"collection":[{"href":"https:\/\/www.polisrecreio.com.br\/site\/wp-json\/wp\/v2\/posts"}],"about":[{"href":"https:\/\/www.polisrecreio.com.br\/site\/wp-json\/wp\/v2\/types\/post"}],"author":[{"embeddable":true,"href":"https:\/\/www.polisrecreio.com.br\/site\/wp-json\/wp\/v2\/users\/3"}],"replies":[{"embeddable":true,"href":"https:\/\/www.polisrecreio.com.br\/site\/wp-json\/wp\/v2\/comments?post=4073"}],"version-history":[{"count":1,"href":"https:\/\/www.polisrecreio.com.br\/site\/wp-json\/wp\/v2\/posts\/4073\/revisions"}],"predecessor-version":[{"id":4075,"href":"https:\/\/www.polisrecreio.com.br\/site\/wp-json\/wp\/v2\/posts\/4073\/revisions\/4075"}],"wp:featuredmedia":[{"embeddable":true,"href":"https:\/\/www.polisrecreio.com.br\/site\/wp-json\/wp\/v2\/media\/4074"}],"wp:attachment":[{"href":"https:\/\/www.polisrecreio.com.br\/site\/wp-json\/wp\/v2\/media?parent=4073"}],"wp:term":[{"taxonomy":"category","embeddable":true,"href":"https:\/\/www.polisrecreio.com.br\/site\/wp-json\/wp\/v2\/categories?post=4073"},{"taxonomy":"post_tag","embeddable":true,"href":"https:\/\/www.polisrecreio.com.br\/site\/wp-json\/wp\/v2\/tags?post=4073"}],"curies":[{"name":"wp","href":"https:\/\/api.w.org\/{rel}","templated":true}]}}