{"id":4076,"date":"2017-01-23T07:03:03","date_gmt":"2017-01-23T10:03:03","guid":{"rendered":"http:\/\/www.polisrecreio.com.br\/site\/?p=4076"},"modified":"2017-01-23T07:05:49","modified_gmt":"2017-01-23T10:05:49","slug":"divida-herdada-impede-marcacao-de-exames-e-consultas-de-recreio-no-cisum","status":"publish","type":"post","link":"https:\/\/www.polisrecreio.com.br\/site\/2017\/01\/23\/divida-herdada-impede-marcacao-de-exames-e-consultas-de-recreio-no-cisum\/","title":{"rendered":"D\u00edvida herdada impede marca\u00e7\u00e3o de exames e consultas de Recreio no CISUM"},"content":{"rendered":"<p style=\"text-align: justify;\">O Cons\u00f3rcio Intermunicipal de Sa\u00fade \u201cCISUM\u201d, constitu\u00eddo por 12 munic\u00edpios da regi\u00e3o, entre eles Recreio, tem o objetivo de atender demandas das Secretarias Municipais de Sa\u00fade que s\u00e3o pagas por meio de um repasse das Prefeituras ao Cons\u00f3rcio, por\u00e9m, o nosso Munic\u00edpio est\u00e1 impedido de marcar exames e consultas por causa de uma d\u00edvida herdada pela atual administra\u00e7\u00e3o de quase R$ 17 mil referente a 2016.<\/p>\n<p style=\"text-align: justify;\"><!--more--><\/p>\n<p style=\"text-align: justify;\"><a href=\"http:\/\/www.polisrecreio.com.br\/site\/wp-content\/uploads\/2017\/01\/CISUM-.jpg\"><img loading=\"lazy\" class=\"aligncenter wp-image-4077 size-full\" src=\"http:\/\/www.polisrecreio.com.br\/site\/wp-content\/uploads\/2017\/01\/CISUM-.jpg\" alt=\"CISUM-\" width=\"750\" height=\"449\" srcset=\"https:\/\/www.polisrecreio.com.br\/site\/wp-content\/uploads\/2017\/01\/CISUM-.jpg 750w, https:\/\/www.polisrecreio.com.br\/site\/wp-content\/uploads\/2017\/01\/CISUM--300x180.jpg 300w\" sizes=\"(max-width: 750px) 100vw, 750px\" \/><\/a><\/p>\n<p style=\"text-align: justify;\">Segundo informa\u00e7\u00f5es da secret\u00e1ria de Sa\u00fade, Gabriela Helena de Paula, que esteve em reuni\u00e3o no CISUM na \u00faltima semana, \u201ca d\u00edvida corresponde a tr\u00eas parcelas (mar\u00e7o, novembro e dezembro) de R$ 3.812 e mais R$ 5.488,66 de presta\u00e7\u00f5es de servi\u00e7os. Enquanto a Prefeitura n\u00e3o quitar estes d\u00e9bitos n\u00e3o podemos marcar nenhum exame ou consulta pelo Cons\u00f3rcio\u201d, completou.<\/p>\n<figure id=\"attachment_4078\" aria-describedby=\"caption-attachment-4078\" style=\"width: 750px\" class=\"wp-caption aligncenter\"><a href=\"http:\/\/www.polisrecreio.com.br\/site\/wp-content\/uploads\/2017\/01\/16105715_1396557597053594_1257345535567991310_n.jpg\"><img loading=\"lazy\" class=\"size-full wp-image-4078\" src=\"http:\/\/www.polisrecreio.com.br\/site\/wp-content\/uploads\/2017\/01\/16105715_1396557597053594_1257345535567991310_n.jpg\" alt=\"Gabriela (blusa branca). secret\u00e1ria de Sa\u00fade, na reuni\u00e3o do CISUM. \" width=\"750\" height=\"481\" srcset=\"https:\/\/www.polisrecreio.com.br\/site\/wp-content\/uploads\/2017\/01\/16105715_1396557597053594_1257345535567991310_n.jpg 750w, https:\/\/www.polisrecreio.com.br\/site\/wp-content\/uploads\/2017\/01\/16105715_1396557597053594_1257345535567991310_n-300x192.jpg 300w\" sizes=\"(max-width: 750px) 100vw, 750px\" \/><\/a><figcaption id=\"caption-attachment-4078\" class=\"wp-caption-text\">Gabriela (blusa branca). secret\u00e1ria de Sa\u00fade, na reuni\u00e3o do CISUM.<\/figcaption><\/figure>\n<p style=\"text-align: justify;\">Para reabilitar a participa\u00e7\u00e3o de Recreio no CISUM o prefeito, Z\u00e9 Maria Barros, informou ao Site P\u00f3lis que celebrou um novo contrato que custar\u00e1 ao Munic\u00edpio aproximadamente R$ 50 mil anual dividido em parcelas mensais. Sobre a d\u00edvida o chefe do executivo municipal disse que \u201cespera resolver a situa\u00e7\u00e3o o mais breve poss\u00edvel\u201d.<\/p>\n","protected":false},"excerpt":{"rendered":"<p>O Cons\u00f3rcio Intermunicipal de Sa\u00fade \u201cCISUM\u201d, constitu\u00eddo por 12 munic\u00edpios da regi\u00e3o, entre eles Recreio, tem o objetivo de atender demandas das Secretarias Municipais de Sa\u00fade que s\u00e3o pagas por meio de um repasse das Prefeituras ao Cons\u00f3rcio, por\u00e9m, o nosso Munic\u00edpio est\u00e1 impedido de marcar exames e consultas por causa de uma d\u00edvida herdada [&hellip;]<\/p>\n","protected":false},"author":3,"featured_media":4077,"comment_status":"open","ping_status":"open","sticky":false,"template":"","format":"standard","meta":[],"categories":[7],"tags":[],"yoast_head":"<!-- This site is optimized with the Yoast SEO plugin v15.6.2 - https:\/\/yoast.com\/wordpress\/plugins\/seo\/ -->\n<meta name=\"robots\" content=\"index, follow, max-snippet:-1, max-image-preview:large, max-video-preview:-1\" \/>\n<link rel=\"canonical\" href=\"https:\/\/www.polisrecreio.com.br\/site\/2017\/01\/23\/divida-herdada-impede-marcacao-de-exames-e-consultas-de-recreio-no-cisum\/\" \/>\n<meta property=\"og:locale\" content=\"pt_BR\" \/>\n<meta property=\"og:type\" content=\"article\" \/>\n<meta property=\"og:title\" content=\"D\u00edvida herdada impede marca\u00e7\u00e3o de exames e consultas de Recreio no CISUM - P\u00f3lis Recreio\" \/>\n<meta property=\"og:description\" content=\"O Cons\u00f3rcio Intermunicipal de Sa\u00fade \u201cCISUM\u201d, constitu\u00eddo por 12 munic\u00edpios da regi\u00e3o, entre eles Recreio, tem o objetivo de atender demandas das Secretarias Municipais de Sa\u00fade que s\u00e3o pagas por meio de um repasse das Prefeituras ao Cons\u00f3rcio, por\u00e9m, o nosso Munic\u00edpio est\u00e1 impedido de marcar exames e consultas por causa de uma d\u00edvida herdada [&hellip;]\" \/>\n<meta property=\"og:url\" content=\"https:\/\/www.polisrecreio.com.br\/site\/2017\/01\/23\/divida-herdada-impede-marcacao-de-exames-e-consultas-de-recreio-no-cisum\/\" \/>\n<meta property=\"og:site_name\" content=\"P\u00f3lis Recreio\" \/>\n<meta property=\"article:publisher\" content=\"https:\/\/www.facebook.com\/Site-P%c3%b3lis-Recreio-MG-181941708571019\/\" \/>\n<meta property=\"article:published_time\" content=\"2017-01-23T10:03:03+00:00\" \/>\n<meta property=\"article:modified_time\" content=\"2017-01-23T10:05:49+00:00\" \/>\n<meta property=\"og:image\" content=\"https:\/\/www.polisrecreio.com.br\/site\/wp-content\/uploads\/2017\/01\/CISUM-.jpg\" \/>\n\t<meta property=\"og:image:width\" content=\"750\" \/>\n\t<meta property=\"og:image:height\" content=\"449\" \/>\n<meta name=\"twitter:card\" content=\"summary_large_image\" \/>\n<meta name=\"twitter:creator\" content=\"@PolisRecreio\" \/>\n<meta name=\"twitter:site\" content=\"@PolisRecreio\" \/>\n<meta name=\"twitter:label1\" content=\"Est. reading time\">\n\t<meta name=\"twitter:data1\" content=\"1 minuto\">\n<script type=\"application\/ld+json\" class=\"yoast-schema-graph\">{\"@context\":\"https:\/\/schema.org\",\"@graph\":[{\"@type\":\"WebSite\",\"@id\":\"https:\/\/www.polisrecreio.com.br\/site\/#website\",\"url\":\"https:\/\/www.polisrecreio.com.br\/site\/\",\"name\":\"P\\u00f3lis Recreio\",\"description\":\"\",\"potentialAction\":[{\"@type\":\"SearchAction\",\"target\":\"https:\/\/www.polisrecreio.com.br\/site\/?s={search_term_string}\",\"query-input\":\"required name=search_term_string\"}],\"inLanguage\":\"pt-BR\"},{\"@type\":\"ImageObject\",\"@id\":\"https:\/\/www.polisrecreio.com.br\/site\/2017\/01\/23\/divida-herdada-impede-marcacao-de-exames-e-consultas-de-recreio-no-cisum\/#primaryimage\",\"inLanguage\":\"pt-BR\",\"url\":\"https:\/\/www.polisrecreio.com.br\/site\/wp-content\/uploads\/2017\/01\/CISUM-.jpg\",\"width\":750,\"height\":449},{\"@type\":\"WebPage\",\"@id\":\"https:\/\/www.polisrecreio.com.br\/site\/2017\/01\/23\/divida-herdada-impede-marcacao-de-exames-e-consultas-de-recreio-no-cisum\/#webpage\",\"url\":\"https:\/\/www.polisrecreio.com.br\/site\/2017\/01\/23\/divida-herdada-impede-marcacao-de-exames-e-consultas-de-recreio-no-cisum\/\",\"name\":\"D\\u00edvida herdada impede marca\\u00e7\\u00e3o de exames e consultas de Recreio no CISUM - P\\u00f3lis Recreio\",\"isPartOf\":{\"@id\":\"https:\/\/www.polisrecreio.com.br\/site\/#website\"},\"primaryImageOfPage\":{\"@id\":\"https:\/\/www.polisrecreio.com.br\/site\/2017\/01\/23\/divida-herdada-impede-marcacao-de-exames-e-consultas-de-recreio-no-cisum\/#primaryimage\"},\"datePublished\":\"2017-01-23T10:03:03+00:00\",\"dateModified\":\"2017-01-23T10:05:49+00:00\",\"author\":{\"@id\":\"https:\/\/www.polisrecreio.com.br\/site\/#\/schema\/person\/3363c1c78e1e28e1329d97adb387638e\"},\"inLanguage\":\"pt-BR\",\"potentialAction\":[{\"@type\":\"ReadAction\",\"target\":[\"https:\/\/www.polisrecreio.com.br\/site\/2017\/01\/23\/divida-herdada-impede-marcacao-de-exames-e-consultas-de-recreio-no-cisum\/\"]}]},{\"@type\":\"Person\",\"@id\":\"https:\/\/www.polisrecreio.com.br\/site\/#\/schema\/person\/3363c1c78e1e28e1329d97adb387638e\",\"name\":\"Leonardo Ribeiro\",\"image\":{\"@type\":\"ImageObject\",\"@id\":\"https:\/\/www.polisrecreio.com.br\/site\/#personlogo\",\"inLanguage\":\"pt-BR\",\"url\":\"https:\/\/secure.gravatar.com\/avatar\/6ba92a37d621e1a83e23710251178a12?s=96&d=mm&r=g\",\"caption\":\"Leonardo Ribeiro\"},\"sameAs\":[\"http:\/\/www.polisrecreio.com.br\"]}]}<\/script>\n<!-- \/ Yoast SEO plugin. -->","_links":{"self":[{"href":"https:\/\/www.polisrecreio.com.br\/site\/wp-json\/wp\/v2\/posts\/4076"}],"collection":[{"href":"https:\/\/www.polisrecreio.com.br\/site\/wp-json\/wp\/v2\/posts"}],"about":[{"href":"https:\/\/www.polisrecreio.com.br\/site\/wp-json\/wp\/v2\/types\/post"}],"author":[{"embeddable":true,"href":"https:\/\/www.polisrecreio.com.br\/site\/wp-json\/wp\/v2\/users\/3"}],"replies":[{"embeddable":true,"href":"https:\/\/www.polisrecreio.com.br\/site\/wp-json\/wp\/v2\/comments?post=4076"}],"version-history":[{"count":2,"href":"https:\/\/www.polisrecreio.com.br\/site\/wp-json\/wp\/v2\/posts\/4076\/revisions"}],"predecessor-version":[{"id":4080,"href":"https:\/\/www.polisrecreio.com.br\/site\/wp-json\/wp\/v2\/posts\/4076\/revisions\/4080"}],"wp:featuredmedia":[{"embeddable":true,"href":"https:\/\/www.polisrecreio.com.br\/site\/wp-json\/wp\/v2\/media\/4077"}],"wp:attachment":[{"href":"https:\/\/www.polisrecreio.com.br\/site\/wp-json\/wp\/v2\/media?parent=4076"}],"wp:term":[{"taxonomy":"category","embeddable":true,"href":"https:\/\/www.polisrecreio.com.br\/site\/wp-json\/wp\/v2\/categories?post=4076"},{"taxonomy":"post_tag","embeddable":true,"href":"https:\/\/www.polisrecreio.com.br\/site\/wp-json\/wp\/v2\/tags?post=4076"}],"curies":[{"name":"wp","href":"https:\/\/api.w.org\/{rel}","templated":true}]}}