{"id":4081,"date":"2017-01-23T11:16:38","date_gmt":"2017-01-23T14:16:38","guid":{"rendered":"http:\/\/www.polisrecreio.com.br\/site\/?p=4081"},"modified":"2017-01-24T19:42:33","modified_gmt":"2017-01-24T22:42:33","slug":"processo-seletivo-da-prefeitura-de-recreio-sera-aplicado-em-tres-escolas","status":"publish","type":"post","link":"https:\/\/www.polisrecreio.com.br\/site\/2017\/01\/23\/processo-seletivo-da-prefeitura-de-recreio-sera-aplicado-em-tres-escolas\/","title":{"rendered":"Processo seletivo da Prefeitura de Recreio ser\u00e1 aplicado em tr\u00eas escolas"},"content":{"rendered":"<p style=\"text-align: justify;\">Diante do grande n\u00famero de inscritos no processo seletivo simplificado n\u00ba 001\/2017, o prefeito de Recreio, Z\u00e9 Maria Barros, comunicou que as provas ser\u00e3o aplicadas nesta ter\u00e7a-feira (24) em tr\u00eas escolas diferentes. O hor\u00e1rio das aplica\u00e7\u00f5es, em todos os locais, ser\u00e1 \u00e0s 10h.<\/p>\n<p style=\"text-align: justify;\"><!--more--><\/p>\n<p style=\"text-align: justify;\"><a href=\"http:\/\/www.polisrecreio.com.br\/site\/wp-content\/uploads\/2016\/06\/prefeitura.jpg\"><img loading=\"lazy\" class=\"aligncenter size-full wp-image-2056\" src=\"http:\/\/www.polisrecreio.com.br\/site\/wp-content\/uploads\/2016\/06\/prefeitura.jpg\" alt=\"prefeitura\" width=\"800\" height=\"486\" srcset=\"https:\/\/www.polisrecreio.com.br\/site\/wp-content\/uploads\/2016\/06\/prefeitura.jpg 800w, https:\/\/www.polisrecreio.com.br\/site\/wp-content\/uploads\/2016\/06\/prefeitura-300x182.jpg 300w\" sizes=\"(max-width: 800px) 100vw, 800px\" \/><\/a><\/p>\n<p style=\"text-align: justify;\">Confira abaixo lista dos locais onde ser\u00e3o aplicadas as avalia\u00e7\u00f5es.<\/p>\n<p style=\"text-align: justify;\">E.M Prof\u00aa. Nice Damasceno de Almeida Muniz \u2013 Rua Sargento Euber de Queiroz, n\u00ba 142, bairro Sebasti\u00e3o Dadu Arruda:<\/p>\n<p style=\"text-align: justify;\">&#8211; Auxiliar servi\u00e7os gerais;<\/p>\n<p style=\"text-align: justify;\">&#8211; Servente escolar.<\/p>\n<p style=\"text-align: justify;\">E.M Jo\u00e3o Damasceno Ferreira \u2013 Rua Paulino Ferreira Neto, n\u00ba 389, bairro Machados:<\/p>\n<p style=\"text-align: justify;\">&#8211; T\u00e9cnico de enfermagem;<\/p>\n<p style=\"text-align: justify;\">&#8211; T\u00e9cnico de higiene dental;<\/p>\n<p style=\"text-align: justify;\">&#8211; T\u00e9cnico de servi\u00e7os escolares;<\/p>\n<p style=\"text-align: justify;\">&#8211; Professor de inform\u00e1tica;<\/p>\n<p style=\"text-align: justify;\">&#8211; Professor I (ensino fundamental fase inicial);<\/p>\n<p style=\"text-align: justify;\">&#8211; Professor de educa\u00e7\u00e3o f\u00edsica;<\/p>\n<p style=\"text-align: justify;\">&#8211; Professor de artes;<\/p>\n<p style=\"text-align: justify;\">&#8211; Professor de hist\u00f3ria;<\/p>\n<p style=\"text-align: justify;\">&#8211; Pedagogo;<\/p>\n<p style=\"text-align: justify;\">&#8211; Farmac\u00eautico;<\/p>\n<p style=\"text-align: justify;\">&#8211; Psic\u00f3logo;<\/p>\n<p style=\"text-align: justify;\">&#8211; Assistente social;<\/p>\n<p style=\"text-align: justify;\">&#8211; M\u00e9dico do ESF;<\/p>\n<p style=\"text-align: justify;\">&#8211; Odont\u00f3logo do ESF;<\/p>\n<p style=\"text-align: justify;\">&#8211; Nutricionista.<\/p>\n<p style=\"text-align: justify;\">E.E Olavo Bilac \u2013 Pra\u00e7a Am\u00e9rico Sim\u00e3o, n\u00ba 102, bairro Centro:<\/p>\n<p style=\"text-align: justify;\">&#8211; Agente controlador de dengue;<\/p>\n<p style=\"text-align: justify;\">&#8211; Agentes de sa\u00fade;<\/p>\n<p style=\"text-align: justify;\">&#8211; Motorista;<\/p>\n<p style=\"text-align: justify;\">&#8211; Operador de m\u00e1quinas pesadas.<\/p>\n<p style=\"text-align: justify;\">O aditivo ao edital de processo seletivo simplificado n\u00ba 001\/2017 da Prefeitura de Recreio foi publicado no Di\u00e1rio Oficial dos Munic\u00edpios Mineiros desta segunda-feira (23).<\/p>\n","protected":false},"excerpt":{"rendered":"<p>Diante do grande n\u00famero de inscritos no processo seletivo simplificado n\u00ba 001\/2017, o prefeito de Recreio, Z\u00e9 Maria Barros, comunicou que as provas ser\u00e3o aplicadas nesta ter\u00e7a-feira (24) em tr\u00eas escolas diferentes. O hor\u00e1rio das aplica\u00e7\u00f5es, em todos os locais, ser\u00e1 \u00e0s 10h.<\/p>\n","protected":false},"author":3,"featured_media":2056,"comment_status":"open","ping_status":"open","sticky":false,"template":"","format":"standard","meta":[],"categories":[6],"tags":[],"yoast_head":"<!-- This site is optimized with the Yoast SEO plugin v15.6.2 - https:\/\/yoast.com\/wordpress\/plugins\/seo\/ -->\n<meta name=\"robots\" content=\"index, follow, max-snippet:-1, max-image-preview:large, max-video-preview:-1\" \/>\n<link rel=\"canonical\" href=\"https:\/\/www.polisrecreio.com.br\/site\/2017\/01\/23\/processo-seletivo-da-prefeitura-de-recreio-sera-aplicado-em-tres-escolas\/\" \/>\n<meta property=\"og:locale\" content=\"pt_BR\" \/>\n<meta property=\"og:type\" content=\"article\" \/>\n<meta property=\"og:title\" content=\"Processo seletivo da Prefeitura de Recreio ser\u00e1 aplicado em tr\u00eas escolas - P\u00f3lis Recreio\" \/>\n<meta property=\"og:description\" content=\"Diante do grande n\u00famero de inscritos no processo seletivo simplificado n\u00ba 001\/2017, o prefeito de Recreio, Z\u00e9 Maria Barros, comunicou que as provas ser\u00e3o aplicadas nesta ter\u00e7a-feira (24) em tr\u00eas escolas diferentes. O hor\u00e1rio das aplica\u00e7\u00f5es, em todos os locais, ser\u00e1 \u00e0s 10h.\" \/>\n<meta property=\"og:url\" content=\"https:\/\/www.polisrecreio.com.br\/site\/2017\/01\/23\/processo-seletivo-da-prefeitura-de-recreio-sera-aplicado-em-tres-escolas\/\" \/>\n<meta property=\"og:site_name\" content=\"P\u00f3lis Recreio\" \/>\n<meta property=\"article:publisher\" content=\"https:\/\/www.facebook.com\/Site-P%c3%b3lis-Recreio-MG-181941708571019\/\" \/>\n<meta property=\"article:published_time\" content=\"2017-01-23T14:16:38+00:00\" \/>\n<meta property=\"article:modified_time\" content=\"2017-01-24T22:42:33+00:00\" \/>\n<meta property=\"og:image\" content=\"https:\/\/www.polisrecreio.com.br\/site\/wp-content\/uploads\/2016\/06\/prefeitura.jpg\" \/>\n\t<meta property=\"og:image:width\" content=\"800\" \/>\n\t<meta property=\"og:image:height\" content=\"486\" \/>\n<meta name=\"twitter:card\" content=\"summary_large_image\" \/>\n<meta name=\"twitter:creator\" content=\"@PolisRecreio\" \/>\n<meta name=\"twitter:site\" content=\"@PolisRecreio\" \/>\n<meta name=\"twitter:label1\" content=\"Est. reading time\">\n\t<meta name=\"twitter:data1\" content=\"1 minuto\">\n<script type=\"application\/ld+json\" class=\"yoast-schema-graph\">{\"@context\":\"https:\/\/schema.org\",\"@graph\":[{\"@type\":\"WebSite\",\"@id\":\"https:\/\/www.polisrecreio.com.br\/site\/#website\",\"url\":\"https:\/\/www.polisrecreio.com.br\/site\/\",\"name\":\"P\\u00f3lis Recreio\",\"description\":\"\",\"potentialAction\":[{\"@type\":\"SearchAction\",\"target\":\"https:\/\/www.polisrecreio.com.br\/site\/?s={search_term_string}\",\"query-input\":\"required name=search_term_string\"}],\"inLanguage\":\"pt-BR\"},{\"@type\":\"ImageObject\",\"@id\":\"https:\/\/www.polisrecreio.com.br\/site\/2017\/01\/23\/processo-seletivo-da-prefeitura-de-recreio-sera-aplicado-em-tres-escolas\/#primaryimage\",\"inLanguage\":\"pt-BR\",\"url\":\"https:\/\/www.polisrecreio.com.br\/site\/wp-content\/uploads\/2016\/06\/prefeitura.jpg\",\"width\":800,\"height\":486},{\"@type\":\"WebPage\",\"@id\":\"https:\/\/www.polisrecreio.com.br\/site\/2017\/01\/23\/processo-seletivo-da-prefeitura-de-recreio-sera-aplicado-em-tres-escolas\/#webpage\",\"url\":\"https:\/\/www.polisrecreio.com.br\/site\/2017\/01\/23\/processo-seletivo-da-prefeitura-de-recreio-sera-aplicado-em-tres-escolas\/\",\"name\":\"Processo seletivo da Prefeitura de Recreio ser\\u00e1 aplicado em tr\\u00eas escolas - P\\u00f3lis Recreio\",\"isPartOf\":{\"@id\":\"https:\/\/www.polisrecreio.com.br\/site\/#website\"},\"primaryImageOfPage\":{\"@id\":\"https:\/\/www.polisrecreio.com.br\/site\/2017\/01\/23\/processo-seletivo-da-prefeitura-de-recreio-sera-aplicado-em-tres-escolas\/#primaryimage\"},\"datePublished\":\"2017-01-23T14:16:38+00:00\",\"dateModified\":\"2017-01-24T22:42:33+00:00\",\"author\":{\"@id\":\"https:\/\/www.polisrecreio.com.br\/site\/#\/schema\/person\/3363c1c78e1e28e1329d97adb387638e\"},\"inLanguage\":\"pt-BR\",\"potentialAction\":[{\"@type\":\"ReadAction\",\"target\":[\"https:\/\/www.polisrecreio.com.br\/site\/2017\/01\/23\/processo-seletivo-da-prefeitura-de-recreio-sera-aplicado-em-tres-escolas\/\"]}]},{\"@type\":\"Person\",\"@id\":\"https:\/\/www.polisrecreio.com.br\/site\/#\/schema\/person\/3363c1c78e1e28e1329d97adb387638e\",\"name\":\"Leonardo Ribeiro\",\"image\":{\"@type\":\"ImageObject\",\"@id\":\"https:\/\/www.polisrecreio.com.br\/site\/#personlogo\",\"inLanguage\":\"pt-BR\",\"url\":\"https:\/\/secure.gravatar.com\/avatar\/6ba92a37d621e1a83e23710251178a12?s=96&d=mm&r=g\",\"caption\":\"Leonardo Ribeiro\"},\"sameAs\":[\"http:\/\/www.polisrecreio.com.br\"]}]}<\/script>\n<!-- \/ Yoast SEO plugin. -->","_links":{"self":[{"href":"https:\/\/www.polisrecreio.com.br\/site\/wp-json\/wp\/v2\/posts\/4081"}],"collection":[{"href":"https:\/\/www.polisrecreio.com.br\/site\/wp-json\/wp\/v2\/posts"}],"about":[{"href":"https:\/\/www.polisrecreio.com.br\/site\/wp-json\/wp\/v2\/types\/post"}],"author":[{"embeddable":true,"href":"https:\/\/www.polisrecreio.com.br\/site\/wp-json\/wp\/v2\/users\/3"}],"replies":[{"embeddable":true,"href":"https:\/\/www.polisrecreio.com.br\/site\/wp-json\/wp\/v2\/comments?post=4081"}],"version-history":[{"count":4,"href":"https:\/\/www.polisrecreio.com.br\/site\/wp-json\/wp\/v2\/posts\/4081\/revisions"}],"predecessor-version":[{"id":4100,"href":"https:\/\/www.polisrecreio.com.br\/site\/wp-json\/wp\/v2\/posts\/4081\/revisions\/4100"}],"wp:featuredmedia":[{"embeddable":true,"href":"https:\/\/www.polisrecreio.com.br\/site\/wp-json\/wp\/v2\/media\/2056"}],"wp:attachment":[{"href":"https:\/\/www.polisrecreio.com.br\/site\/wp-json\/wp\/v2\/media?parent=4081"}],"wp:term":[{"taxonomy":"category","embeddable":true,"href":"https:\/\/www.polisrecreio.com.br\/site\/wp-json\/wp\/v2\/categories?post=4081"},{"taxonomy":"post_tag","embeddable":true,"href":"https:\/\/www.polisrecreio.com.br\/site\/wp-json\/wp\/v2\/tags?post=4081"}],"curies":[{"name":"wp","href":"https:\/\/api.w.org\/{rel}","templated":true}]}}