{"id":4101,"date":"2017-01-24T19:57:23","date_gmt":"2017-01-24T22:57:23","guid":{"rendered":"http:\/\/www.polisrecreio.com.br\/site\/?p=4101"},"modified":"2017-01-24T20:01:10","modified_gmt":"2017-01-24T23:01:10","slug":"prefeitura-de-recreio-divulga-gabarito-do-seletivo-aplicado-nesta-terca-feira","status":"publish","type":"post","link":"https:\/\/www.polisrecreio.com.br\/site\/2017\/01\/24\/prefeitura-de-recreio-divulga-gabarito-do-seletivo-aplicado-nesta-terca-feira\/","title":{"rendered":"Prefeitura de Recreio divulga gabarito do seletivo aplicado nesta ter\u00e7a-feira"},"content":{"rendered":"<p style=\"text-align: justify;\">O gabarito oficial do processo seletivo n\u00ba 001\/2017 da Prefeitura de Recreio acaba de ser divulgado e o Site P\u00f3lis obteve com exclusividade o documento que estar\u00e1 dispon\u00edvel amanh\u00e3 no Pa\u00e7o Municipal. As provas foram aplicadas nesta ter\u00e7a-feira (24).<\/p>\n<p style=\"text-align: justify;\"><!--more--><\/p>\n<p style=\"text-align: justify;\"><a href=\"http:\/\/www.polisrecreio.com.br\/site\/wp-content\/uploads\/2016\/06\/prefeitura.jpg\"><img loading=\"lazy\" class=\"aligncenter size-full wp-image-2056\" src=\"http:\/\/www.polisrecreio.com.br\/site\/wp-content\/uploads\/2016\/06\/prefeitura.jpg\" alt=\"prefeitura\" width=\"800\" height=\"486\" srcset=\"https:\/\/www.polisrecreio.com.br\/site\/wp-content\/uploads\/2016\/06\/prefeitura.jpg 800w, https:\/\/www.polisrecreio.com.br\/site\/wp-content\/uploads\/2016\/06\/prefeitura-300x182.jpg 300w\" sizes=\"(max-width: 800px) 100vw, 800px\" \/><\/a><\/p>\n<p style=\"text-align: justify;\">As vagas do edital eram para professor (inform\u00e1tica, educa\u00e7\u00e3o f\u00edsica, artes, hist\u00f3ria e ensino fundamental fase inicial), pedagogo, farmac\u00eautico bioqu\u00edmico, psic\u00f3logo, assistente social, agente controlador de dengue, agente de sa\u00fade, auxiliar de servi\u00e7os gerais, t\u00e9cnico de enfermagem, servente escolar, nutricionista, motorista \u2013 carteira D, t\u00e9cnico de servi\u00e7o escolar, m\u00e9dico cl\u00ednico ESF, dentista do ESF, t\u00e9cnico de higiene dental e operador de m\u00e1quinas pesadas.<\/p>\n<p style=\"text-align: justify;\">As provas foram aplicadas\u00a0em tr\u00eas escolas devido ao grande n\u00famero de inscritos. E.M Jo\u00e3o Damasceno Ferreira, E.M Professora Nice Damasceno de Almeida Muniz e E.E Olavo Bilac, receberam os selecion\u00e1veis.<\/p>\n<p style=\"text-align: justify;\">O resultado final sair\u00e1 sexta-feira (27). O candidato estar\u00e1 desclassificado caso n\u00e3o atinja 50% de acertos na prova. Os aprovados passar\u00e3o por uma entrevista no Centro de Refer\u00eancia de Assist\u00eancia Social, na Avenida Osvaldo Alvim, no bairro Sebasti\u00e3o Dad\u00fa Arruda, no dia 28, \u00e0s 13h.<\/p>\n<p style=\"text-align: justify;\">Confira o <a href=\"http:\/\/www.polisrecreio.com.br\/site\/wp-content\/uploads\/2017\/01\/GABARITO-OFICIAL-PMR-SELETIVO-001-2017.pdf\" target=\"_blank\">GABARITO OFICIAL PMR SELETIVO 001-2017<\/a><\/p>\n","protected":false},"excerpt":{"rendered":"<p>O gabarito oficial do processo seletivo n\u00ba 001\/2017 da Prefeitura de Recreio acaba de ser divulgado e o Site P\u00f3lis obteve com exclusividade o documento que estar\u00e1 dispon\u00edvel amanh\u00e3 no Pa\u00e7o Municipal. As provas foram aplicadas nesta ter\u00e7a-feira (24).<\/p>\n","protected":false},"author":3,"featured_media":2056,"comment_status":"open","ping_status":"open","sticky":false,"template":"","format":"standard","meta":[],"categories":[6],"tags":[],"yoast_head":"<!-- This site is optimized with the Yoast SEO plugin v15.6.2 - https:\/\/yoast.com\/wordpress\/plugins\/seo\/ -->\n<meta name=\"robots\" content=\"index, follow, max-snippet:-1, max-image-preview:large, max-video-preview:-1\" \/>\n<link rel=\"canonical\" href=\"https:\/\/www.polisrecreio.com.br\/site\/2017\/01\/24\/prefeitura-de-recreio-divulga-gabarito-do-seletivo-aplicado-nesta-terca-feira\/\" \/>\n<meta property=\"og:locale\" content=\"pt_BR\" \/>\n<meta property=\"og:type\" content=\"article\" \/>\n<meta property=\"og:title\" content=\"Prefeitura de Recreio divulga gabarito do seletivo aplicado nesta ter\u00e7a-feira - P\u00f3lis Recreio\" \/>\n<meta property=\"og:description\" content=\"O gabarito oficial do processo seletivo n\u00ba 001\/2017 da Prefeitura de Recreio acaba de ser divulgado e o Site P\u00f3lis obteve com exclusividade o documento que estar\u00e1 dispon\u00edvel amanh\u00e3 no Pa\u00e7o Municipal. As provas foram aplicadas nesta ter\u00e7a-feira (24).\" \/>\n<meta property=\"og:url\" content=\"https:\/\/www.polisrecreio.com.br\/site\/2017\/01\/24\/prefeitura-de-recreio-divulga-gabarito-do-seletivo-aplicado-nesta-terca-feira\/\" \/>\n<meta property=\"og:site_name\" content=\"P\u00f3lis Recreio\" \/>\n<meta property=\"article:publisher\" content=\"https:\/\/www.facebook.com\/Site-P%c3%b3lis-Recreio-MG-181941708571019\/\" \/>\n<meta property=\"article:published_time\" content=\"2017-01-24T22:57:23+00:00\" \/>\n<meta property=\"article:modified_time\" content=\"2017-01-24T23:01:10+00:00\" \/>\n<meta property=\"og:image\" content=\"https:\/\/www.polisrecreio.com.br\/site\/wp-content\/uploads\/2016\/06\/prefeitura.jpg\" \/>\n\t<meta property=\"og:image:width\" content=\"800\" \/>\n\t<meta property=\"og:image:height\" content=\"486\" \/>\n<meta name=\"twitter:card\" content=\"summary_large_image\" \/>\n<meta name=\"twitter:creator\" content=\"@PolisRecreio\" \/>\n<meta name=\"twitter:site\" content=\"@PolisRecreio\" \/>\n<meta name=\"twitter:label1\" content=\"Est. reading time\">\n\t<meta name=\"twitter:data1\" content=\"1 minuto\">\n<script type=\"application\/ld+json\" class=\"yoast-schema-graph\">{\"@context\":\"https:\/\/schema.org\",\"@graph\":[{\"@type\":\"WebSite\",\"@id\":\"https:\/\/www.polisrecreio.com.br\/site\/#website\",\"url\":\"https:\/\/www.polisrecreio.com.br\/site\/\",\"name\":\"P\\u00f3lis Recreio\",\"description\":\"\",\"potentialAction\":[{\"@type\":\"SearchAction\",\"target\":\"https:\/\/www.polisrecreio.com.br\/site\/?s={search_term_string}\",\"query-input\":\"required name=search_term_string\"}],\"inLanguage\":\"pt-BR\"},{\"@type\":\"ImageObject\",\"@id\":\"https:\/\/www.polisrecreio.com.br\/site\/2017\/01\/24\/prefeitura-de-recreio-divulga-gabarito-do-seletivo-aplicado-nesta-terca-feira\/#primaryimage\",\"inLanguage\":\"pt-BR\",\"url\":\"https:\/\/www.polisrecreio.com.br\/site\/wp-content\/uploads\/2016\/06\/prefeitura.jpg\",\"width\":800,\"height\":486},{\"@type\":\"WebPage\",\"@id\":\"https:\/\/www.polisrecreio.com.br\/site\/2017\/01\/24\/prefeitura-de-recreio-divulga-gabarito-do-seletivo-aplicado-nesta-terca-feira\/#webpage\",\"url\":\"https:\/\/www.polisrecreio.com.br\/site\/2017\/01\/24\/prefeitura-de-recreio-divulga-gabarito-do-seletivo-aplicado-nesta-terca-feira\/\",\"name\":\"Prefeitura de Recreio divulga gabarito do seletivo aplicado nesta ter\\u00e7a-feira - P\\u00f3lis Recreio\",\"isPartOf\":{\"@id\":\"https:\/\/www.polisrecreio.com.br\/site\/#website\"},\"primaryImageOfPage\":{\"@id\":\"https:\/\/www.polisrecreio.com.br\/site\/2017\/01\/24\/prefeitura-de-recreio-divulga-gabarito-do-seletivo-aplicado-nesta-terca-feira\/#primaryimage\"},\"datePublished\":\"2017-01-24T22:57:23+00:00\",\"dateModified\":\"2017-01-24T23:01:10+00:00\",\"author\":{\"@id\":\"https:\/\/www.polisrecreio.com.br\/site\/#\/schema\/person\/3363c1c78e1e28e1329d97adb387638e\"},\"inLanguage\":\"pt-BR\",\"potentialAction\":[{\"@type\":\"ReadAction\",\"target\":[\"https:\/\/www.polisrecreio.com.br\/site\/2017\/01\/24\/prefeitura-de-recreio-divulga-gabarito-do-seletivo-aplicado-nesta-terca-feira\/\"]}]},{\"@type\":\"Person\",\"@id\":\"https:\/\/www.polisrecreio.com.br\/site\/#\/schema\/person\/3363c1c78e1e28e1329d97adb387638e\",\"name\":\"Leonardo Ribeiro\",\"image\":{\"@type\":\"ImageObject\",\"@id\":\"https:\/\/www.polisrecreio.com.br\/site\/#personlogo\",\"inLanguage\":\"pt-BR\",\"url\":\"https:\/\/secure.gravatar.com\/avatar\/6ba92a37d621e1a83e23710251178a12?s=96&d=mm&r=g\",\"caption\":\"Leonardo Ribeiro\"},\"sameAs\":[\"http:\/\/www.polisrecreio.com.br\"]}]}<\/script>\n<!-- \/ Yoast SEO plugin. -->","_links":{"self":[{"href":"https:\/\/www.polisrecreio.com.br\/site\/wp-json\/wp\/v2\/posts\/4101"}],"collection":[{"href":"https:\/\/www.polisrecreio.com.br\/site\/wp-json\/wp\/v2\/posts"}],"about":[{"href":"https:\/\/www.polisrecreio.com.br\/site\/wp-json\/wp\/v2\/types\/post"}],"author":[{"embeddable":true,"href":"https:\/\/www.polisrecreio.com.br\/site\/wp-json\/wp\/v2\/users\/3"}],"replies":[{"embeddable":true,"href":"https:\/\/www.polisrecreio.com.br\/site\/wp-json\/wp\/v2\/comments?post=4101"}],"version-history":[{"count":2,"href":"https:\/\/www.polisrecreio.com.br\/site\/wp-json\/wp\/v2\/posts\/4101\/revisions"}],"predecessor-version":[{"id":4104,"href":"https:\/\/www.polisrecreio.com.br\/site\/wp-json\/wp\/v2\/posts\/4101\/revisions\/4104"}],"wp:featuredmedia":[{"embeddable":true,"href":"https:\/\/www.polisrecreio.com.br\/site\/wp-json\/wp\/v2\/media\/2056"}],"wp:attachment":[{"href":"https:\/\/www.polisrecreio.com.br\/site\/wp-json\/wp\/v2\/media?parent=4101"}],"wp:term":[{"taxonomy":"category","embeddable":true,"href":"https:\/\/www.polisrecreio.com.br\/site\/wp-json\/wp\/v2\/categories?post=4101"},{"taxonomy":"post_tag","embeddable":true,"href":"https:\/\/www.polisrecreio.com.br\/site\/wp-json\/wp\/v2\/tags?post=4101"}],"curies":[{"name":"wp","href":"https:\/\/api.w.org\/{rel}","templated":true}]}}