{"id":4105,"date":"2017-01-25T13:43:20","date_gmt":"2017-01-25T16:43:20","guid":{"rendered":"http:\/\/www.polisrecreio.com.br\/site\/?p=4105"},"modified":"2017-01-25T13:43:20","modified_gmt":"2017-01-25T16:43:20","slug":"faltam-30-dias-para-a-festa-mais-popular-de-recreio-o-carnaval","status":"publish","type":"post","link":"https:\/\/www.polisrecreio.com.br\/site\/2017\/01\/25\/faltam-30-dias-para-a-festa-mais-popular-de-recreio-o-carnaval\/","title":{"rendered":"Faltam 30 dias para a festa mais popular de Recreio, o Carnaval"},"content":{"rendered":"<p style=\"text-align: justify;\">A contar a partir de hoje (25) faltam apenas 30 dias para a festa mais popular de Recreio, o Carnaval. Na cidade os festejos s\u00e3o marcados pelos reencontros de familiares e amigos, pelos blocos de rua que agitam os quatro dias e pela participa\u00e7\u00e3o de umas das escolas de samba mais tradicionais da regi\u00e3o, a ERUS.<\/p>\n<p style=\"text-align: justify;\"><!--more--><\/p>\n<figure id=\"attachment_1109\" aria-describedby=\"caption-attachment-1109\" style=\"width: 960px\" class=\"wp-caption aligncenter\"><a href=\"http:\/\/www.polisrecreio.com.br\/site\/wp-content\/uploads\/2016\/02\/12647312_600541896766348_8312185706629081238_n.jpg\"><img loading=\"lazy\" class=\"wp-image-1109 size-full\" src=\"http:\/\/www.polisrecreio.com.br\/site\/wp-content\/uploads\/2016\/02\/12647312_600541896766348_8312185706629081238_n.jpg\" alt=\"12647312_600541896766348_8312185706629081238_n\" width=\"960\" height=\"626\" srcset=\"https:\/\/www.polisrecreio.com.br\/site\/wp-content\/uploads\/2016\/02\/12647312_600541896766348_8312185706629081238_n.jpg 960w, https:\/\/www.polisrecreio.com.br\/site\/wp-content\/uploads\/2016\/02\/12647312_600541896766348_8312185706629081238_n-300x196.jpg 300w\" sizes=\"(max-width: 960px) 100vw, 960px\" \/><\/a><figcaption id=\"caption-attachment-1109\" class=\"wp-caption-text\">Carnaval de Recreio. Foto: Arquivo.<\/figcaption><\/figure>\n<p style=\"text-align: justify;\">Segundo informa\u00e7\u00f5es obtidas pelo Site P\u00f3lis, a administra\u00e7\u00e3o municipal do prefeito Z\u00e9 Maria Barros, iniciada a pouco mais de 20 dias, est\u00e1 planejando um Carnaval modesto devido aos problemas de in\u00edcio de governo, principalmente, por causa de quest\u00f5es financeiras e d\u00edvidas herdadas da gest\u00e3o que o antecedeu.<\/p>\n<p style=\"text-align: justify;\">V\u00e1rios blocos de ruas j\u00e1 confirmaram participa\u00e7\u00e3o, um dos mais badalados \u00e9 o Bloco Do Bem, marcado para o dia 25 de fevereiro \u2013 s\u00e1bado, com participa\u00e7\u00e3o do grupo de pagode \u201cImagina Samba\u201d e bebidas liberadas durante a concentra\u00e7\u00e3o no Social Country Clube. O Bloco das Piranhas do Caxias (segunda-feira), Preocupados de Souza \u201cPapel Higi\u00eanico\u201d (domingo), Bloco do Iey (s\u00e1bado), Bloco do Funil (domingo), Ratos da Pra\u00e7a (segunda-feira) e Bloco do Mandioca (domingo) tamb\u00e9m est\u00e3o confirmados.<\/p>\n<p style=\"text-align: justify;\">Essa semana o Site P\u00f3lis entrou em contato com o sambistas da ERUS, Lino Lelis, e nas pr\u00f3ximas semanas estaremos divulgando o samba enredo que a escola estar\u00e1 apresentando na avenida durante o 55\u00ba desfile de uma das agremia\u00e7\u00f5es mais tradicionais da regi\u00e3o.<\/p>\n<figure id=\"attachment_1134\" aria-describedby=\"caption-attachment-1134\" style=\"width: 960px\" class=\"wp-caption aligncenter\"><a href=\"http:\/\/www.polisrecreio.com.br\/site\/wp-content\/uploads\/2016\/02\/12647407_601023363384868_1136532944644287506_n.jpg\"><img loading=\"lazy\" class=\"wp-image-1134 size-full\" src=\"http:\/\/www.polisrecreio.com.br\/site\/wp-content\/uploads\/2016\/02\/12647407_601023363384868_1136532944644287506_n.jpg\" alt=\"12647407_601023363384868_1136532944644287506_n\" width=\"960\" height=\"676\" srcset=\"https:\/\/www.polisrecreio.com.br\/site\/wp-content\/uploads\/2016\/02\/12647407_601023363384868_1136532944644287506_n.jpg 960w, https:\/\/www.polisrecreio.com.br\/site\/wp-content\/uploads\/2016\/02\/12647407_601023363384868_1136532944644287506_n-300x211.jpg 300w\" sizes=\"(max-width: 960px) 100vw, 960px\" \/><\/a><figcaption id=\"caption-attachment-1134\" class=\"wp-caption-text\">Coroa da escola de samba ERUS. Foto: Arquivo.<\/figcaption><\/figure>\n<p style=\"text-align: justify;\">O Carnaval de Recreio acontece tradicionalmente na Pra\u00e7a dos Ferrovi\u00e1rios. Os quatro dias de folia est\u00e3o marcados de 25 a 28 de fevereiro. A programa\u00e7\u00e3o oficial ser\u00e1 divulgada em breve pela Prefeitura Municipal.<\/p>\n","protected":false},"excerpt":{"rendered":"<p>A contar a partir de hoje (25) faltam apenas 30 dias para a festa mais popular de Recreio, o Carnaval. Na cidade os festejos s\u00e3o marcados pelos reencontros de familiares e amigos, pelos blocos de rua que agitam os quatro dias e pela participa\u00e7\u00e3o de umas das escolas de samba mais tradicionais da regi\u00e3o, a [&hellip;]<\/p>\n","protected":false},"author":3,"featured_media":1109,"comment_status":"open","ping_status":"open","sticky":false,"template":"","format":"standard","meta":[],"categories":[2],"tags":[],"yoast_head":"<!-- This site is optimized with the Yoast SEO plugin v15.6.2 - https:\/\/yoast.com\/wordpress\/plugins\/seo\/ -->\n<meta name=\"robots\" content=\"index, follow, max-snippet:-1, max-image-preview:large, max-video-preview:-1\" \/>\n<link rel=\"canonical\" href=\"https:\/\/www.polisrecreio.com.br\/site\/2017\/01\/25\/faltam-30-dias-para-a-festa-mais-popular-de-recreio-o-carnaval\/\" \/>\n<meta property=\"og:locale\" content=\"pt_BR\" \/>\n<meta property=\"og:type\" content=\"article\" \/>\n<meta property=\"og:title\" content=\"Faltam 30 dias para a festa mais popular de Recreio, o Carnaval - P\u00f3lis Recreio\" \/>\n<meta property=\"og:description\" content=\"A contar a partir de hoje (25) faltam apenas 30 dias para a festa mais popular de Recreio, o Carnaval. Na cidade os festejos s\u00e3o marcados pelos reencontros de familiares e amigos, pelos blocos de rua que agitam os quatro dias e pela participa\u00e7\u00e3o de umas das escolas de samba mais tradicionais da regi\u00e3o, a [&hellip;]\" \/>\n<meta property=\"og:url\" content=\"https:\/\/www.polisrecreio.com.br\/site\/2017\/01\/25\/faltam-30-dias-para-a-festa-mais-popular-de-recreio-o-carnaval\/\" \/>\n<meta property=\"og:site_name\" content=\"P\u00f3lis Recreio\" \/>\n<meta property=\"article:publisher\" content=\"https:\/\/www.facebook.com\/Site-P%c3%b3lis-Recreio-MG-181941708571019\/\" \/>\n<meta property=\"article:published_time\" content=\"2017-01-25T16:43:20+00:00\" \/>\n<meta property=\"og:image\" content=\"https:\/\/www.polisrecreio.com.br\/site\/wp-content\/uploads\/2016\/02\/12647312_600541896766348_8312185706629081238_n.jpg\" \/>\n\t<meta property=\"og:image:width\" content=\"960\" \/>\n\t<meta property=\"og:image:height\" content=\"626\" \/>\n<meta name=\"twitter:card\" content=\"summary_large_image\" \/>\n<meta name=\"twitter:creator\" content=\"@PolisRecreio\" \/>\n<meta name=\"twitter:site\" content=\"@PolisRecreio\" \/>\n<meta name=\"twitter:label1\" content=\"Est. reading time\">\n\t<meta name=\"twitter:data1\" content=\"2 minutos\">\n<script type=\"application\/ld+json\" class=\"yoast-schema-graph\">{\"@context\":\"https:\/\/schema.org\",\"@graph\":[{\"@type\":\"WebSite\",\"@id\":\"https:\/\/www.polisrecreio.com.br\/site\/#website\",\"url\":\"https:\/\/www.polisrecreio.com.br\/site\/\",\"name\":\"P\\u00f3lis Recreio\",\"description\":\"\",\"potentialAction\":[{\"@type\":\"SearchAction\",\"target\":\"https:\/\/www.polisrecreio.com.br\/site\/?s={search_term_string}\",\"query-input\":\"required name=search_term_string\"}],\"inLanguage\":\"pt-BR\"},{\"@type\":\"ImageObject\",\"@id\":\"https:\/\/www.polisrecreio.com.br\/site\/2017\/01\/25\/faltam-30-dias-para-a-festa-mais-popular-de-recreio-o-carnaval\/#primaryimage\",\"inLanguage\":\"pt-BR\",\"url\":\"https:\/\/www.polisrecreio.com.br\/site\/wp-content\/uploads\/2016\/02\/12647312_600541896766348_8312185706629081238_n.jpg\",\"width\":960,\"height\":626},{\"@type\":\"WebPage\",\"@id\":\"https:\/\/www.polisrecreio.com.br\/site\/2017\/01\/25\/faltam-30-dias-para-a-festa-mais-popular-de-recreio-o-carnaval\/#webpage\",\"url\":\"https:\/\/www.polisrecreio.com.br\/site\/2017\/01\/25\/faltam-30-dias-para-a-festa-mais-popular-de-recreio-o-carnaval\/\",\"name\":\"Faltam 30 dias para a festa mais popular de Recreio, o Carnaval - P\\u00f3lis Recreio\",\"isPartOf\":{\"@id\":\"https:\/\/www.polisrecreio.com.br\/site\/#website\"},\"primaryImageOfPage\":{\"@id\":\"https:\/\/www.polisrecreio.com.br\/site\/2017\/01\/25\/faltam-30-dias-para-a-festa-mais-popular-de-recreio-o-carnaval\/#primaryimage\"},\"datePublished\":\"2017-01-25T16:43:20+00:00\",\"dateModified\":\"2017-01-25T16:43:20+00:00\",\"author\":{\"@id\":\"https:\/\/www.polisrecreio.com.br\/site\/#\/schema\/person\/3363c1c78e1e28e1329d97adb387638e\"},\"inLanguage\":\"pt-BR\",\"potentialAction\":[{\"@type\":\"ReadAction\",\"target\":[\"https:\/\/www.polisrecreio.com.br\/site\/2017\/01\/25\/faltam-30-dias-para-a-festa-mais-popular-de-recreio-o-carnaval\/\"]}]},{\"@type\":\"Person\",\"@id\":\"https:\/\/www.polisrecreio.com.br\/site\/#\/schema\/person\/3363c1c78e1e28e1329d97adb387638e\",\"name\":\"Leonardo Ribeiro\",\"image\":{\"@type\":\"ImageObject\",\"@id\":\"https:\/\/www.polisrecreio.com.br\/site\/#personlogo\",\"inLanguage\":\"pt-BR\",\"url\":\"https:\/\/secure.gravatar.com\/avatar\/6ba92a37d621e1a83e23710251178a12?s=96&d=mm&r=g\",\"caption\":\"Leonardo Ribeiro\"},\"sameAs\":[\"http:\/\/www.polisrecreio.com.br\"]}]}<\/script>\n<!-- \/ Yoast SEO plugin. -->","_links":{"self":[{"href":"https:\/\/www.polisrecreio.com.br\/site\/wp-json\/wp\/v2\/posts\/4105"}],"collection":[{"href":"https:\/\/www.polisrecreio.com.br\/site\/wp-json\/wp\/v2\/posts"}],"about":[{"href":"https:\/\/www.polisrecreio.com.br\/site\/wp-json\/wp\/v2\/types\/post"}],"author":[{"embeddable":true,"href":"https:\/\/www.polisrecreio.com.br\/site\/wp-json\/wp\/v2\/users\/3"}],"replies":[{"embeddable":true,"href":"https:\/\/www.polisrecreio.com.br\/site\/wp-json\/wp\/v2\/comments?post=4105"}],"version-history":[{"count":2,"href":"https:\/\/www.polisrecreio.com.br\/site\/wp-json\/wp\/v2\/posts\/4105\/revisions"}],"predecessor-version":[{"id":4107,"href":"https:\/\/www.polisrecreio.com.br\/site\/wp-json\/wp\/v2\/posts\/4105\/revisions\/4107"}],"wp:featuredmedia":[{"embeddable":true,"href":"https:\/\/www.polisrecreio.com.br\/site\/wp-json\/wp\/v2\/media\/1109"}],"wp:attachment":[{"href":"https:\/\/www.polisrecreio.com.br\/site\/wp-json\/wp\/v2\/media?parent=4105"}],"wp:term":[{"taxonomy":"category","embeddable":true,"href":"https:\/\/www.polisrecreio.com.br\/site\/wp-json\/wp\/v2\/categories?post=4105"},{"taxonomy":"post_tag","embeddable":true,"href":"https:\/\/www.polisrecreio.com.br\/site\/wp-json\/wp\/v2\/tags?post=4105"}],"curies":[{"name":"wp","href":"https:\/\/api.w.org\/{rel}","templated":true}]}}