{"id":4108,"date":"2017-01-26T11:23:01","date_gmt":"2017-01-26T14:23:01","guid":{"rendered":"http:\/\/www.polisrecreio.com.br\/site\/?p=4108"},"modified":"2017-01-26T11:36:32","modified_gmt":"2017-01-26T14:36:32","slug":"seletivo-da-prefeitura-de-recreio-entrevistas-serao-dias-3-e-4","status":"publish","type":"post","link":"https:\/\/www.polisrecreio.com.br\/site\/2017\/01\/26\/seletivo-da-prefeitura-de-recreio-entrevistas-serao-dias-3-e-4\/","title":{"rendered":"Seletivo da Prefeitura de Recreio: entrevistas ser\u00e3o dias 3 e 4"},"content":{"rendered":"<p style=\"text-align: justify;\">Dois dias ap\u00f3s a aplica\u00e7\u00e3o das provas do processo seletivo n\u00ba 001\/2017 com objetivo de contratar temporariamente v\u00e1rios cargos para atender as necessidades da administra\u00e7\u00e3o o prefeito, Z\u00e9 Maria Barros, determinou que diante do grande n\u00famero de inscritos a entrevista dos selecion\u00e1veis que seria realizado s\u00e1bado (28) foi alterada para os dias 3 e 4 de fevereiro.<\/p>\n<p style=\"text-align: justify;\"><!--more--><\/p>\n<p style=\"text-align: justify;\"><a href=\"http:\/\/www.polisrecreio.com.br\/site\/wp-content\/uploads\/2017\/01\/prefeitura.jpg\"><img loading=\"lazy\" class=\"aligncenter size-full wp-image-4109\" src=\"http:\/\/www.polisrecreio.com.br\/site\/wp-content\/uploads\/2017\/01\/prefeitura.jpg\" alt=\"prefeitura\" width=\"750\" height=\"563\" srcset=\"https:\/\/www.polisrecreio.com.br\/site\/wp-content\/uploads\/2017\/01\/prefeitura.jpg 750w, https:\/\/www.polisrecreio.com.br\/site\/wp-content\/uploads\/2017\/01\/prefeitura-300x225.jpg 300w\" sizes=\"(max-width: 750px) 100vw, 750px\" \/><\/a><\/p>\n<p style=\"text-align: justify;\">A mudan\u00e7a de data est\u00e1 publicada atrav\u00e9s da errata 005 do edital de processo seletivo simplificado n\u00ba 001\/2017. Onde se l\u00ea: \u201c6.3 A Entrevista ser\u00e1 realizada somente para os candidatos que atingirem 50% de \u00eaxito na prova escrita. Sendo que esta acontecer\u00e1 no dia 28\/01\/2017, \u00e0s 13h, na sede do CRAS \u2013 Avenida Osvaldo Alvim S\/N \u2013 Sebasti\u00e3o Dadu Arruda \u2013 anexo ao P\u00e1tio de Exposi\u00e7\u00e3o. Leia-se: 6.3 A Entrevista ser\u00e1 realizada somente para os candidatos que atingirem 50% de \u00eaxito na prova escrita. Sendo que esta acontecer\u00e1 nos dias 03\/02\/2017 e 04\/02\/2017, \u00e0s 13h, na sede do CRAS \u2013 Avenida Osvaldo Alvim \u2013 S\/N \u2013 Sebasti\u00e3o Dadu Arruda \u2013 Anexo ao P\u00e1tio de Exposi\u00e7\u00e3o.\u201d<\/p>\n<p style=\"text-align: justify;\">Segundo informa\u00e7\u00f5es da administra\u00e7\u00e3o municipal, \u201cdevido ao per\u00edodo de interposi\u00e7\u00f5es de recursos provenientes de selecion\u00e1veis que protocolaram o pedido na Prefeitura a listagem dos aprovados na prova objetiva ser\u00e3o divulgados at\u00e9 o dia 1\u00ba de fevereiro\u201d, disse o procurador Jur\u00eddico, Dr. Fernando Barcellos.<\/p>\n<p style=\"text-align: justify;\"><a href=\"http:\/\/www.polisrecreio.com.br\/site\/wp-content\/uploads\/2017\/01\/seletivo.jpg\"><img loading=\"lazy\" class=\"alignleft wp-image-4110 size-full\" src=\"http:\/\/www.polisrecreio.com.br\/site\/wp-content\/uploads\/2017\/01\/seletivo.jpg\" alt=\"seletivo\" width=\"468\" height=\"438\" srcset=\"https:\/\/www.polisrecreio.com.br\/site\/wp-content\/uploads\/2017\/01\/seletivo.jpg 468w, https:\/\/www.polisrecreio.com.br\/site\/wp-content\/uploads\/2017\/01\/seletivo-300x281.jpg 300w\" sizes=\"(max-width: 468px) 100vw, 468px\" \/><\/a><\/p>\n","protected":false},"excerpt":{"rendered":"<p>Dois dias ap\u00f3s a aplica\u00e7\u00e3o das provas do processo seletivo n\u00ba 001\/2017 com objetivo de contratar temporariamente v\u00e1rios cargos para atender as necessidades da administra\u00e7\u00e3o o prefeito, Z\u00e9 Maria Barros, determinou que diante do grande n\u00famero de inscritos a entrevista dos selecion\u00e1veis que seria realizado s\u00e1bado (28) foi alterada para os dias 3 e 4 [&hellip;]<\/p>\n","protected":false},"author":3,"featured_media":4109,"comment_status":"open","ping_status":"open","sticky":false,"template":"","format":"standard","meta":[],"categories":[6],"tags":[],"yoast_head":"<!-- This site is optimized with the Yoast SEO plugin v15.6.2 - https:\/\/yoast.com\/wordpress\/plugins\/seo\/ -->\n<meta name=\"robots\" content=\"index, follow, max-snippet:-1, max-image-preview:large, max-video-preview:-1\" \/>\n<link rel=\"canonical\" href=\"https:\/\/www.polisrecreio.com.br\/site\/2017\/01\/26\/seletivo-da-prefeitura-de-recreio-entrevistas-serao-dias-3-e-4\/\" \/>\n<meta property=\"og:locale\" content=\"pt_BR\" \/>\n<meta property=\"og:type\" content=\"article\" \/>\n<meta property=\"og:title\" content=\"Seletivo da Prefeitura de Recreio: entrevistas ser\u00e3o dias 3 e 4 - P\u00f3lis Recreio\" \/>\n<meta property=\"og:description\" content=\"Dois dias ap\u00f3s a aplica\u00e7\u00e3o das provas do processo seletivo n\u00ba 001\/2017 com objetivo de contratar temporariamente v\u00e1rios cargos para atender as necessidades da administra\u00e7\u00e3o o prefeito, Z\u00e9 Maria Barros, determinou que diante do grande n\u00famero de inscritos a entrevista dos selecion\u00e1veis que seria realizado s\u00e1bado (28) foi alterada para os dias 3 e 4 [&hellip;]\" \/>\n<meta property=\"og:url\" content=\"https:\/\/www.polisrecreio.com.br\/site\/2017\/01\/26\/seletivo-da-prefeitura-de-recreio-entrevistas-serao-dias-3-e-4\/\" \/>\n<meta property=\"og:site_name\" content=\"P\u00f3lis Recreio\" \/>\n<meta property=\"article:publisher\" content=\"https:\/\/www.facebook.com\/Site-P%c3%b3lis-Recreio-MG-181941708571019\/\" \/>\n<meta property=\"article:published_time\" content=\"2017-01-26T14:23:01+00:00\" \/>\n<meta property=\"article:modified_time\" content=\"2017-01-26T14:36:32+00:00\" \/>\n<meta property=\"og:image\" content=\"https:\/\/www.polisrecreio.com.br\/site\/wp-content\/uploads\/2017\/01\/prefeitura.jpg\" \/>\n\t<meta property=\"og:image:width\" content=\"750\" \/>\n\t<meta property=\"og:image:height\" content=\"563\" \/>\n<meta name=\"twitter:card\" content=\"summary_large_image\" \/>\n<meta name=\"twitter:creator\" content=\"@PolisRecreio\" \/>\n<meta name=\"twitter:site\" content=\"@PolisRecreio\" \/>\n<meta name=\"twitter:label1\" content=\"Est. reading time\">\n\t<meta name=\"twitter:data1\" content=\"1 minuto\">\n<script type=\"application\/ld+json\" class=\"yoast-schema-graph\">{\"@context\":\"https:\/\/schema.org\",\"@graph\":[{\"@type\":\"WebSite\",\"@id\":\"https:\/\/www.polisrecreio.com.br\/site\/#website\",\"url\":\"https:\/\/www.polisrecreio.com.br\/site\/\",\"name\":\"P\\u00f3lis Recreio\",\"description\":\"\",\"potentialAction\":[{\"@type\":\"SearchAction\",\"target\":\"https:\/\/www.polisrecreio.com.br\/site\/?s={search_term_string}\",\"query-input\":\"required name=search_term_string\"}],\"inLanguage\":\"pt-BR\"},{\"@type\":\"ImageObject\",\"@id\":\"https:\/\/www.polisrecreio.com.br\/site\/2017\/01\/26\/seletivo-da-prefeitura-de-recreio-entrevistas-serao-dias-3-e-4\/#primaryimage\",\"inLanguage\":\"pt-BR\",\"url\":\"https:\/\/www.polisrecreio.com.br\/site\/wp-content\/uploads\/2017\/01\/prefeitura.jpg\",\"width\":750,\"height\":563},{\"@type\":\"WebPage\",\"@id\":\"https:\/\/www.polisrecreio.com.br\/site\/2017\/01\/26\/seletivo-da-prefeitura-de-recreio-entrevistas-serao-dias-3-e-4\/#webpage\",\"url\":\"https:\/\/www.polisrecreio.com.br\/site\/2017\/01\/26\/seletivo-da-prefeitura-de-recreio-entrevistas-serao-dias-3-e-4\/\",\"name\":\"Seletivo da Prefeitura de Recreio: entrevistas ser\\u00e3o dias 3 e 4 - P\\u00f3lis Recreio\",\"isPartOf\":{\"@id\":\"https:\/\/www.polisrecreio.com.br\/site\/#website\"},\"primaryImageOfPage\":{\"@id\":\"https:\/\/www.polisrecreio.com.br\/site\/2017\/01\/26\/seletivo-da-prefeitura-de-recreio-entrevistas-serao-dias-3-e-4\/#primaryimage\"},\"datePublished\":\"2017-01-26T14:23:01+00:00\",\"dateModified\":\"2017-01-26T14:36:32+00:00\",\"author\":{\"@id\":\"https:\/\/www.polisrecreio.com.br\/site\/#\/schema\/person\/3363c1c78e1e28e1329d97adb387638e\"},\"inLanguage\":\"pt-BR\",\"potentialAction\":[{\"@type\":\"ReadAction\",\"target\":[\"https:\/\/www.polisrecreio.com.br\/site\/2017\/01\/26\/seletivo-da-prefeitura-de-recreio-entrevistas-serao-dias-3-e-4\/\"]}]},{\"@type\":\"Person\",\"@id\":\"https:\/\/www.polisrecreio.com.br\/site\/#\/schema\/person\/3363c1c78e1e28e1329d97adb387638e\",\"name\":\"Leonardo Ribeiro\",\"image\":{\"@type\":\"ImageObject\",\"@id\":\"https:\/\/www.polisrecreio.com.br\/site\/#personlogo\",\"inLanguage\":\"pt-BR\",\"url\":\"https:\/\/secure.gravatar.com\/avatar\/6ba92a37d621e1a83e23710251178a12?s=96&d=mm&r=g\",\"caption\":\"Leonardo Ribeiro\"},\"sameAs\":[\"http:\/\/www.polisrecreio.com.br\"]}]}<\/script>\n<!-- \/ Yoast SEO plugin. -->","_links":{"self":[{"href":"https:\/\/www.polisrecreio.com.br\/site\/wp-json\/wp\/v2\/posts\/4108"}],"collection":[{"href":"https:\/\/www.polisrecreio.com.br\/site\/wp-json\/wp\/v2\/posts"}],"about":[{"href":"https:\/\/www.polisrecreio.com.br\/site\/wp-json\/wp\/v2\/types\/post"}],"author":[{"embeddable":true,"href":"https:\/\/www.polisrecreio.com.br\/site\/wp-json\/wp\/v2\/users\/3"}],"replies":[{"embeddable":true,"href":"https:\/\/www.polisrecreio.com.br\/site\/wp-json\/wp\/v2\/comments?post=4108"}],"version-history":[{"count":2,"href":"https:\/\/www.polisrecreio.com.br\/site\/wp-json\/wp\/v2\/posts\/4108\/revisions"}],"predecessor-version":[{"id":4112,"href":"https:\/\/www.polisrecreio.com.br\/site\/wp-json\/wp\/v2\/posts\/4108\/revisions\/4112"}],"wp:featuredmedia":[{"embeddable":true,"href":"https:\/\/www.polisrecreio.com.br\/site\/wp-json\/wp\/v2\/media\/4109"}],"wp:attachment":[{"href":"https:\/\/www.polisrecreio.com.br\/site\/wp-json\/wp\/v2\/media?parent=4108"}],"wp:term":[{"taxonomy":"category","embeddable":true,"href":"https:\/\/www.polisrecreio.com.br\/site\/wp-json\/wp\/v2\/categories?post=4108"},{"taxonomy":"post_tag","embeddable":true,"href":"https:\/\/www.polisrecreio.com.br\/site\/wp-json\/wp\/v2\/tags?post=4108"}],"curies":[{"name":"wp","href":"https:\/\/api.w.org\/{rel}","templated":true}]}}