{"id":4215,"date":"2017-02-03T13:43:06","date_gmt":"2017-02-03T16:43:06","guid":{"rendered":"http:\/\/www.polisrecreio.com.br\/site\/?p=4215"},"modified":"2017-02-03T13:43:06","modified_gmt":"2017-02-03T16:43:06","slug":"carnaval-de-recreio-comissao-orienta-blocos-e-escola-de-samba-sobre-seguranca","status":"publish","type":"post","link":"https:\/\/www.polisrecreio.com.br\/site\/2017\/02\/03\/carnaval-de-recreio-comissao-orienta-blocos-e-escola-de-samba-sobre-seguranca\/","title":{"rendered":"Carnaval de Recreio: comiss\u00e3o orienta blocos e escola de samba sobre seguran\u00e7a"},"content":{"rendered":"<p style=\"text-align: justify;\">Na noite de ontem (2), a gestora municipal de Cultura, Daniela Cardozo, da comiss\u00e3o organizadora do Carnaval de Recreio 2017, ao lado do procurador Jur\u00eddico, Dr. Fernando Barcellos, passaram aos representantes dos blocos e da escola de samba ERUS as orienta\u00e7\u00f5es de seguran\u00e7a emitidas pelo Corpo de Bombeiros acerca da realiza\u00e7\u00e3o das atividades carnavalescas no Munic\u00edpio.<\/p>\n<p style=\"text-align: justify;\"><!--more--><\/p>\n<figure id=\"attachment_4217\" aria-describedby=\"caption-attachment-4217\" style=\"width: 750px\" class=\"wp-caption aligncenter\"><a href=\"http:\/\/www.polisrecreio.com.br\/site\/wp-content\/uploads\/2017\/02\/11.jpg\"><img loading=\"lazy\" class=\"size-full wp-image-4217\" src=\"http:\/\/www.polisrecreio.com.br\/site\/wp-content\/uploads\/2017\/02\/11.jpg\" alt=\"Reuni\u00e3o do Carnaval 2017.\" width=\"750\" height=\"563\" srcset=\"https:\/\/www.polisrecreio.com.br\/site\/wp-content\/uploads\/2017\/02\/11.jpg 750w, https:\/\/www.polisrecreio.com.br\/site\/wp-content\/uploads\/2017\/02\/11-300x225.jpg 300w\" sizes=\"(max-width: 750px) 100vw, 750px\" \/><\/a><figcaption id=\"caption-attachment-4217\" class=\"wp-caption-text\">Reuni\u00e3o do Carnaval 2017.<\/figcaption><\/figure>\n<p style=\"text-align: justify;\">Durante a reuni\u00e3o o procurador, Dr. Fernando, explicou aos presentes que no dia 15 de janeiro esteve no Pelot\u00e3o do Corpo de Bombeiros de Leopoldina e l\u00e1 recebeu a explica\u00e7\u00e3o que cada representante de bloco dever\u00e1 preencher um formul\u00e1rio informando local de concentra\u00e7\u00e3o, previs\u00e3o de itiner\u00e1rio e local de dispers\u00e3o, al\u00e9m de estimativa de p\u00fablico. &#8220;N\u00e3o h\u00e1 necessidade de apresentar formul\u00e1rio de evento tempor\u00e1rio e pagar taxa de seguran\u00e7a p\u00fablica, mas, devem comunicar ao Corpo de Bombeiros as condi\u00e7\u00f5es sob as quais ocorrer\u00e3o os desfiles. O prazo indicado para entrega do documento \u00e9 de at\u00e9 3 dias \u00fateis antes do evento. A exig\u00eancia est\u00e1 contida na Instru\u00e7\u00e3o T\u00e9cnica n\u00ba 39\/2016&#8221;, disse o procurador.<\/p>\n<p style=\"text-align: justify;\">Para ajudar as pessoas que poder\u00e3o ter alguma dificuldade para preencher o formul\u00e1rio a gestora cultural, Daniela, informou que \u201ca Prefeitura estar\u00e1 disponibilizando um funcion\u00e1rio para auxiliar. Durante os quatro dias est\u00e1 confirmado tamb\u00e9m que a administra\u00e7\u00e3o apoiar\u00e1 os blocos, sempre dentro das possibilidades, concluiu\u201d.<\/p>\n<figure id=\"attachment_4218\" aria-describedby=\"caption-attachment-4218\" style=\"width: 750px\" class=\"wp-caption aligncenter\"><a href=\"http:\/\/www.polisrecreio.com.br\/site\/wp-content\/uploads\/2017\/02\/21.jpg\"><img loading=\"lazy\" class=\"size-full wp-image-4218\" src=\"http:\/\/www.polisrecreio.com.br\/site\/wp-content\/uploads\/2017\/02\/21.jpg\" alt=\"Reuni\u00e3o do Carnaval 2017.\" width=\"750\" height=\"563\" srcset=\"https:\/\/www.polisrecreio.com.br\/site\/wp-content\/uploads\/2017\/02\/21.jpg 750w, https:\/\/www.polisrecreio.com.br\/site\/wp-content\/uploads\/2017\/02\/21-300x225.jpg 300w\" sizes=\"(max-width: 750px) 100vw, 750px\" \/><\/a><figcaption id=\"caption-attachment-4218\" class=\"wp-caption-text\">Reuni\u00e3o do Carnaval 2017.<\/figcaption><\/figure>\n<p style=\"text-align: justify;\">Para ter acesso a Instru\u00e7\u00e3o T\u00e9cnica n\u00ba 39\/2016 clique aqui\u00a0<a href=\"http:\/\/www.polisrecreio.com.br\/site\/wp-content\/uploads\/2017\/02\/Instru\u00e7\u00f5es-dos-Bombeiros-Blocos-de-Carnaval.pdf\" target=\"_blank\">Instru\u00e7\u00f5es dos Bombeiros &#8211; Blocos de Carnaval<\/a>. O\u00a0formul\u00e1rio est\u00e1 no Anexo A.<\/p>\n<p style=\"text-align: justify;\">Participaram da reuni\u00e3o os representantes dos blocos: Chiclete, Esfarrapados do Mandioca, \u00c9 Sol O que Faltava, Do Bem, Iey, Funil, Amigos do Alto, Preocupados de Souza, Mandioca, Piranhas, Fla-Folia, Ratos da Pra\u00e7a, Mineiro-Pau, Caminhada Alcool\u00f3gica, \u00c1guia de Ouro e da escola de samba ERUS. O locutor Pierre de Souza e o vereador Beto (PRB) tamb\u00e9m estiveram presentes.<\/p>\n<p>O Carnaval 2017 acontece de 25 a 28 de fevereiro.<\/p>\n<figure id=\"attachment_4219\" aria-describedby=\"caption-attachment-4219\" style=\"width: 750px\" class=\"wp-caption aligncenter\"><a href=\"http:\/\/www.polisrecreio.com.br\/site\/wp-content\/uploads\/2017\/02\/31.jpg\"><img loading=\"lazy\" class=\"wp-image-4219 size-full\" src=\"http:\/\/www.polisrecreio.com.br\/site\/wp-content\/uploads\/2017\/02\/31.jpg\" alt=\"3\" width=\"750\" height=\"563\" srcset=\"https:\/\/www.polisrecreio.com.br\/site\/wp-content\/uploads\/2017\/02\/31.jpg 750w, https:\/\/www.polisrecreio.com.br\/site\/wp-content\/uploads\/2017\/02\/31-300x225.jpg 300w\" sizes=\"(max-width: 750px) 100vw, 750px\" \/><\/a><figcaption id=\"caption-attachment-4219\" class=\"wp-caption-text\">Gestora de Cultura, Daniela Cardozo, e o procurador Jur\u00eddico, Dr. Fernando Barcellos.<\/figcaption><\/figure>\n<p><strong>Prefeitura n\u00e3o dever\u00e1 ajudar financeiramente os blocos<\/strong><\/p>\n<p style=\"text-align: justify;\">Outro assunto que envolve o Carnaval \u00e9 o repasse financeiro aos blocos legalmente registrados, pr\u00e1tica adotada no Munic\u00edpio h\u00e1 seis anos, mas, que n\u00e3o deve ser mantida em 2017.<\/p>\n<p style=\"text-align: justify;\">Por meio de nota o jur\u00eddico da Prefeitura posicionou-se sobre o caso, segundo Dr. Fernando \u201cem 2016 foram repassados a quantia de R$ 1.800 para a ERUS e R$ 900 dividido para tr\u00eas blocos (IEY, Fla-Folia e Piranhas), por\u00e9m, n\u00e3o h\u00e1 presta\u00e7\u00e3o de contas de alguns dos contemplados. Dessa forma, iremos solicitar aos respons\u00e1veis a c\u00f3pia de tal presta\u00e7\u00e3o de contas que, de certo, foram protocoladas no Munic\u00edpio no ano de 2016. Para que n\u00e3o haja nenhum preju\u00edzo aos blocos e os mesmos possam gozar dos benef\u00edcios legais. Faremos a an\u00e1lise, caso a caso, de todos os grupos, a fim de se verificar a exist\u00eancia de dota\u00e7\u00e3o or\u00e7ament\u00e1ria para o aux\u00edlio, exist\u00eancia de presta\u00e7\u00e3o de contas, exist\u00eancia de lei municipal e, ainda, se h\u00e1 valores suficientes no or\u00e7amento municipal para que todos tenham seus direitos resguardados\u201d, concluiu.<\/p>\n<p style=\"text-align: justify;\">Em 2016 o recurso financeiro repassado pelo governo municipal foi feito conforme a Lei Municipal n\u00ba 1.583\/2016.<\/p>\n<figure id=\"attachment_4220\" aria-describedby=\"caption-attachment-4220\" style=\"width: 750px\" class=\"wp-caption aligncenter\"><a href=\"http:\/\/www.polisrecreio.com.br\/site\/wp-content\/uploads\/2017\/02\/41.jpg\"><img loading=\"lazy\" class=\"wp-image-4220 size-full\" src=\"http:\/\/www.polisrecreio.com.br\/site\/wp-content\/uploads\/2017\/02\/41.jpg\" alt=\"4\" width=\"750\" height=\"563\" srcset=\"https:\/\/www.polisrecreio.com.br\/site\/wp-content\/uploads\/2017\/02\/41.jpg 750w, https:\/\/www.polisrecreio.com.br\/site\/wp-content\/uploads\/2017\/02\/41-300x225.jpg 300w\" sizes=\"(max-width: 750px) 100vw, 750px\" \/><\/a><figcaption id=\"caption-attachment-4220\" class=\"wp-caption-text\">Participantes da reuni\u00e3o no Centro Cultural.<\/figcaption><\/figure>\n","protected":false},"excerpt":{"rendered":"<p>Na noite de ontem (2), a gestora municipal de Cultura, Daniela Cardozo, da comiss\u00e3o organizadora do Carnaval de Recreio 2017, ao lado do procurador Jur\u00eddico, Dr. Fernando Barcellos, passaram aos representantes dos blocos e da escola de samba ERUS as orienta\u00e7\u00f5es de seguran\u00e7a emitidas pelo Corpo de Bombeiros acerca da realiza\u00e7\u00e3o das atividades carnavalescas no [&hellip;]<\/p>\n","protected":false},"author":3,"featured_media":4217,"comment_status":"open","ping_status":"open","sticky":false,"template":"","format":"standard","meta":[],"categories":[2],"tags":[],"yoast_head":"<!-- This site is optimized with the Yoast SEO plugin v15.6.2 - https:\/\/yoast.com\/wordpress\/plugins\/seo\/ -->\n<meta name=\"robots\" content=\"index, follow, max-snippet:-1, max-image-preview:large, max-video-preview:-1\" \/>\n<link rel=\"canonical\" href=\"http:\/\/www.polisrecreio.com.br\/site\/2017\/02\/03\/carnaval-de-recreio-comissao-orienta-blocos-e-escola-de-samba-sobre-seguranca\/\" \/>\n<meta property=\"og:locale\" content=\"pt_BR\" \/>\n<meta property=\"og:type\" content=\"article\" \/>\n<meta property=\"og:title\" content=\"Carnaval de Recreio: comiss\u00e3o orienta blocos e escola de samba sobre seguran\u00e7a - P\u00f3lis Recreio\" \/>\n<meta property=\"og:description\" content=\"Na noite de ontem (2), a gestora municipal de Cultura, Daniela Cardozo, da comiss\u00e3o organizadora do Carnaval de Recreio 2017, ao lado do procurador Jur\u00eddico, Dr. Fernando Barcellos, passaram aos representantes dos blocos e da escola de samba ERUS as orienta\u00e7\u00f5es de seguran\u00e7a emitidas pelo Corpo de Bombeiros acerca da realiza\u00e7\u00e3o das atividades carnavalescas no [&hellip;]\" \/>\n<meta property=\"og:url\" content=\"http:\/\/www.polisrecreio.com.br\/site\/2017\/02\/03\/carnaval-de-recreio-comissao-orienta-blocos-e-escola-de-samba-sobre-seguranca\/\" \/>\n<meta property=\"og:site_name\" content=\"P\u00f3lis Recreio\" \/>\n<meta property=\"article:publisher\" content=\"https:\/\/www.facebook.com\/Site-P%c3%b3lis-Recreio-MG-181941708571019\/\" \/>\n<meta property=\"article:published_time\" content=\"2017-02-03T16:43:06+00:00\" \/>\n<meta property=\"og:image\" content=\"https:\/\/www.polisrecreio.com.br\/site\/wp-content\/uploads\/2017\/02\/11.jpg\" \/>\n\t<meta property=\"og:image:width\" content=\"750\" \/>\n\t<meta property=\"og:image:height\" content=\"563\" \/>\n<meta name=\"twitter:card\" content=\"summary_large_image\" \/>\n<meta name=\"twitter:creator\" content=\"@PolisRecreio\" \/>\n<meta name=\"twitter:site\" content=\"@PolisRecreio\" \/>\n<meta name=\"twitter:label1\" content=\"Est. reading time\">\n\t<meta name=\"twitter:data1\" content=\"3 minutos\">\n<script type=\"application\/ld+json\" class=\"yoast-schema-graph\">{\"@context\":\"https:\/\/schema.org\",\"@graph\":[{\"@type\":\"WebSite\",\"@id\":\"https:\/\/www.polisrecreio.com.br\/site\/#website\",\"url\":\"https:\/\/www.polisrecreio.com.br\/site\/\",\"name\":\"P\\u00f3lis Recreio\",\"description\":\"\",\"potentialAction\":[{\"@type\":\"SearchAction\",\"target\":\"https:\/\/www.polisrecreio.com.br\/site\/?s={search_term_string}\",\"query-input\":\"required name=search_term_string\"}],\"inLanguage\":\"pt-BR\"},{\"@type\":\"ImageObject\",\"@id\":\"http:\/\/www.polisrecreio.com.br\/site\/2017\/02\/03\/carnaval-de-recreio-comissao-orienta-blocos-e-escola-de-samba-sobre-seguranca\/#primaryimage\",\"inLanguage\":\"pt-BR\",\"url\":\"https:\/\/www.polisrecreio.com.br\/site\/wp-content\/uploads\/2017\/02\/11.jpg\",\"width\":750,\"height\":563,\"caption\":\"Reuni\\u00e3o do Carnaval 2017.\"},{\"@type\":\"WebPage\",\"@id\":\"http:\/\/www.polisrecreio.com.br\/site\/2017\/02\/03\/carnaval-de-recreio-comissao-orienta-blocos-e-escola-de-samba-sobre-seguranca\/#webpage\",\"url\":\"http:\/\/www.polisrecreio.com.br\/site\/2017\/02\/03\/carnaval-de-recreio-comissao-orienta-blocos-e-escola-de-samba-sobre-seguranca\/\",\"name\":\"Carnaval de Recreio: comiss\\u00e3o orienta blocos e escola de samba sobre seguran\\u00e7a - P\\u00f3lis Recreio\",\"isPartOf\":{\"@id\":\"https:\/\/www.polisrecreio.com.br\/site\/#website\"},\"primaryImageOfPage\":{\"@id\":\"http:\/\/www.polisrecreio.com.br\/site\/2017\/02\/03\/carnaval-de-recreio-comissao-orienta-blocos-e-escola-de-samba-sobre-seguranca\/#primaryimage\"},\"datePublished\":\"2017-02-03T16:43:06+00:00\",\"dateModified\":\"2017-02-03T16:43:06+00:00\",\"author\":{\"@id\":\"https:\/\/www.polisrecreio.com.br\/site\/#\/schema\/person\/3363c1c78e1e28e1329d97adb387638e\"},\"inLanguage\":\"pt-BR\",\"potentialAction\":[{\"@type\":\"ReadAction\",\"target\":[\"http:\/\/www.polisrecreio.com.br\/site\/2017\/02\/03\/carnaval-de-recreio-comissao-orienta-blocos-e-escola-de-samba-sobre-seguranca\/\"]}]},{\"@type\":\"Person\",\"@id\":\"https:\/\/www.polisrecreio.com.br\/site\/#\/schema\/person\/3363c1c78e1e28e1329d97adb387638e\",\"name\":\"Leonardo Ribeiro\",\"image\":{\"@type\":\"ImageObject\",\"@id\":\"https:\/\/www.polisrecreio.com.br\/site\/#personlogo\",\"inLanguage\":\"pt-BR\",\"url\":\"https:\/\/secure.gravatar.com\/avatar\/6ba92a37d621e1a83e23710251178a12?s=96&d=mm&r=g\",\"caption\":\"Leonardo Ribeiro\"},\"sameAs\":[\"http:\/\/www.polisrecreio.com.br\"]}]}<\/script>\n<!-- \/ Yoast SEO plugin. -->","_links":{"self":[{"href":"https:\/\/www.polisrecreio.com.br\/site\/wp-json\/wp\/v2\/posts\/4215"}],"collection":[{"href":"https:\/\/www.polisrecreio.com.br\/site\/wp-json\/wp\/v2\/posts"}],"about":[{"href":"https:\/\/www.polisrecreio.com.br\/site\/wp-json\/wp\/v2\/types\/post"}],"author":[{"embeddable":true,"href":"https:\/\/www.polisrecreio.com.br\/site\/wp-json\/wp\/v2\/users\/3"}],"replies":[{"embeddable":true,"href":"https:\/\/www.polisrecreio.com.br\/site\/wp-json\/wp\/v2\/comments?post=4215"}],"version-history":[{"count":8,"href":"https:\/\/www.polisrecreio.com.br\/site\/wp-json\/wp\/v2\/posts\/4215\/revisions"}],"predecessor-version":[{"id":4228,"href":"https:\/\/www.polisrecreio.com.br\/site\/wp-json\/wp\/v2\/posts\/4215\/revisions\/4228"}],"wp:featuredmedia":[{"embeddable":true,"href":"https:\/\/www.polisrecreio.com.br\/site\/wp-json\/wp\/v2\/media\/4217"}],"wp:attachment":[{"href":"https:\/\/www.polisrecreio.com.br\/site\/wp-json\/wp\/v2\/media?parent=4215"}],"wp:term":[{"taxonomy":"category","embeddable":true,"href":"https:\/\/www.polisrecreio.com.br\/site\/wp-json\/wp\/v2\/categories?post=4215"},{"taxonomy":"post_tag","embeddable":true,"href":"https:\/\/www.polisrecreio.com.br\/site\/wp-json\/wp\/v2\/tags?post=4215"}],"curies":[{"name":"wp","href":"https:\/\/api.w.org\/{rel}","templated":true}]}}