{"id":4297,"date":"2017-02-09T09:55:04","date_gmt":"2017-02-09T12:55:04","guid":{"rendered":"http:\/\/www.polisrecreio.com.br\/site\/?p=4297"},"modified":"2017-02-09T09:55:04","modified_gmt":"2017-02-09T12:55:04","slug":"compromisso-assumido-em-2015-e-nao-cumprido-pode-gerar-multa-de-r-10-mil-a-prefeitura-de-recreio","status":"publish","type":"post","link":"https:\/\/www.polisrecreio.com.br\/site\/2017\/02\/09\/compromisso-assumido-em-2015-e-nao-cumprido-pode-gerar-multa-de-r-10-mil-a-prefeitura-de-recreio\/","title":{"rendered":"Compromisso assumido em 2015 e n\u00e3o cumprido pode gerar multa de R$ 10 mil a Prefeitura de Recreio"},"content":{"rendered":"<p style=\"text-align: justify;\">Em 2015, O Minist\u00e9rio P\u00fablico de Minas Gerais listou uma s\u00e9rie de defici\u00eancias no setor da Prefeitura de Recreio respons\u00e1vel por enfrentar a prolifera\u00e7\u00e3o do mosquito Aedes aegypti, transmissor da dengue, zika v\u00edrus e febre chikungunya. Na \u00e9poca a gest\u00e3o \u00d4nio Fialho assinou um Termo de Ajuste de Conduta \u201cTAC\u201d, assumindo o compromisso de adequar \u00e0s exig\u00eancias, por\u00e9m, nada foi feito e agora, a administra\u00e7\u00e3o Z\u00e9 Maria Barros pode pagar at\u00e9 R$ 10 mil pelo descumprimento.<\/p>\n<p style=\"text-align: justify;\"><!--more--><\/p>\n<p style=\"text-align: justify;\"><a href=\"http:\/\/www.polisrecreio.com.br\/site\/wp-content\/uploads\/2017\/02\/14.jpg\"><img loading=\"lazy\" class=\"aligncenter size-full wp-image-4298\" src=\"http:\/\/www.polisrecreio.com.br\/site\/wp-content\/uploads\/2017\/02\/14.jpg\" alt=\"1\" width=\"750\" height=\"563\" srcset=\"https:\/\/www.polisrecreio.com.br\/site\/wp-content\/uploads\/2017\/02\/14.jpg 750w, https:\/\/www.polisrecreio.com.br\/site\/wp-content\/uploads\/2017\/02\/14-300x225.jpg 300w\" sizes=\"(max-width: 750px) 100vw, 750px\" \/><\/a><\/p>\n<p style=\"text-align: justify;\">Na \u00e9poca foi instaurado perante a 2\u00aa Promotoria de Justi\u00e7a da Comarca de Leopoldina o Inqu\u00e9rito Civil P\u00fablico n\u00ba 0384.15.000095-6, tendo por escopo avaliar as defici\u00eancias demonstradas pelo Munic\u00edpio de Recreio, no enfrentamento do Aedes.<\/p>\n<p style=\"text-align: justify;\">Com efeito, iniciaram-se as investiga\u00e7\u00f5es a partir de encaminhamento ao Minist\u00e9rio P\u00fablico Estadual, por parte da Superintend\u00eancia Regional de Sa\u00fade de Leopoldina, de relat\u00f3rio contendo informa\u00e7\u00f5es pormenorizadas acerca da situa\u00e7\u00e3o individualizada de Recreio. O documento apontou uma s\u00e9rie de irregularidades, dentre elas a inexist\u00eancia de a\u00e7\u00f5es efetivas pertinentes ao combate do mosquito.<\/p>\n<p style=\"text-align: justify;\">No TAC assinado em 5 de maio de 2015, pelo ent\u00e3o prefeito, \u00d4nio Fialho; o secret\u00e1rio de Sa\u00fade, Ricardo Fialho; e o procurador Jur\u00eddico, Dr. Alexandre de Moraes; os principais compromissos assumidos foram:<\/p>\n<p style=\"text-align: justify;\">&#8211; implantar ou implementar integralmente todos os componentes preconizados no Programa Nacional de Controle da Dengue;<\/p>\n<p style=\"text-align: justify;\">&#8211; realizar de forma sistem\u00e1tica a limpeza urbana e a coleta regular de lixo, atingindo coberturas adequadas, principalmente em \u00e1reas de risco;<\/p>\n<p style=\"text-align: justify;\">&#8211; estabelecer e manter imediato zoneamento dos im\u00f3veis urbanos, congregando, cada zona, no m\u00e1ximo, 800 im\u00f3veis, com a designa\u00e7\u00e3o de um agente sanit\u00e1rio para cada zona, visando \u00e0 redu\u00e7\u00e3o do \u00edndice de infesta\u00e7\u00e3o predial para menos de 1%;<\/p>\n<p style=\"text-align: justify;\">&#8211; criar legisla\u00e7\u00e3o municipal espec\u00edfica e implementar as medidas administrativas necess\u00e1rias, visando solucionar os problemas de ordem legal encontrados na execu\u00e7\u00e3o das atividades de preven\u00e7\u00e3o e controle da dengue, tais como casas fechadas, abandonadas e aquelas que o propriet\u00e1rio n\u00e3o permite o acesso dos agentes;<\/p>\n<p style=\"text-align: justify;\">&#8211; compromete a oficiar \u00e0 Promotoria de Justi\u00e7a da Comarca de Leopoldina, com a documenta\u00e7\u00e3o pertinente, para apura\u00e7\u00e3o dos fatos quando esgotadas as vias descritas na legisla\u00e7\u00e3o municipal;<\/p>\n<p style=\"text-align: justify;\">&#8211; capacitar ou providenciar a capacita\u00e7\u00e3o, de forma cont\u00ednua, de todos os profissionais envolvidos no atendimento das pessoas com dengue;<\/p>\n<p style=\"text-align: justify;\">&#8211; enviar ao Conselho Municipal de Sa\u00fade, quadrimestralmente, relat\u00f3rios das a\u00e7\u00f5es desenvolvidas e metas cumpridas;<\/p>\n<p style=\"text-align: justify;\">&#8211; reestruturar o Comit\u00ea Municipal de Mobiliza\u00e7\u00e3o, Acompanhamento e Avalia\u00e7\u00e3o das medidas de controle da dengue;<\/p>\n<p style=\"text-align: justify;\">&#8211; implementar A\u00e7\u00f5es de Educa\u00e7\u00e3o, Comunica\u00e7\u00e3o e Mobiliza\u00e7\u00e3o Social, elaborando um programa de educa\u00e7\u00e3o em sa\u00fade e mobiliza\u00e7\u00e3o social;<\/p>\n<p style=\"text-align: justify;\">&#8211; elaborar, dar andamento e efetivo cumprimento ao seu Plano Municipal de Conting\u00eancia para o enfrentamento da Dengue, demonstrando o planejamento de adequada estrutura assistencial e de recursos humanos para enfrentamento da doen\u00e7a;<\/p>\n<p style=\"text-align: justify;\">&#8211; recorrer \u00e0 log\u00edstica da Secretaria\u00a0 de Estado de Sa\u00fade de Minas Gerais para prote\u00e7\u00e3o do interesse p\u00fablico sanit\u00e1rio, sempre que necess\u00e1rio, especialmente quando o quadro epidemiol\u00f3gico de controle da dengue estiver caracterizado com n\u00edveis de gravidade compat\u00edveis a surto end\u00eamico;<\/p>\n<p style=\"text-align: justify;\">Os compromissos pactuados em 5 de maio de 2015 n\u00e3o foram honrados no prazo estabelecido. Decorrido o lapso temporal superior a 18 meses do vencimento dos prazos estipulados, o Minist\u00e9rio P\u00fablico encaminhou a Prefeitura de Recreio a execu\u00e7\u00e3o de t\u00edtulo extrajudicial.<\/p>\n<p style=\"text-align: justify;\">A multa a ser paga pelo descumprimento do TAC ser\u00e1 de R$ 100 por dia, primeiramente at\u00e9 o limite de R$ 10 mil, sem preju\u00edzo de nova avalia\u00e7\u00e3o ap\u00f3s o decorrido limite de 30 dias, a partir de 12 de janeiro de 2017.<\/p>\n<p style=\"text-align: justify;\">Segundo informa\u00e7\u00f5es obtidas pelo Site P\u00f3lis junto a administra\u00e7\u00e3o municipal, a secret\u00e1ria de Sa\u00fade, Gabriela Helena de Paula, est\u00e1 avaliando cada item\u00a0do descumprimento e vai tentando sanar os problema \u00a0relatados.<\/p>\n","protected":false},"excerpt":{"rendered":"<p>Em 2015, O Minist\u00e9rio P\u00fablico de Minas Gerais listou uma s\u00e9rie de defici\u00eancias no setor da Prefeitura de Recreio respons\u00e1vel por enfrentar a prolifera\u00e7\u00e3o do mosquito Aedes aegypti, transmissor da dengue, zika v\u00edrus e febre chikungunya. Na \u00e9poca a gest\u00e3o \u00d4nio Fialho assinou um Termo de Ajuste de Conduta \u201cTAC\u201d, assumindo o compromisso de adequar [&hellip;]<\/p>\n","protected":false},"author":3,"featured_media":4298,"comment_status":"open","ping_status":"open","sticky":false,"template":"","format":"standard","meta":[],"categories":[7],"tags":[],"yoast_head":"<!-- This site is optimized with the Yoast SEO plugin v15.6.2 - https:\/\/yoast.com\/wordpress\/plugins\/seo\/ -->\n<meta name=\"robots\" content=\"index, follow, max-snippet:-1, max-image-preview:large, max-video-preview:-1\" \/>\n<link rel=\"canonical\" href=\"https:\/\/www.polisrecreio.com.br\/site\/2017\/02\/09\/compromisso-assumido-em-2015-e-nao-cumprido-pode-gerar-multa-de-r-10-mil-a-prefeitura-de-recreio\/\" \/>\n<meta property=\"og:locale\" content=\"pt_BR\" \/>\n<meta property=\"og:type\" content=\"article\" \/>\n<meta property=\"og:title\" content=\"Compromisso assumido em 2015 e n\u00e3o cumprido pode gerar multa de R$ 10 mil a Prefeitura de Recreio - P\u00f3lis Recreio\" \/>\n<meta property=\"og:description\" content=\"Em 2015, O Minist\u00e9rio P\u00fablico de Minas Gerais listou uma s\u00e9rie de defici\u00eancias no setor da Prefeitura de Recreio respons\u00e1vel por enfrentar a prolifera\u00e7\u00e3o do mosquito Aedes aegypti, transmissor da dengue, zika v\u00edrus e febre chikungunya. Na \u00e9poca a gest\u00e3o \u00d4nio Fialho assinou um Termo de Ajuste de Conduta \u201cTAC\u201d, assumindo o compromisso de adequar [&hellip;]\" \/>\n<meta property=\"og:url\" content=\"https:\/\/www.polisrecreio.com.br\/site\/2017\/02\/09\/compromisso-assumido-em-2015-e-nao-cumprido-pode-gerar-multa-de-r-10-mil-a-prefeitura-de-recreio\/\" \/>\n<meta property=\"og:site_name\" content=\"P\u00f3lis Recreio\" \/>\n<meta property=\"article:publisher\" content=\"https:\/\/www.facebook.com\/Site-P%c3%b3lis-Recreio-MG-181941708571019\/\" \/>\n<meta property=\"article:published_time\" content=\"2017-02-09T12:55:04+00:00\" \/>\n<meta property=\"og:image\" content=\"https:\/\/www.polisrecreio.com.br\/site\/wp-content\/uploads\/2017\/02\/14.jpg\" \/>\n\t<meta property=\"og:image:width\" content=\"750\" \/>\n\t<meta property=\"og:image:height\" content=\"563\" \/>\n<meta name=\"twitter:card\" content=\"summary_large_image\" \/>\n<meta name=\"twitter:creator\" content=\"@PolisRecreio\" \/>\n<meta name=\"twitter:site\" content=\"@PolisRecreio\" \/>\n<meta name=\"twitter:label1\" content=\"Est. reading time\">\n\t<meta name=\"twitter:data1\" content=\"3 minutos\">\n<script type=\"application\/ld+json\" class=\"yoast-schema-graph\">{\"@context\":\"https:\/\/schema.org\",\"@graph\":[{\"@type\":\"WebSite\",\"@id\":\"https:\/\/www.polisrecreio.com.br\/site\/#website\",\"url\":\"https:\/\/www.polisrecreio.com.br\/site\/\",\"name\":\"P\\u00f3lis Recreio\",\"description\":\"\",\"potentialAction\":[{\"@type\":\"SearchAction\",\"target\":\"https:\/\/www.polisrecreio.com.br\/site\/?s={search_term_string}\",\"query-input\":\"required name=search_term_string\"}],\"inLanguage\":\"pt-BR\"},{\"@type\":\"ImageObject\",\"@id\":\"https:\/\/www.polisrecreio.com.br\/site\/2017\/02\/09\/compromisso-assumido-em-2015-e-nao-cumprido-pode-gerar-multa-de-r-10-mil-a-prefeitura-de-recreio\/#primaryimage\",\"inLanguage\":\"pt-BR\",\"url\":\"https:\/\/www.polisrecreio.com.br\/site\/wp-content\/uploads\/2017\/02\/14.jpg\",\"width\":750,\"height\":563},{\"@type\":\"WebPage\",\"@id\":\"https:\/\/www.polisrecreio.com.br\/site\/2017\/02\/09\/compromisso-assumido-em-2015-e-nao-cumprido-pode-gerar-multa-de-r-10-mil-a-prefeitura-de-recreio\/#webpage\",\"url\":\"https:\/\/www.polisrecreio.com.br\/site\/2017\/02\/09\/compromisso-assumido-em-2015-e-nao-cumprido-pode-gerar-multa-de-r-10-mil-a-prefeitura-de-recreio\/\",\"name\":\"Compromisso assumido em 2015 e n\\u00e3o cumprido pode gerar multa de R$ 10 mil a Prefeitura de Recreio - P\\u00f3lis Recreio\",\"isPartOf\":{\"@id\":\"https:\/\/www.polisrecreio.com.br\/site\/#website\"},\"primaryImageOfPage\":{\"@id\":\"https:\/\/www.polisrecreio.com.br\/site\/2017\/02\/09\/compromisso-assumido-em-2015-e-nao-cumprido-pode-gerar-multa-de-r-10-mil-a-prefeitura-de-recreio\/#primaryimage\"},\"datePublished\":\"2017-02-09T12:55:04+00:00\",\"dateModified\":\"2017-02-09T12:55:04+00:00\",\"author\":{\"@id\":\"https:\/\/www.polisrecreio.com.br\/site\/#\/schema\/person\/3363c1c78e1e28e1329d97adb387638e\"},\"inLanguage\":\"pt-BR\",\"potentialAction\":[{\"@type\":\"ReadAction\",\"target\":[\"https:\/\/www.polisrecreio.com.br\/site\/2017\/02\/09\/compromisso-assumido-em-2015-e-nao-cumprido-pode-gerar-multa-de-r-10-mil-a-prefeitura-de-recreio\/\"]}]},{\"@type\":\"Person\",\"@id\":\"https:\/\/www.polisrecreio.com.br\/site\/#\/schema\/person\/3363c1c78e1e28e1329d97adb387638e\",\"name\":\"Leonardo Ribeiro\",\"image\":{\"@type\":\"ImageObject\",\"@id\":\"https:\/\/www.polisrecreio.com.br\/site\/#personlogo\",\"inLanguage\":\"pt-BR\",\"url\":\"https:\/\/secure.gravatar.com\/avatar\/6ba92a37d621e1a83e23710251178a12?s=96&d=mm&r=g\",\"caption\":\"Leonardo Ribeiro\"},\"sameAs\":[\"http:\/\/www.polisrecreio.com.br\"]}]}<\/script>\n<!-- \/ Yoast SEO plugin. -->","_links":{"self":[{"href":"https:\/\/www.polisrecreio.com.br\/site\/wp-json\/wp\/v2\/posts\/4297"}],"collection":[{"href":"https:\/\/www.polisrecreio.com.br\/site\/wp-json\/wp\/v2\/posts"}],"about":[{"href":"https:\/\/www.polisrecreio.com.br\/site\/wp-json\/wp\/v2\/types\/post"}],"author":[{"embeddable":true,"href":"https:\/\/www.polisrecreio.com.br\/site\/wp-json\/wp\/v2\/users\/3"}],"replies":[{"embeddable":true,"href":"https:\/\/www.polisrecreio.com.br\/site\/wp-json\/wp\/v2\/comments?post=4297"}],"version-history":[{"count":3,"href":"https:\/\/www.polisrecreio.com.br\/site\/wp-json\/wp\/v2\/posts\/4297\/revisions"}],"predecessor-version":[{"id":4301,"href":"https:\/\/www.polisrecreio.com.br\/site\/wp-json\/wp\/v2\/posts\/4297\/revisions\/4301"}],"wp:featuredmedia":[{"embeddable":true,"href":"https:\/\/www.polisrecreio.com.br\/site\/wp-json\/wp\/v2\/media\/4298"}],"wp:attachment":[{"href":"https:\/\/www.polisrecreio.com.br\/site\/wp-json\/wp\/v2\/media?parent=4297"}],"wp:term":[{"taxonomy":"category","embeddable":true,"href":"https:\/\/www.polisrecreio.com.br\/site\/wp-json\/wp\/v2\/categories?post=4297"},{"taxonomy":"post_tag","embeddable":true,"href":"https:\/\/www.polisrecreio.com.br\/site\/wp-json\/wp\/v2\/tags?post=4297"}],"curies":[{"name":"wp","href":"https:\/\/api.w.org\/{rel}","templated":true}]}}