{"id":4302,"date":"2017-02-09T19:51:17","date_gmt":"2017-02-09T22:51:17","guid":{"rendered":"http:\/\/www.polisrecreio.com.br\/site\/?p=4302"},"modified":"2017-02-09T19:51:17","modified_gmt":"2017-02-09T22:51:17","slug":"campeonato-de-futsal-recreio-categoria-1999-comeca-dia-18","status":"publish","type":"post","link":"https:\/\/www.polisrecreio.com.br\/site\/2017\/02\/09\/campeonato-de-futsal-recreio-categoria-1999-comeca-dia-18\/","title":{"rendered":"Campeonato de Futsal Recreio, categoria 1999, come\u00e7a dia 18"},"content":{"rendered":"<p style=\"text-align: justify;\">O secret\u00e1rio de Esportes, Leandro Ferreira Medeiros \u201cLeo Medeiros\u201d, junto com a comiss\u00e3o organizadora, definiu nesta quinta-feira (9) em reuni\u00e3o com representantes de times o in\u00edcio do Campeonato de Futsal Recreio, categoria 1999, para dia 18 de fevereiro.<\/p>\n<p style=\"text-align: justify;\"><!--more--><\/p>\n<p style=\"text-align: justify;\"><a href=\"http:\/\/www.polisrecreio.com.br\/site\/wp-content\/uploads\/2017\/02\/1111.jpg\"><img loading=\"lazy\" class=\"aligncenter size-full wp-image-4304\" src=\"http:\/\/www.polisrecreio.com.br\/site\/wp-content\/uploads\/2017\/02\/1111.jpg\" alt=\"111\" width=\"750\" height=\"422\" srcset=\"https:\/\/www.polisrecreio.com.br\/site\/wp-content\/uploads\/2017\/02\/1111.jpg 750w, https:\/\/www.polisrecreio.com.br\/site\/wp-content\/uploads\/2017\/02\/1111-300x169.jpg 300w\" sizes=\"(max-width: 750px) 100vw, 750px\" \/><\/a><\/p>\n<p style=\"text-align: justify;\">A competi\u00e7\u00e3o ser\u00e1 disputada aos s\u00e1bados pela manh\u00e3 na quadra da Escola Municipal Jo\u00e3o Damasceno Ferreira, no bairro Mandioca. Ao todo sete times confirmaram presen\u00e7a (Canto dos Ferreira, Esperan\u00e7a, Planalto, Alto Esporte, Olaria, Angaturama e Bike do Toninho \u2013 nome a confirmar). As fichas ser\u00e3o distribu\u00eddas nesta sexta-feira (10). Participar\u00e3o jogadores nascidos no ano de 1999, com exce\u00e7\u00e3o de goleiros que poder\u00e3o ter at\u00e9 20 anos.<\/p>\n<p style=\"text-align: justify;\">A reuni\u00e3o aconteceu no Centro Cultural Aristides Dorigo. Participaram os representantes do Canto dos Ferreira, Esperan\u00e7a, Alto Esporte e Olaria. Os demais representantes ligaram confirmando a presen\u00e7a no Campeonato.<\/p>\n<p style=\"text-align: justify;\">A comiss\u00e3o organizadora do Campeonato de Futsal Recreio, categoria 1999, \u00e9 formada pelo secret\u00e1rio Leo Medeiros, o assessor Carlos Eduardo Oliveira e o volunt\u00e1rio Kaian Soares.<\/p>\n<p style=\"text-align: justify;\"><a href=\"http:\/\/www.polisrecreio.com.br\/site\/wp-content\/uploads\/2017\/02\/111.jpg\"><img loading=\"lazy\" class=\"aligncenter size-full wp-image-4303\" src=\"http:\/\/www.polisrecreio.com.br\/site\/wp-content\/uploads\/2017\/02\/111.jpg\" alt=\"11\" width=\"750\" height=\"422\" srcset=\"https:\/\/www.polisrecreio.com.br\/site\/wp-content\/uploads\/2017\/02\/111.jpg 750w, https:\/\/www.polisrecreio.com.br\/site\/wp-content\/uploads\/2017\/02\/111-300x169.jpg 300w\" sizes=\"(max-width: 750px) 100vw, 750px\" \/><\/a><\/p>\n","protected":false},"excerpt":{"rendered":"<p>O secret\u00e1rio de Esportes, Leandro Ferreira Medeiros \u201cLeo Medeiros\u201d, junto com a comiss\u00e3o organizadora, definiu nesta quinta-feira (9) em reuni\u00e3o com representantes de times o in\u00edcio do Campeonato de Futsal Recreio, categoria 1999, para dia 18 de fevereiro.<\/p>\n","protected":false},"author":3,"featured_media":4304,"comment_status":"open","ping_status":"open","sticky":false,"template":"","format":"standard","meta":[],"categories":[4],"tags":[],"yoast_head":"<!-- This site is optimized with the Yoast SEO plugin v15.6.2 - https:\/\/yoast.com\/wordpress\/plugins\/seo\/ -->\n<meta name=\"robots\" content=\"index, follow, max-snippet:-1, max-image-preview:large, max-video-preview:-1\" \/>\n<link rel=\"canonical\" href=\"https:\/\/www.polisrecreio.com.br\/site\/2017\/02\/09\/campeonato-de-futsal-recreio-categoria-1999-comeca-dia-18\/\" \/>\n<meta property=\"og:locale\" content=\"pt_BR\" \/>\n<meta property=\"og:type\" content=\"article\" \/>\n<meta property=\"og:title\" content=\"Campeonato de Futsal Recreio, categoria 1999, come\u00e7a dia 18 - P\u00f3lis Recreio\" \/>\n<meta property=\"og:description\" content=\"O secret\u00e1rio de Esportes, Leandro Ferreira Medeiros \u201cLeo Medeiros\u201d, junto com a comiss\u00e3o organizadora, definiu nesta quinta-feira (9) em reuni\u00e3o com representantes de times o in\u00edcio do Campeonato de Futsal Recreio, categoria 1999, para dia 18 de fevereiro.\" \/>\n<meta property=\"og:url\" content=\"https:\/\/www.polisrecreio.com.br\/site\/2017\/02\/09\/campeonato-de-futsal-recreio-categoria-1999-comeca-dia-18\/\" \/>\n<meta property=\"og:site_name\" content=\"P\u00f3lis Recreio\" \/>\n<meta property=\"article:publisher\" content=\"https:\/\/www.facebook.com\/Site-P%c3%b3lis-Recreio-MG-181941708571019\/\" \/>\n<meta property=\"article:published_time\" content=\"2017-02-09T22:51:17+00:00\" \/>\n<meta property=\"og:image\" content=\"https:\/\/www.polisrecreio.com.br\/site\/wp-content\/uploads\/2017\/02\/1111.jpg\" \/>\n\t<meta property=\"og:image:width\" content=\"750\" \/>\n\t<meta property=\"og:image:height\" content=\"422\" \/>\n<meta name=\"twitter:card\" content=\"summary_large_image\" \/>\n<meta name=\"twitter:creator\" content=\"@PolisRecreio\" \/>\n<meta name=\"twitter:site\" content=\"@PolisRecreio\" \/>\n<meta name=\"twitter:label1\" content=\"Est. reading time\">\n\t<meta name=\"twitter:data1\" content=\"1 minuto\">\n<script type=\"application\/ld+json\" class=\"yoast-schema-graph\">{\"@context\":\"https:\/\/schema.org\",\"@graph\":[{\"@type\":\"WebSite\",\"@id\":\"https:\/\/www.polisrecreio.com.br\/site\/#website\",\"url\":\"https:\/\/www.polisrecreio.com.br\/site\/\",\"name\":\"P\\u00f3lis Recreio\",\"description\":\"\",\"potentialAction\":[{\"@type\":\"SearchAction\",\"target\":\"https:\/\/www.polisrecreio.com.br\/site\/?s={search_term_string}\",\"query-input\":\"required name=search_term_string\"}],\"inLanguage\":\"pt-BR\"},{\"@type\":\"ImageObject\",\"@id\":\"https:\/\/www.polisrecreio.com.br\/site\/2017\/02\/09\/campeonato-de-futsal-recreio-categoria-1999-comeca-dia-18\/#primaryimage\",\"inLanguage\":\"pt-BR\",\"url\":\"https:\/\/www.polisrecreio.com.br\/site\/wp-content\/uploads\/2017\/02\/1111.jpg\",\"width\":750,\"height\":422},{\"@type\":\"WebPage\",\"@id\":\"https:\/\/www.polisrecreio.com.br\/site\/2017\/02\/09\/campeonato-de-futsal-recreio-categoria-1999-comeca-dia-18\/#webpage\",\"url\":\"https:\/\/www.polisrecreio.com.br\/site\/2017\/02\/09\/campeonato-de-futsal-recreio-categoria-1999-comeca-dia-18\/\",\"name\":\"Campeonato de Futsal Recreio, categoria 1999, come\\u00e7a dia 18 - P\\u00f3lis Recreio\",\"isPartOf\":{\"@id\":\"https:\/\/www.polisrecreio.com.br\/site\/#website\"},\"primaryImageOfPage\":{\"@id\":\"https:\/\/www.polisrecreio.com.br\/site\/2017\/02\/09\/campeonato-de-futsal-recreio-categoria-1999-comeca-dia-18\/#primaryimage\"},\"datePublished\":\"2017-02-09T22:51:17+00:00\",\"dateModified\":\"2017-02-09T22:51:17+00:00\",\"author\":{\"@id\":\"https:\/\/www.polisrecreio.com.br\/site\/#\/schema\/person\/3363c1c78e1e28e1329d97adb387638e\"},\"inLanguage\":\"pt-BR\",\"potentialAction\":[{\"@type\":\"ReadAction\",\"target\":[\"https:\/\/www.polisrecreio.com.br\/site\/2017\/02\/09\/campeonato-de-futsal-recreio-categoria-1999-comeca-dia-18\/\"]}]},{\"@type\":\"Person\",\"@id\":\"https:\/\/www.polisrecreio.com.br\/site\/#\/schema\/person\/3363c1c78e1e28e1329d97adb387638e\",\"name\":\"Leonardo Ribeiro\",\"image\":{\"@type\":\"ImageObject\",\"@id\":\"https:\/\/www.polisrecreio.com.br\/site\/#personlogo\",\"inLanguage\":\"pt-BR\",\"url\":\"https:\/\/secure.gravatar.com\/avatar\/6ba92a37d621e1a83e23710251178a12?s=96&d=mm&r=g\",\"caption\":\"Leonardo Ribeiro\"},\"sameAs\":[\"http:\/\/www.polisrecreio.com.br\"]}]}<\/script>\n<!-- \/ Yoast SEO plugin. -->","_links":{"self":[{"href":"https:\/\/www.polisrecreio.com.br\/site\/wp-json\/wp\/v2\/posts\/4302"}],"collection":[{"href":"https:\/\/www.polisrecreio.com.br\/site\/wp-json\/wp\/v2\/posts"}],"about":[{"href":"https:\/\/www.polisrecreio.com.br\/site\/wp-json\/wp\/v2\/types\/post"}],"author":[{"embeddable":true,"href":"https:\/\/www.polisrecreio.com.br\/site\/wp-json\/wp\/v2\/users\/3"}],"replies":[{"embeddable":true,"href":"https:\/\/www.polisrecreio.com.br\/site\/wp-json\/wp\/v2\/comments?post=4302"}],"version-history":[{"count":1,"href":"https:\/\/www.polisrecreio.com.br\/site\/wp-json\/wp\/v2\/posts\/4302\/revisions"}],"predecessor-version":[{"id":4305,"href":"https:\/\/www.polisrecreio.com.br\/site\/wp-json\/wp\/v2\/posts\/4302\/revisions\/4305"}],"wp:featuredmedia":[{"embeddable":true,"href":"https:\/\/www.polisrecreio.com.br\/site\/wp-json\/wp\/v2\/media\/4304"}],"wp:attachment":[{"href":"https:\/\/www.polisrecreio.com.br\/site\/wp-json\/wp\/v2\/media?parent=4302"}],"wp:term":[{"taxonomy":"category","embeddable":true,"href":"https:\/\/www.polisrecreio.com.br\/site\/wp-json\/wp\/v2\/categories?post=4302"},{"taxonomy":"post_tag","embeddable":true,"href":"https:\/\/www.polisrecreio.com.br\/site\/wp-json\/wp\/v2\/tags?post=4302"}],"curies":[{"name":"wp","href":"https:\/\/api.w.org\/{rel}","templated":true}]}}