{"id":4321,"date":"2017-02-11T11:11:46","date_gmt":"2017-02-11T14:11:46","guid":{"rendered":"http:\/\/www.polisrecreio.com.br\/site\/?p=4321"},"modified":"2017-02-11T11:17:25","modified_gmt":"2017-02-11T14:17:25","slug":"prefeito-busca-parceria-com-brookfield-para-reativar-usina-de-reciclagem","status":"publish","type":"post","link":"https:\/\/www.polisrecreio.com.br\/site\/2017\/02\/11\/prefeito-busca-parceria-com-brookfield-para-reativar-usina-de-reciclagem\/","title":{"rendered":"Prefeito busca parceria com Brookfield para reativar usina de reciclagem"},"content":{"rendered":"<p style=\"text-align: justify;\">Uma das principais propostas de governo do prefeito de Recreio, Z\u00e9 Maria Barros, durante a campanha eleitoral de 2016 foi a reativa\u00e7\u00e3o da usina de reciclagem localizada no distrito de Concei\u00e7\u00e3o da Boa Vista, fechada em junho de 2015. Na tentativa de concretizar esta meta, o chefe do executivo municipal, buscou parceria com a Brookfield Renewable.<\/p>\n<p style=\"text-align: justify;\"><!--more--><\/p>\n<p style=\"text-align: justify;\"><a href=\"http:\/\/www.polisrecreio.com.br\/site\/wp-content\/uploads\/2017\/02\/15.jpg\"><img loading=\"lazy\" class=\"aligncenter size-full wp-image-4322\" src=\"http:\/\/www.polisrecreio.com.br\/site\/wp-content\/uploads\/2017\/02\/15.jpg\" alt=\"1\" width=\"750\" height=\"422\" srcset=\"https:\/\/www.polisrecreio.com.br\/site\/wp-content\/uploads\/2017\/02\/15.jpg 750w, https:\/\/www.polisrecreio.com.br\/site\/wp-content\/uploads\/2017\/02\/15-300x169.jpg 300w\" sizes=\"(max-width: 750px) 100vw, 750px\" \/><\/a><\/p>\n<p style=\"text-align: justify;\">Em reuni\u00e3o na manh\u00e3 dessa \u00faltima sexta-feira (10), o prefeito, acompanhado do secret\u00e1rio municipal de Desenvolvimento Econ\u00f4mico e Sustent\u00e1vel, Jo\u00e3o Guilherme Ferreira, recebeu os representantes da empresa, Wagner Mazzeti, da \u00e1rea de opera\u00e7\u00f5es da Regional Sudeste; Wagner Akihito, da \u00e1rea ambiental da Regional Sudeste; e Milena Murta, da \u00e1rea de responsabilidade social do Setor Corporativo.<\/p>\n<p style=\"text-align: justify;\">Durante a conversa a equipe da Brookfield, construtora da UHE Barra do Bra\u00fana, no rio Pomba, na divisa entre Recreio e Laranjal, apresentou os trabalhos desenvolvidos pela empresa em comunidades vizinhas aos seus empreendimentos tanto na \u00e1rea ambiental como tamb\u00e9m no social.<\/p>\n<p style=\"text-align: justify;\">Sobre a constru\u00e7\u00e3o da Usina de Triagem e Compostagem de Res\u00edduos S\u00f3lidos de Recreio, locada em Concei\u00e7\u00e3o da Boa Vista, eles fizeram um r\u00e1pido hist\u00f3rico do investimento, com opera\u00e7\u00e3o iniciada em fevereiro de 2012 durante a administra\u00e7\u00e3o Fernando Coimbra (2005\/2012). O investimento da Brookfield custou R$ 641 mil atrav\u00e9s de recursos do Banco Nacional de Desenvolvimento Econ\u00f4mico e Social \u201cBNDES\u201d, com capacidade para atender uma popula\u00e7\u00e3o de at\u00e9 20 mil habitantes. Segundo Wagner Akihito, \u201ca ideia da usina era sanar o problema que Recreio tinha com o descarte dos res\u00edduos s\u00f3lidos, agregando conscientiza\u00e7\u00e3o ambiental e gera\u00e7\u00e3o de emprego e renda. A empresa construiu e entregou ao Munic\u00edpio para a entidade governamental gerenciar o investimento\u201d, concluiu Akihito.<\/p>\n<p style=\"text-align: justify;\">Em determinados per\u00edodos a UTC chegou a ser operada por empresas terceirizadas e em outros momentos com funcion\u00e1rios municipais. Durante o ano de 2012, segundo informa\u00e7\u00f5es obtidas pelo Site P\u00f3lis, a usina chegou a gerar 12 empregos diretos, todos moradores do distrito.<\/p>\n<p style=\"text-align: justify;\">Em 2015, ap\u00f3s den\u00fancias ao Minist\u00e9rio P\u00fablico de Minas Gerais sobre o sistema operacional, a gest\u00e3o \u00d4nio Fialho (2013\/2016), optou por interromper as atividades e fechou a UTC. Na \u00e9poca, 11 funcion\u00e1rios trabalhavam na reciclagem. Desde ent\u00e3o o destino do lixo de Recreio \u00e9 o aterro sanit\u00e1rio Uni\u00e3o Recicl\u00e1veis, localizado na BR-116, proporcionando a gera\u00e7\u00e3o de emprego e renda em outra localidade.<\/p>\n<p style=\"text-align: justify;\">Na tentativa de reativar a usina, o prefeito solicitou a Brookfield uma parceria. \u201cO retorno das opera\u00e7\u00f5es da UTC \u00e9 a nossa meta primordial para Concei\u00e7\u00e3o da Boa Vista. O distrito \u00e9 um territ\u00f3rio com altos \u00edndices de vulnerabilidade social e a usina sempre ajudou na oportunidade de trabalho, na melhoria das condi\u00e7\u00f5es de vida e nas atividades do com\u00e9rcio local\u201d, disse Z\u00e9 Maria Barros.<\/p>\n<p style=\"text-align: justify;\">Os representantes da Brookfield demonstraram interesse em ajudar, mas, disseram que o governo municipal dever\u00e1 apresentar um plano de reativa\u00e7\u00e3o baseado na autossustentabilidade. \u201cO interessante seria a UTC ser operada\u00a0por uma cooperativa\u201d, disse Milena Murta. O prefeito Z\u00e9 Maria disse que \u201cna pr\u00f3xima semana a equipe administrativa estar\u00e1 estruturando o plano e em breve apresentar\u00e1 \u00e0 empresa\u201d. Atualmente, a \u00e1rea da UTC est\u00e1 tomada pelo mato e v\u00e1rios equipamentos foram furtados.<\/p>\n<figure id=\"attachment_3829\" aria-describedby=\"caption-attachment-3829\" style=\"width: 750px\" class=\"wp-caption aligncenter\"><a href=\"http:\/\/www.polisrecreio.com.br\/site\/wp-content\/uploads\/2017\/01\/41.jpg\"><img loading=\"lazy\" class=\"wp-image-3829 size-full\" src=\"http:\/\/www.polisrecreio.com.br\/site\/wp-content\/uploads\/2017\/01\/41.jpg\" alt=\"4\" width=\"750\" height=\"563\" srcset=\"https:\/\/www.polisrecreio.com.br\/site\/wp-content\/uploads\/2017\/01\/41.jpg 750w, https:\/\/www.polisrecreio.com.br\/site\/wp-content\/uploads\/2017\/01\/41-300x225.jpg 300w\" sizes=\"(max-width: 750px) 100vw, 750px\" \/><\/a><figcaption id=\"caption-attachment-3829\" class=\"wp-caption-text\">Usina em janeiro de 2017.<\/figcaption><\/figure>\n","protected":false},"excerpt":{"rendered":"<p>Uma das principais propostas de governo do prefeito de Recreio, Z\u00e9 Maria Barros, durante a campanha eleitoral de 2016 foi a reativa\u00e7\u00e3o da usina de reciclagem localizada no distrito de Concei\u00e7\u00e3o da Boa Vista, fechada em junho de 2015. Na tentativa de concretizar esta meta, o chefe do executivo municipal, buscou parceria com a Brookfield [&hellip;]<\/p>\n","protected":false},"author":3,"featured_media":4322,"comment_status":"open","ping_status":"open","sticky":false,"template":"","format":"standard","meta":[],"categories":[14],"tags":[],"yoast_head":"<!-- This site is optimized with the Yoast SEO plugin v15.6.2 - https:\/\/yoast.com\/wordpress\/plugins\/seo\/ -->\n<meta name=\"robots\" content=\"index, follow, max-snippet:-1, max-image-preview:large, max-video-preview:-1\" \/>\n<link rel=\"canonical\" href=\"http:\/\/www.polisrecreio.com.br\/site\/2017\/02\/11\/prefeito-busca-parceria-com-brookfield-para-reativar-usina-de-reciclagem\/\" \/>\n<meta property=\"og:locale\" content=\"pt_BR\" \/>\n<meta property=\"og:type\" content=\"article\" \/>\n<meta property=\"og:title\" content=\"Prefeito busca parceria com Brookfield para reativar usina de reciclagem - P\u00f3lis Recreio\" \/>\n<meta property=\"og:description\" content=\"Uma das principais propostas de governo do prefeito de Recreio, Z\u00e9 Maria Barros, durante a campanha eleitoral de 2016 foi a reativa\u00e7\u00e3o da usina de reciclagem localizada no distrito de Concei\u00e7\u00e3o da Boa Vista, fechada em junho de 2015. Na tentativa de concretizar esta meta, o chefe do executivo municipal, buscou parceria com a Brookfield [&hellip;]\" \/>\n<meta property=\"og:url\" content=\"http:\/\/www.polisrecreio.com.br\/site\/2017\/02\/11\/prefeito-busca-parceria-com-brookfield-para-reativar-usina-de-reciclagem\/\" \/>\n<meta property=\"og:site_name\" content=\"P\u00f3lis Recreio\" \/>\n<meta property=\"article:publisher\" content=\"https:\/\/www.facebook.com\/Site-P%c3%b3lis-Recreio-MG-181941708571019\/\" \/>\n<meta property=\"article:published_time\" content=\"2017-02-11T14:11:46+00:00\" \/>\n<meta property=\"article:modified_time\" content=\"2017-02-11T14:17:25+00:00\" \/>\n<meta property=\"og:image\" content=\"https:\/\/www.polisrecreio.com.br\/site\/wp-content\/uploads\/2017\/02\/15.jpg\" \/>\n\t<meta property=\"og:image:width\" content=\"750\" \/>\n\t<meta property=\"og:image:height\" content=\"422\" \/>\n<meta name=\"twitter:card\" content=\"summary_large_image\" \/>\n<meta name=\"twitter:creator\" content=\"@PolisRecreio\" \/>\n<meta name=\"twitter:site\" content=\"@PolisRecreio\" \/>\n<meta name=\"twitter:label1\" content=\"Est. reading time\">\n\t<meta name=\"twitter:data1\" content=\"3 minutos\">\n<script type=\"application\/ld+json\" class=\"yoast-schema-graph\">{\"@context\":\"https:\/\/schema.org\",\"@graph\":[{\"@type\":\"WebSite\",\"@id\":\"https:\/\/www.polisrecreio.com.br\/site\/#website\",\"url\":\"https:\/\/www.polisrecreio.com.br\/site\/\",\"name\":\"P\\u00f3lis Recreio\",\"description\":\"\",\"potentialAction\":[{\"@type\":\"SearchAction\",\"target\":\"https:\/\/www.polisrecreio.com.br\/site\/?s={search_term_string}\",\"query-input\":\"required name=search_term_string\"}],\"inLanguage\":\"pt-BR\"},{\"@type\":\"ImageObject\",\"@id\":\"http:\/\/www.polisrecreio.com.br\/site\/2017\/02\/11\/prefeito-busca-parceria-com-brookfield-para-reativar-usina-de-reciclagem\/#primaryimage\",\"inLanguage\":\"pt-BR\",\"url\":\"https:\/\/www.polisrecreio.com.br\/site\/wp-content\/uploads\/2017\/02\/15.jpg\",\"width\":750,\"height\":422},{\"@type\":\"WebPage\",\"@id\":\"http:\/\/www.polisrecreio.com.br\/site\/2017\/02\/11\/prefeito-busca-parceria-com-brookfield-para-reativar-usina-de-reciclagem\/#webpage\",\"url\":\"http:\/\/www.polisrecreio.com.br\/site\/2017\/02\/11\/prefeito-busca-parceria-com-brookfield-para-reativar-usina-de-reciclagem\/\",\"name\":\"Prefeito busca parceria com Brookfield para reativar usina de reciclagem - P\\u00f3lis Recreio\",\"isPartOf\":{\"@id\":\"https:\/\/www.polisrecreio.com.br\/site\/#website\"},\"primaryImageOfPage\":{\"@id\":\"http:\/\/www.polisrecreio.com.br\/site\/2017\/02\/11\/prefeito-busca-parceria-com-brookfield-para-reativar-usina-de-reciclagem\/#primaryimage\"},\"datePublished\":\"2017-02-11T14:11:46+00:00\",\"dateModified\":\"2017-02-11T14:17:25+00:00\",\"author\":{\"@id\":\"https:\/\/www.polisrecreio.com.br\/site\/#\/schema\/person\/3363c1c78e1e28e1329d97adb387638e\"},\"inLanguage\":\"pt-BR\",\"potentialAction\":[{\"@type\":\"ReadAction\",\"target\":[\"http:\/\/www.polisrecreio.com.br\/site\/2017\/02\/11\/prefeito-busca-parceria-com-brookfield-para-reativar-usina-de-reciclagem\/\"]}]},{\"@type\":\"Person\",\"@id\":\"https:\/\/www.polisrecreio.com.br\/site\/#\/schema\/person\/3363c1c78e1e28e1329d97adb387638e\",\"name\":\"Leonardo Ribeiro\",\"image\":{\"@type\":\"ImageObject\",\"@id\":\"https:\/\/www.polisrecreio.com.br\/site\/#personlogo\",\"inLanguage\":\"pt-BR\",\"url\":\"https:\/\/secure.gravatar.com\/avatar\/6ba92a37d621e1a83e23710251178a12?s=96&d=mm&r=g\",\"caption\":\"Leonardo Ribeiro\"},\"sameAs\":[\"http:\/\/www.polisrecreio.com.br\"]}]}<\/script>\n<!-- \/ Yoast SEO plugin. -->","_links":{"self":[{"href":"https:\/\/www.polisrecreio.com.br\/site\/wp-json\/wp\/v2\/posts\/4321"}],"collection":[{"href":"https:\/\/www.polisrecreio.com.br\/site\/wp-json\/wp\/v2\/posts"}],"about":[{"href":"https:\/\/www.polisrecreio.com.br\/site\/wp-json\/wp\/v2\/types\/post"}],"author":[{"embeddable":true,"href":"https:\/\/www.polisrecreio.com.br\/site\/wp-json\/wp\/v2\/users\/3"}],"replies":[{"embeddable":true,"href":"https:\/\/www.polisrecreio.com.br\/site\/wp-json\/wp\/v2\/comments?post=4321"}],"version-history":[{"count":6,"href":"https:\/\/www.polisrecreio.com.br\/site\/wp-json\/wp\/v2\/posts\/4321\/revisions"}],"predecessor-version":[{"id":4328,"href":"https:\/\/www.polisrecreio.com.br\/site\/wp-json\/wp\/v2\/posts\/4321\/revisions\/4328"}],"wp:featuredmedia":[{"embeddable":true,"href":"https:\/\/www.polisrecreio.com.br\/site\/wp-json\/wp\/v2\/media\/4322"}],"wp:attachment":[{"href":"https:\/\/www.polisrecreio.com.br\/site\/wp-json\/wp\/v2\/media?parent=4321"}],"wp:term":[{"taxonomy":"category","embeddable":true,"href":"https:\/\/www.polisrecreio.com.br\/site\/wp-json\/wp\/v2\/categories?post=4321"},{"taxonomy":"post_tag","embeddable":true,"href":"https:\/\/www.polisrecreio.com.br\/site\/wp-json\/wp\/v2\/tags?post=4321"}],"curies":[{"name":"wp","href":"https:\/\/api.w.org\/{rel}","templated":true}]}}