{"id":4329,"date":"2017-02-13T07:40:19","date_gmt":"2017-02-13T10:40:19","guid":{"rendered":"http:\/\/www.polisrecreio.com.br\/site\/?p=4329"},"modified":"2017-02-13T07:40:19","modified_gmt":"2017-02-13T10:40:19","slug":"em-recreio-tarifa-de-agua-pode-ser-paga-em-sete-pontos","status":"publish","type":"post","link":"https:\/\/www.polisrecreio.com.br\/site\/2017\/02\/13\/em-recreio-tarifa-de-agua-pode-ser-paga-em-sete-pontos\/","title":{"rendered":"Em Recreio, tarifa de \u00e1gua pode ser paga em sete pontos"},"content":{"rendered":"<p style=\"text-align: justify;\">Em Recreio, a tarifa de \u00e1gua do Servi\u00e7o Aut\u00f4nomo de \u00c1gua e Esgoto \u201cSAAE\u201d pode ser paga em sete pontos da cidade. S\u00e3o seis drogarias, Popular, Descont\u00e3o, Ferraz, Nossa Drogaria, S\u00e3o Jos\u00e9 e Recreio, al\u00e9m da Casa Lot\u00e9rica,\u00a0autorizadas a receber.<\/p>\n<p style=\"text-align: justify;\"><!--more--><\/p>\n<p style=\"text-align: justify;\"><a href=\"http:\/\/www.polisrecreio.com.br\/site\/wp-content\/uploads\/2017\/02\/Sem-t\u00edtulo-1.jpg\"><img loading=\"lazy\" class=\"aligncenter size-full wp-image-4331\" src=\"http:\/\/www.polisrecreio.com.br\/site\/wp-content\/uploads\/2017\/02\/Sem-t\u00edtulo-1.jpg\" alt=\"Sem t\u00edtulo-1\" width=\"750\" height=\"422\" srcset=\"https:\/\/www.polisrecreio.com.br\/site\/wp-content\/uploads\/2017\/02\/Sem-t\u00edtulo-1.jpg 750w, https:\/\/www.polisrecreio.com.br\/site\/wp-content\/uploads\/2017\/02\/Sem-t\u00edtulo-1-300x169.jpg 300w\" sizes=\"(max-width: 750px) 100vw, 750px\" \/><\/a><\/p>\n<p style=\"text-align: justify;\">Todo ano a empresa respons\u00e1vel pelo abastecimento de \u00e1gua no Munic\u00edpio publica um edital de credenciamento e os interessados em receber as contas s\u00e3o cadastrados conforme as exig\u00eancias da institui\u00e7\u00e3o.<\/p>\n<p style=\"text-align: justify;\">Maiores informa\u00e7\u00f5es podem ser obtidas no escrit\u00f3rio do SAAE, na Rua Leopoldina, n\u00ba 177, ou pelo telefone (32) 3444-1202.<\/p>\n","protected":false},"excerpt":{"rendered":"<p>Em Recreio, a tarifa de \u00e1gua do Servi\u00e7o Aut\u00f4nomo de \u00c1gua e Esgoto \u201cSAAE\u201d pode ser paga em sete pontos da cidade. S\u00e3o seis drogarias, Popular, Descont\u00e3o, Ferraz, Nossa Drogaria, S\u00e3o Jos\u00e9 e Recreio, al\u00e9m da Casa Lot\u00e9rica,\u00a0autorizadas a receber.<\/p>\n","protected":false},"author":3,"featured_media":4331,"comment_status":"open","ping_status":"open","sticky":false,"template":"","format":"standard","meta":[],"categories":[6],"tags":[],"yoast_head":"<!-- This site is optimized with the Yoast SEO plugin v15.6.2 - https:\/\/yoast.com\/wordpress\/plugins\/seo\/ -->\n<meta name=\"robots\" content=\"index, follow, max-snippet:-1, max-image-preview:large, max-video-preview:-1\" \/>\n<link rel=\"canonical\" href=\"http:\/\/www.polisrecreio.com.br\/site\/2017\/02\/13\/em-recreio-tarifa-de-agua-pode-ser-paga-em-sete-pontos\/\" \/>\n<meta property=\"og:locale\" content=\"pt_BR\" \/>\n<meta property=\"og:type\" content=\"article\" \/>\n<meta property=\"og:title\" content=\"Em Recreio, tarifa de \u00e1gua pode ser paga em sete pontos - P\u00f3lis Recreio\" \/>\n<meta property=\"og:description\" content=\"Em Recreio, a tarifa de \u00e1gua do Servi\u00e7o Aut\u00f4nomo de \u00c1gua e Esgoto \u201cSAAE\u201d pode ser paga em sete pontos da cidade. S\u00e3o seis drogarias, Popular, Descont\u00e3o, Ferraz, Nossa Drogaria, S\u00e3o Jos\u00e9 e Recreio, al\u00e9m da Casa Lot\u00e9rica,\u00a0autorizadas a receber.\" \/>\n<meta property=\"og:url\" content=\"http:\/\/www.polisrecreio.com.br\/site\/2017\/02\/13\/em-recreio-tarifa-de-agua-pode-ser-paga-em-sete-pontos\/\" \/>\n<meta property=\"og:site_name\" content=\"P\u00f3lis Recreio\" \/>\n<meta property=\"article:publisher\" content=\"https:\/\/www.facebook.com\/Site-P%c3%b3lis-Recreio-MG-181941708571019\/\" \/>\n<meta property=\"article:published_time\" content=\"2017-02-13T10:40:19+00:00\" \/>\n<meta property=\"og:image\" content=\"https:\/\/www.polisrecreio.com.br\/site\/wp-content\/uploads\/2017\/02\/Sem-t\u00edtulo-1.jpg\" \/>\n\t<meta property=\"og:image:width\" content=\"750\" \/>\n\t<meta property=\"og:image:height\" content=\"422\" \/>\n<meta name=\"twitter:card\" content=\"summary_large_image\" \/>\n<meta name=\"twitter:creator\" content=\"@PolisRecreio\" \/>\n<meta name=\"twitter:site\" content=\"@PolisRecreio\" \/>\n<meta name=\"twitter:label1\" content=\"Est. reading time\">\n\t<meta name=\"twitter:data1\" content=\"1 minuto\">\n<script type=\"application\/ld+json\" class=\"yoast-schema-graph\">{\"@context\":\"https:\/\/schema.org\",\"@graph\":[{\"@type\":\"WebSite\",\"@id\":\"https:\/\/www.polisrecreio.com.br\/site\/#website\",\"url\":\"https:\/\/www.polisrecreio.com.br\/site\/\",\"name\":\"P\\u00f3lis Recreio\",\"description\":\"\",\"potentialAction\":[{\"@type\":\"SearchAction\",\"target\":\"https:\/\/www.polisrecreio.com.br\/site\/?s={search_term_string}\",\"query-input\":\"required name=search_term_string\"}],\"inLanguage\":\"pt-BR\"},{\"@type\":\"ImageObject\",\"@id\":\"http:\/\/www.polisrecreio.com.br\/site\/2017\/02\/13\/em-recreio-tarifa-de-agua-pode-ser-paga-em-sete-pontos\/#primaryimage\",\"inLanguage\":\"pt-BR\",\"url\":\"https:\/\/www.polisrecreio.com.br\/site\/wp-content\/uploads\/2017\/02\/Sem-t\\u00edtulo-1.jpg\",\"width\":750,\"height\":422},{\"@type\":\"WebPage\",\"@id\":\"http:\/\/www.polisrecreio.com.br\/site\/2017\/02\/13\/em-recreio-tarifa-de-agua-pode-ser-paga-em-sete-pontos\/#webpage\",\"url\":\"http:\/\/www.polisrecreio.com.br\/site\/2017\/02\/13\/em-recreio-tarifa-de-agua-pode-ser-paga-em-sete-pontos\/\",\"name\":\"Em Recreio, tarifa de \\u00e1gua pode ser paga em sete pontos - P\\u00f3lis Recreio\",\"isPartOf\":{\"@id\":\"https:\/\/www.polisrecreio.com.br\/site\/#website\"},\"primaryImageOfPage\":{\"@id\":\"http:\/\/www.polisrecreio.com.br\/site\/2017\/02\/13\/em-recreio-tarifa-de-agua-pode-ser-paga-em-sete-pontos\/#primaryimage\"},\"datePublished\":\"2017-02-13T10:40:19+00:00\",\"dateModified\":\"2017-02-13T10:40:19+00:00\",\"author\":{\"@id\":\"https:\/\/www.polisrecreio.com.br\/site\/#\/schema\/person\/3363c1c78e1e28e1329d97adb387638e\"},\"inLanguage\":\"pt-BR\",\"potentialAction\":[{\"@type\":\"ReadAction\",\"target\":[\"http:\/\/www.polisrecreio.com.br\/site\/2017\/02\/13\/em-recreio-tarifa-de-agua-pode-ser-paga-em-sete-pontos\/\"]}]},{\"@type\":\"Person\",\"@id\":\"https:\/\/www.polisrecreio.com.br\/site\/#\/schema\/person\/3363c1c78e1e28e1329d97adb387638e\",\"name\":\"Leonardo Ribeiro\",\"image\":{\"@type\":\"ImageObject\",\"@id\":\"https:\/\/www.polisrecreio.com.br\/site\/#personlogo\",\"inLanguage\":\"pt-BR\",\"url\":\"https:\/\/secure.gravatar.com\/avatar\/6ba92a37d621e1a83e23710251178a12?s=96&d=mm&r=g\",\"caption\":\"Leonardo Ribeiro\"},\"sameAs\":[\"http:\/\/www.polisrecreio.com.br\"]}]}<\/script>\n<!-- \/ Yoast SEO plugin. -->","_links":{"self":[{"href":"https:\/\/www.polisrecreio.com.br\/site\/wp-json\/wp\/v2\/posts\/4329"}],"collection":[{"href":"https:\/\/www.polisrecreio.com.br\/site\/wp-json\/wp\/v2\/posts"}],"about":[{"href":"https:\/\/www.polisrecreio.com.br\/site\/wp-json\/wp\/v2\/types\/post"}],"author":[{"embeddable":true,"href":"https:\/\/www.polisrecreio.com.br\/site\/wp-json\/wp\/v2\/users\/3"}],"replies":[{"embeddable":true,"href":"https:\/\/www.polisrecreio.com.br\/site\/wp-json\/wp\/v2\/comments?post=4329"}],"version-history":[{"count":2,"href":"https:\/\/www.polisrecreio.com.br\/site\/wp-json\/wp\/v2\/posts\/4329\/revisions"}],"predecessor-version":[{"id":4333,"href":"https:\/\/www.polisrecreio.com.br\/site\/wp-json\/wp\/v2\/posts\/4329\/revisions\/4333"}],"wp:featuredmedia":[{"embeddable":true,"href":"https:\/\/www.polisrecreio.com.br\/site\/wp-json\/wp\/v2\/media\/4331"}],"wp:attachment":[{"href":"https:\/\/www.polisrecreio.com.br\/site\/wp-json\/wp\/v2\/media?parent=4329"}],"wp:term":[{"taxonomy":"category","embeddable":true,"href":"https:\/\/www.polisrecreio.com.br\/site\/wp-json\/wp\/v2\/categories?post=4329"},{"taxonomy":"post_tag","embeddable":true,"href":"https:\/\/www.polisrecreio.com.br\/site\/wp-json\/wp\/v2\/tags?post=4329"}],"curies":[{"name":"wp","href":"https:\/\/api.w.org\/{rel}","templated":true}]}}