{"id":4334,"date":"2017-02-13T10:05:52","date_gmt":"2017-02-13T13:05:52","guid":{"rendered":"http:\/\/www.polisrecreio.com.br\/site\/?p=4334"},"modified":"2017-02-13T10:05:52","modified_gmt":"2017-02-13T13:05:52","slug":"problema-mecanico-atrapalha-transporte-escolar-no-barreiros-e-conceicao-da-boa-vista","status":"publish","type":"post","link":"https:\/\/www.polisrecreio.com.br\/site\/2017\/02\/13\/problema-mecanico-atrapalha-transporte-escolar-no-barreiros-e-conceicao-da-boa-vista\/","title":{"rendered":"Problema mec\u00e2nico atrapalha transporte escolar no Barreiros e Concei\u00e7\u00e3o da Boa Vista"},"content":{"rendered":"<p style=\"text-align: justify;\">Nesta segunda-feira (13), os estudantes do povoado do Barreiros, do distrito de Concei\u00e7\u00e3o da Boa Vista e de \u00e1reas pr\u00f3ximas, mais uma vez, n\u00e3o conseguiram vir \u00e0 aula em Recreio no transporte fornecido pela Prefeitura Municipal. \u201cUm problema mec\u00e2nico no \u00f4nibus escolar atrapalhou a presta\u00e7\u00e3o do servi\u00e7o\u201d, de acordo com informa\u00e7\u00f5es do coordenador de transportes, Carlos Henrique da Silva \u201cCarlinhos\u201d.<\/p>\n<p style=\"text-align: justify;\"><!--more--><\/p>\n<p style=\"text-align: justify;\"><a href=\"http:\/\/www.polisrecreio.com.br\/site\/wp-content\/uploads\/2017\/02\/\u00f4nibus-escolar.jpeg\"><img loading=\"lazy\" class=\"aligncenter size-full wp-image-4280\" src=\"http:\/\/www.polisrecreio.com.br\/site\/wp-content\/uploads\/2017\/02\/\u00f4nibus-escolar.jpeg\" alt=\"\u00f4nibus-escolar\" width=\"750\" height=\"421\" srcset=\"https:\/\/www.polisrecreio.com.br\/site\/wp-content\/uploads\/2017\/02\/\u00f4nibus-escolar.jpeg 750w, https:\/\/www.polisrecreio.com.br\/site\/wp-content\/uploads\/2017\/02\/\u00f4nibus-escolar-300x168.jpeg 300w\" sizes=\"(max-width: 750px) 100vw, 750px\" \/><\/a><\/p>\n<p style=\"text-align: justify;\">Durante a primeira semana de volta \u00e0s aulas um d\u00e9ficit de motoristas, habilitados com carteira D, no corpo efetivo havia acarretado a defici\u00eancia na presta\u00e7\u00e3o do servi\u00e7o. Na \u00faltima sexta-feira (10) a secret\u00e1ria de Educa\u00e7\u00e3o e Cultura, Maria Jos\u00e9 Lacerda \u201cZez\u00e9\u201d, chegou a afirmar que o transporte estaria normalizado a partir desta segunda-feira.\u00a0 \u201cInfelizmente n\u00e3o cont\u00e1vamos com este problema mec\u00e2nico. O ve\u00edculo j\u00e1 est\u00e1 na oficina de reparos e manuten\u00e7\u00e3o. Pedimos desculpas a todos pelo transtorno\u201d, disse a secret\u00e1ria de Educa\u00e7\u00e3o.<\/p>\n<p style=\"text-align: justify;\">V\u00e1rios alunos utilizaram do transporte de uma empresa de passageiros que faz a linha na regi\u00e3o. Os estudantes informaram que n\u00e3o tiveram gastos com a passagem.<\/p>\n","protected":false},"excerpt":{"rendered":"<p>Nesta segunda-feira (13), os estudantes do povoado do Barreiros, do distrito de Concei\u00e7\u00e3o da Boa Vista e de \u00e1reas pr\u00f3ximas, mais uma vez, n\u00e3o conseguiram vir \u00e0 aula em Recreio no transporte fornecido pela Prefeitura Municipal. \u201cUm problema mec\u00e2nico no \u00f4nibus escolar atrapalhou a presta\u00e7\u00e3o do servi\u00e7o\u201d, de acordo com informa\u00e7\u00f5es do coordenador de transportes, [&hellip;]<\/p>\n","protected":false},"author":3,"featured_media":4280,"comment_status":"open","ping_status":"open","sticky":false,"template":"","format":"standard","meta":[],"categories":[9],"tags":[],"yoast_head":"<!-- This site is optimized with the Yoast SEO plugin v15.6.2 - https:\/\/yoast.com\/wordpress\/plugins\/seo\/ -->\n<meta name=\"robots\" content=\"index, follow, max-snippet:-1, max-image-preview:large, max-video-preview:-1\" \/>\n<link rel=\"canonical\" href=\"https:\/\/www.polisrecreio.com.br\/site\/2017\/02\/13\/problema-mecanico-atrapalha-transporte-escolar-no-barreiros-e-conceicao-da-boa-vista\/\" \/>\n<meta property=\"og:locale\" content=\"pt_BR\" \/>\n<meta property=\"og:type\" content=\"article\" \/>\n<meta property=\"og:title\" content=\"Problema mec\u00e2nico atrapalha transporte escolar no Barreiros e Concei\u00e7\u00e3o da Boa Vista - P\u00f3lis Recreio\" \/>\n<meta property=\"og:description\" content=\"Nesta segunda-feira (13), os estudantes do povoado do Barreiros, do distrito de Concei\u00e7\u00e3o da Boa Vista e de \u00e1reas pr\u00f3ximas, mais uma vez, n\u00e3o conseguiram vir \u00e0 aula em Recreio no transporte fornecido pela Prefeitura Municipal. \u201cUm problema mec\u00e2nico no \u00f4nibus escolar atrapalhou a presta\u00e7\u00e3o do servi\u00e7o\u201d, de acordo com informa\u00e7\u00f5es do coordenador de transportes, [&hellip;]\" \/>\n<meta property=\"og:url\" content=\"https:\/\/www.polisrecreio.com.br\/site\/2017\/02\/13\/problema-mecanico-atrapalha-transporte-escolar-no-barreiros-e-conceicao-da-boa-vista\/\" \/>\n<meta property=\"og:site_name\" content=\"P\u00f3lis Recreio\" \/>\n<meta property=\"article:publisher\" content=\"https:\/\/www.facebook.com\/Site-P%c3%b3lis-Recreio-MG-181941708571019\/\" \/>\n<meta property=\"article:published_time\" content=\"2017-02-13T13:05:52+00:00\" \/>\n<meta property=\"og:image\" content=\"https:\/\/www.polisrecreio.com.br\/site\/wp-content\/uploads\/2017\/02\/\u00f4nibus-escolar.jpeg\" \/>\n\t<meta property=\"og:image:width\" content=\"750\" \/>\n\t<meta property=\"og:image:height\" content=\"421\" \/>\n<meta name=\"twitter:card\" content=\"summary_large_image\" \/>\n<meta name=\"twitter:creator\" content=\"@PolisRecreio\" \/>\n<meta name=\"twitter:site\" content=\"@PolisRecreio\" \/>\n<meta name=\"twitter:label1\" content=\"Est. reading time\">\n\t<meta name=\"twitter:data1\" content=\"1 minuto\">\n<script type=\"application\/ld+json\" class=\"yoast-schema-graph\">{\"@context\":\"https:\/\/schema.org\",\"@graph\":[{\"@type\":\"WebSite\",\"@id\":\"https:\/\/www.polisrecreio.com.br\/site\/#website\",\"url\":\"https:\/\/www.polisrecreio.com.br\/site\/\",\"name\":\"P\\u00f3lis Recreio\",\"description\":\"\",\"potentialAction\":[{\"@type\":\"SearchAction\",\"target\":\"https:\/\/www.polisrecreio.com.br\/site\/?s={search_term_string}\",\"query-input\":\"required name=search_term_string\"}],\"inLanguage\":\"pt-BR\"},{\"@type\":\"ImageObject\",\"@id\":\"https:\/\/www.polisrecreio.com.br\/site\/2017\/02\/13\/problema-mecanico-atrapalha-transporte-escolar-no-barreiros-e-conceicao-da-boa-vista\/#primaryimage\",\"inLanguage\":\"pt-BR\",\"url\":\"https:\/\/www.polisrecreio.com.br\/site\/wp-content\/uploads\/2017\/02\/\\u00f4nibus-escolar.jpeg\",\"width\":750,\"height\":421},{\"@type\":\"WebPage\",\"@id\":\"https:\/\/www.polisrecreio.com.br\/site\/2017\/02\/13\/problema-mecanico-atrapalha-transporte-escolar-no-barreiros-e-conceicao-da-boa-vista\/#webpage\",\"url\":\"https:\/\/www.polisrecreio.com.br\/site\/2017\/02\/13\/problema-mecanico-atrapalha-transporte-escolar-no-barreiros-e-conceicao-da-boa-vista\/\",\"name\":\"Problema mec\\u00e2nico atrapalha transporte escolar no Barreiros e Concei\\u00e7\\u00e3o da Boa Vista - P\\u00f3lis Recreio\",\"isPartOf\":{\"@id\":\"https:\/\/www.polisrecreio.com.br\/site\/#website\"},\"primaryImageOfPage\":{\"@id\":\"https:\/\/www.polisrecreio.com.br\/site\/2017\/02\/13\/problema-mecanico-atrapalha-transporte-escolar-no-barreiros-e-conceicao-da-boa-vista\/#primaryimage\"},\"datePublished\":\"2017-02-13T13:05:52+00:00\",\"dateModified\":\"2017-02-13T13:05:52+00:00\",\"author\":{\"@id\":\"https:\/\/www.polisrecreio.com.br\/site\/#\/schema\/person\/3363c1c78e1e28e1329d97adb387638e\"},\"inLanguage\":\"pt-BR\",\"potentialAction\":[{\"@type\":\"ReadAction\",\"target\":[\"https:\/\/www.polisrecreio.com.br\/site\/2017\/02\/13\/problema-mecanico-atrapalha-transporte-escolar-no-barreiros-e-conceicao-da-boa-vista\/\"]}]},{\"@type\":\"Person\",\"@id\":\"https:\/\/www.polisrecreio.com.br\/site\/#\/schema\/person\/3363c1c78e1e28e1329d97adb387638e\",\"name\":\"Leonardo Ribeiro\",\"image\":{\"@type\":\"ImageObject\",\"@id\":\"https:\/\/www.polisrecreio.com.br\/site\/#personlogo\",\"inLanguage\":\"pt-BR\",\"url\":\"https:\/\/secure.gravatar.com\/avatar\/6ba92a37d621e1a83e23710251178a12?s=96&d=mm&r=g\",\"caption\":\"Leonardo Ribeiro\"},\"sameAs\":[\"http:\/\/www.polisrecreio.com.br\"]}]}<\/script>\n<!-- \/ Yoast SEO plugin. -->","_links":{"self":[{"href":"https:\/\/www.polisrecreio.com.br\/site\/wp-json\/wp\/v2\/posts\/4334"}],"collection":[{"href":"https:\/\/www.polisrecreio.com.br\/site\/wp-json\/wp\/v2\/posts"}],"about":[{"href":"https:\/\/www.polisrecreio.com.br\/site\/wp-json\/wp\/v2\/types\/post"}],"author":[{"embeddable":true,"href":"https:\/\/www.polisrecreio.com.br\/site\/wp-json\/wp\/v2\/users\/3"}],"replies":[{"embeddable":true,"href":"https:\/\/www.polisrecreio.com.br\/site\/wp-json\/wp\/v2\/comments?post=4334"}],"version-history":[{"count":7,"href":"https:\/\/www.polisrecreio.com.br\/site\/wp-json\/wp\/v2\/posts\/4334\/revisions"}],"predecessor-version":[{"id":4341,"href":"https:\/\/www.polisrecreio.com.br\/site\/wp-json\/wp\/v2\/posts\/4334\/revisions\/4341"}],"wp:featuredmedia":[{"embeddable":true,"href":"https:\/\/www.polisrecreio.com.br\/site\/wp-json\/wp\/v2\/media\/4280"}],"wp:attachment":[{"href":"https:\/\/www.polisrecreio.com.br\/site\/wp-json\/wp\/v2\/media?parent=4334"}],"wp:term":[{"taxonomy":"category","embeddable":true,"href":"https:\/\/www.polisrecreio.com.br\/site\/wp-json\/wp\/v2\/categories?post=4334"},{"taxonomy":"post_tag","embeddable":true,"href":"https:\/\/www.polisrecreio.com.br\/site\/wp-json\/wp\/v2\/tags?post=4334"}],"curies":[{"name":"wp","href":"https:\/\/api.w.org\/{rel}","templated":true}]}}