{"id":4342,"date":"2017-02-13T13:55:20","date_gmt":"2017-02-13T16:55:20","guid":{"rendered":"http:\/\/www.polisrecreio.com.br\/site\/?p=4342"},"modified":"2017-02-13T13:59:58","modified_gmt":"2017-02-13T16:59:58","slug":"vereador-indicara-instalacao-de-cameras-em-predios-publicos-de-recreio","status":"publish","type":"post","link":"https:\/\/www.polisrecreio.com.br\/site\/2017\/02\/13\/vereador-indicara-instalacao-de-cameras-em-predios-publicos-de-recreio\/","title":{"rendered":"Vereador indicar\u00e1 instala\u00e7\u00e3o de c\u00e2meras em pr\u00e9dios p\u00fablicos de Recreio"},"content":{"rendered":"<p style=\"text-align: justify;\">Assim como fez no ano de 2015, o vereador Paulinho Pintor (PSD), atual presidente da C\u00e2mara Municipal, apresentar\u00e1 no retorno das sess\u00f5es do legislativo a indica\u00e7\u00e3o para instala\u00e7\u00e3o de c\u00e2meras de seguran\u00e7a em todos os pr\u00e9dios p\u00fablicos de Recreio.<\/p>\n<p style=\"text-align: justify;\"><!--more--><\/p>\n<figure id=\"attachment_3220\" aria-describedby=\"caption-attachment-3220\" style=\"width: 800px\" class=\"wp-caption aligncenter\"><a href=\"http:\/\/www.polisrecreio.com.br\/site\/wp-content\/uploads\/2016\/10\/DSCF8160.jpg\"><img loading=\"lazy\" class=\"size-full wp-image-3220\" src=\"http:\/\/www.polisrecreio.com.br\/site\/wp-content\/uploads\/2016\/10\/DSCF8160.jpg\" alt=\"Vereador Paulinho Pintor.\" width=\"800\" height=\"541\" srcset=\"https:\/\/www.polisrecreio.com.br\/site\/wp-content\/uploads\/2016\/10\/DSCF8160.jpg 800w, https:\/\/www.polisrecreio.com.br\/site\/wp-content\/uploads\/2016\/10\/DSCF8160-300x203.jpg 300w\" sizes=\"(max-width: 800px) 100vw, 800px\" \/><\/a><figcaption id=\"caption-attachment-3220\" class=\"wp-caption-text\">Vereador Paulinho Pintor.<\/figcaption><\/figure>\n<p style=\"text-align: justify;\">A indica\u00e7\u00e3o do vereador ser\u00e1 colocada em aprecia\u00e7\u00e3o e vota\u00e7\u00e3o nesta noite de segunda-feira (13), na primeira sess\u00e3o ordin\u00e1ria do legislativo municipal do ano de 2017. Ap\u00f3s a tramita\u00e7\u00e3o regimental, caso seja aprovado, o documento ser\u00e1 encaminhado ao prefeito. Segundo Paulinho Pintor, \u201ca ideia \u00e9 tentar inibir os poss\u00edveis furtos aos pr\u00e9dios p\u00fablicos municipais que est\u00e3o virando rotina\u201d.<\/p>\n<p style=\"text-align: justify;\">Nos \u00faltimos anos foram registrados roubos na E.M Jo\u00e3o Damasceno Ferreira, na E.M Professora Nice Damasceno de Almeida Muniz, no Centro Educacional Municipal Crian\u00e7as Feliz, no Centro de Refer\u00eancia de Assist\u00eancia Social e at\u00e9 na sede da Prefeitura. Na semana passada houve furto na Secretaria Municipal de Sa\u00fade, de um notebook e um monitor de computador. Segundo o boletim de ocorr\u00eancia, \u201caparentemente o (s) autor (s) adentraram pelo basculante, devido ao fato de ter um vidro trincado. A per\u00edcia t\u00e9cnica foi acionada, por\u00e9m, n\u00e3o compareceu no pr\u00e9dio por entender que o local estava inid\u00f4neo\u201d, registrou o sargento Marcus Vin\u00edcius.<\/p>\n<p style=\"text-align: justify;\">A sess\u00e3o da C\u00e2mara Municipal de Recreio acontecer\u00e1 nesta segunda-feira (13), a partir das 18h.<\/p>\n","protected":false},"excerpt":{"rendered":"<p>Assim como fez no ano de 2015, o vereador Paulinho Pintor (PSD), atual presidente da C\u00e2mara Municipal, apresentar\u00e1 no retorno das sess\u00f5es do legislativo a indica\u00e7\u00e3o para instala\u00e7\u00e3o de c\u00e2meras de seguran\u00e7a em todos os pr\u00e9dios p\u00fablicos de Recreio.<\/p>\n","protected":false},"author":3,"featured_media":3220,"comment_status":"open","ping_status":"open","sticky":false,"template":"","format":"standard","meta":[],"categories":[6],"tags":[],"yoast_head":"<!-- This site is optimized with the Yoast SEO plugin v15.6.2 - https:\/\/yoast.com\/wordpress\/plugins\/seo\/ -->\n<meta name=\"robots\" content=\"index, follow, max-snippet:-1, max-image-preview:large, max-video-preview:-1\" \/>\n<link rel=\"canonical\" href=\"http:\/\/www.polisrecreio.com.br\/site\/2017\/02\/13\/vereador-indicara-instalacao-de-cameras-em-predios-publicos-de-recreio\/\" \/>\n<meta property=\"og:locale\" content=\"pt_BR\" \/>\n<meta property=\"og:type\" content=\"article\" \/>\n<meta property=\"og:title\" content=\"Vereador indicar\u00e1 instala\u00e7\u00e3o de c\u00e2meras em pr\u00e9dios p\u00fablicos de Recreio - P\u00f3lis Recreio\" \/>\n<meta property=\"og:description\" content=\"Assim como fez no ano de 2015, o vereador Paulinho Pintor (PSD), atual presidente da C\u00e2mara Municipal, apresentar\u00e1 no retorno das sess\u00f5es do legislativo a indica\u00e7\u00e3o para instala\u00e7\u00e3o de c\u00e2meras de seguran\u00e7a em todos os pr\u00e9dios p\u00fablicos de Recreio.\" \/>\n<meta property=\"og:url\" content=\"http:\/\/www.polisrecreio.com.br\/site\/2017\/02\/13\/vereador-indicara-instalacao-de-cameras-em-predios-publicos-de-recreio\/\" \/>\n<meta property=\"og:site_name\" content=\"P\u00f3lis Recreio\" \/>\n<meta property=\"article:publisher\" content=\"https:\/\/www.facebook.com\/Site-P%c3%b3lis-Recreio-MG-181941708571019\/\" \/>\n<meta property=\"article:published_time\" content=\"2017-02-13T16:55:20+00:00\" \/>\n<meta property=\"article:modified_time\" content=\"2017-02-13T16:59:58+00:00\" \/>\n<meta property=\"og:image\" content=\"https:\/\/www.polisrecreio.com.br\/site\/wp-content\/uploads\/2016\/10\/DSCF8160.jpg\" \/>\n\t<meta property=\"og:image:width\" content=\"800\" \/>\n\t<meta property=\"og:image:height\" content=\"541\" \/>\n<meta name=\"twitter:card\" content=\"summary_large_image\" \/>\n<meta name=\"twitter:creator\" content=\"@PolisRecreio\" \/>\n<meta name=\"twitter:site\" content=\"@PolisRecreio\" \/>\n<meta name=\"twitter:label1\" content=\"Est. reading time\">\n\t<meta name=\"twitter:data1\" content=\"1 minuto\">\n<script type=\"application\/ld+json\" class=\"yoast-schema-graph\">{\"@context\":\"https:\/\/schema.org\",\"@graph\":[{\"@type\":\"WebSite\",\"@id\":\"https:\/\/www.polisrecreio.com.br\/site\/#website\",\"url\":\"https:\/\/www.polisrecreio.com.br\/site\/\",\"name\":\"P\\u00f3lis Recreio\",\"description\":\"\",\"potentialAction\":[{\"@type\":\"SearchAction\",\"target\":\"https:\/\/www.polisrecreio.com.br\/site\/?s={search_term_string}\",\"query-input\":\"required name=search_term_string\"}],\"inLanguage\":\"pt-BR\"},{\"@type\":\"ImageObject\",\"@id\":\"http:\/\/www.polisrecreio.com.br\/site\/2017\/02\/13\/vereador-indicara-instalacao-de-cameras-em-predios-publicos-de-recreio\/#primaryimage\",\"inLanguage\":\"pt-BR\",\"url\":\"https:\/\/www.polisrecreio.com.br\/site\/wp-content\/uploads\/2016\/10\/DSCF8160.jpg\",\"width\":800,\"height\":541,\"caption\":\"Vereador Paulinho Pintor.\"},{\"@type\":\"WebPage\",\"@id\":\"http:\/\/www.polisrecreio.com.br\/site\/2017\/02\/13\/vereador-indicara-instalacao-de-cameras-em-predios-publicos-de-recreio\/#webpage\",\"url\":\"http:\/\/www.polisrecreio.com.br\/site\/2017\/02\/13\/vereador-indicara-instalacao-de-cameras-em-predios-publicos-de-recreio\/\",\"name\":\"Vereador indicar\\u00e1 instala\\u00e7\\u00e3o de c\\u00e2meras em pr\\u00e9dios p\\u00fablicos de Recreio - P\\u00f3lis Recreio\",\"isPartOf\":{\"@id\":\"https:\/\/www.polisrecreio.com.br\/site\/#website\"},\"primaryImageOfPage\":{\"@id\":\"http:\/\/www.polisrecreio.com.br\/site\/2017\/02\/13\/vereador-indicara-instalacao-de-cameras-em-predios-publicos-de-recreio\/#primaryimage\"},\"datePublished\":\"2017-02-13T16:55:20+00:00\",\"dateModified\":\"2017-02-13T16:59:58+00:00\",\"author\":{\"@id\":\"https:\/\/www.polisrecreio.com.br\/site\/#\/schema\/person\/3363c1c78e1e28e1329d97adb387638e\"},\"inLanguage\":\"pt-BR\",\"potentialAction\":[{\"@type\":\"ReadAction\",\"target\":[\"http:\/\/www.polisrecreio.com.br\/site\/2017\/02\/13\/vereador-indicara-instalacao-de-cameras-em-predios-publicos-de-recreio\/\"]}]},{\"@type\":\"Person\",\"@id\":\"https:\/\/www.polisrecreio.com.br\/site\/#\/schema\/person\/3363c1c78e1e28e1329d97adb387638e\",\"name\":\"Leonardo Ribeiro\",\"image\":{\"@type\":\"ImageObject\",\"@id\":\"https:\/\/www.polisrecreio.com.br\/site\/#personlogo\",\"inLanguage\":\"pt-BR\",\"url\":\"https:\/\/secure.gravatar.com\/avatar\/6ba92a37d621e1a83e23710251178a12?s=96&d=mm&r=g\",\"caption\":\"Leonardo Ribeiro\"},\"sameAs\":[\"http:\/\/www.polisrecreio.com.br\"]}]}<\/script>\n<!-- \/ Yoast SEO plugin. -->","_links":{"self":[{"href":"https:\/\/www.polisrecreio.com.br\/site\/wp-json\/wp\/v2\/posts\/4342"}],"collection":[{"href":"https:\/\/www.polisrecreio.com.br\/site\/wp-json\/wp\/v2\/posts"}],"about":[{"href":"https:\/\/www.polisrecreio.com.br\/site\/wp-json\/wp\/v2\/types\/post"}],"author":[{"embeddable":true,"href":"https:\/\/www.polisrecreio.com.br\/site\/wp-json\/wp\/v2\/users\/3"}],"replies":[{"embeddable":true,"href":"https:\/\/www.polisrecreio.com.br\/site\/wp-json\/wp\/v2\/comments?post=4342"}],"version-history":[{"count":5,"href":"https:\/\/www.polisrecreio.com.br\/site\/wp-json\/wp\/v2\/posts\/4342\/revisions"}],"predecessor-version":[{"id":4347,"href":"https:\/\/www.polisrecreio.com.br\/site\/wp-json\/wp\/v2\/posts\/4342\/revisions\/4347"}],"wp:featuredmedia":[{"embeddable":true,"href":"https:\/\/www.polisrecreio.com.br\/site\/wp-json\/wp\/v2\/media\/3220"}],"wp:attachment":[{"href":"https:\/\/www.polisrecreio.com.br\/site\/wp-json\/wp\/v2\/media?parent=4342"}],"wp:term":[{"taxonomy":"category","embeddable":true,"href":"https:\/\/www.polisrecreio.com.br\/site\/wp-json\/wp\/v2\/categories?post=4342"},{"taxonomy":"post_tag","embeddable":true,"href":"https:\/\/www.polisrecreio.com.br\/site\/wp-json\/wp\/v2\/tags?post=4342"}],"curies":[{"name":"wp","href":"https:\/\/api.w.org\/{rel}","templated":true}]}}