{"id":4348,"date":"2017-02-14T11:55:41","date_gmt":"2017-02-14T14:55:41","guid":{"rendered":"http:\/\/www.polisrecreio.com.br\/site\/?p=4348"},"modified":"2017-02-14T11:55:41","modified_gmt":"2017-02-14T14:55:41","slug":"erus-apresenta-audio-do-samba-enredo-2017","status":"publish","type":"post","link":"https:\/\/www.polisrecreio.com.br\/site\/2017\/02\/14\/erus-apresenta-audio-do-samba-enredo-2017\/","title":{"rendered":"ERUS apresenta \u00e1udio do samba-enredo 2017"},"content":{"rendered":"<p style=\"text-align: justify;\">A tradicional Escola de Ritmos Unidos do Samba de Recreio \u201cERUS\u201d apresentou com exclusividade ao Site P\u00f3lis o \u00e1udio do samba-enredo 2017, \u201cNem mesmo a dor\u201d, de Lino Lelis.<\/p>\n<p style=\"text-align: justify;\"><!--more--><\/p>\n<p style=\"text-align: justify;\"><a href=\"http:\/\/www.polisrecreio.com.br\/site\/wp-content\/uploads\/2017\/02\/erus.jpg\"><img loading=\"lazy\" class=\"aligncenter size-full wp-image-4349\" src=\"http:\/\/www.polisrecreio.com.br\/site\/wp-content\/uploads\/2017\/02\/erus.jpg\" alt=\"erus\" width=\"900\" height=\"382\" srcset=\"https:\/\/www.polisrecreio.com.br\/site\/wp-content\/uploads\/2017\/02\/erus.jpg 900w, https:\/\/www.polisrecreio.com.br\/site\/wp-content\/uploads\/2017\/02\/erus-300x127.jpg 300w\" sizes=\"(max-width: 900px) 100vw, 900px\" \/><\/a><\/p>\n<p style=\"text-align: justify;\">Este ano a agremia\u00e7\u00e3o chegar\u00e1 ao 55\u00ba desfile na avenida do samba recreiense. Seguindo o cronograma cl\u00e1ssico do Carnaval de Recreio, a ERUS desfilar\u00e1 no domingo (26) e na ter\u00e7a-feira (28).<\/p>\n<p style=\"text-align: justify;\">Ou\u00e7a abaixo o samba-enredo na voz de Lino Lelis.<\/p>\n<!--[if lt IE 9]><script>document.createElement('audio');<\/script><![endif]-->\n<audio class=\"wp-audio-shortcode\" id=\"audio-4348-1\" preload=\"none\" style=\"width: 100%;\" controls=\"controls\"><source type=\"audio\/mpeg\" src=\"http:\/\/www.polisrecreio.com.br\/site\/wp-content\/uploads\/2017\/02\/Nem-mesmo-a-dor-ERUS-2017.mp3?_=1\" \/><a href=\"http:\/\/www.polisrecreio.com.br\/site\/wp-content\/uploads\/2017\/02\/Nem-mesmo-a-dor-ERUS-2017.mp3\">http:\/\/www.polisrecreio.com.br\/site\/wp-content\/uploads\/2017\/02\/Nem-mesmo-a-dor-ERUS-2017.mp3<\/a><\/audio>\n","protected":false},"excerpt":{"rendered":"<p>A tradicional Escola de Ritmos Unidos do Samba de Recreio \u201cERUS\u201d apresentou com exclusividade ao Site P\u00f3lis o \u00e1udio do samba-enredo 2017, \u201cNem mesmo a dor\u201d, de Lino Lelis.<\/p>\n","protected":false},"author":3,"featured_media":4349,"comment_status":"open","ping_status":"open","sticky":false,"template":"","format":"standard","meta":[],"categories":[2],"tags":[],"yoast_head":"<!-- This site is optimized with the Yoast SEO plugin v15.6.2 - https:\/\/yoast.com\/wordpress\/plugins\/seo\/ -->\n<meta name=\"robots\" content=\"index, follow, max-snippet:-1, max-image-preview:large, max-video-preview:-1\" \/>\n<link rel=\"canonical\" href=\"http:\/\/www.polisrecreio.com.br\/site\/2017\/02\/14\/erus-apresenta-audio-do-samba-enredo-2017\/\" \/>\n<meta property=\"og:locale\" content=\"pt_BR\" \/>\n<meta property=\"og:type\" content=\"article\" \/>\n<meta property=\"og:title\" content=\"ERUS apresenta \u00e1udio do samba-enredo 2017 - P\u00f3lis Recreio\" \/>\n<meta property=\"og:description\" content=\"A tradicional Escola de Ritmos Unidos do Samba de Recreio \u201cERUS\u201d apresentou com exclusividade ao Site P\u00f3lis o \u00e1udio do samba-enredo 2017, \u201cNem mesmo a dor\u201d, de Lino Lelis.\" \/>\n<meta property=\"og:url\" content=\"http:\/\/www.polisrecreio.com.br\/site\/2017\/02\/14\/erus-apresenta-audio-do-samba-enredo-2017\/\" \/>\n<meta property=\"og:site_name\" content=\"P\u00f3lis Recreio\" \/>\n<meta property=\"article:publisher\" content=\"https:\/\/www.facebook.com\/Site-P%c3%b3lis-Recreio-MG-181941708571019\/\" \/>\n<meta property=\"article:published_time\" content=\"2017-02-14T14:55:41+00:00\" \/>\n<meta property=\"og:image\" content=\"https:\/\/www.polisrecreio.com.br\/site\/wp-content\/uploads\/2017\/02\/erus.jpg\" \/>\n\t<meta property=\"og:image:width\" content=\"900\" \/>\n\t<meta property=\"og:image:height\" content=\"382\" \/>\n<meta name=\"twitter:card\" content=\"summary_large_image\" \/>\n<meta name=\"twitter:creator\" content=\"@PolisRecreio\" \/>\n<meta name=\"twitter:site\" content=\"@PolisRecreio\" \/>\n<script type=\"application\/ld+json\" class=\"yoast-schema-graph\">{\"@context\":\"https:\/\/schema.org\",\"@graph\":[{\"@type\":\"WebSite\",\"@id\":\"https:\/\/www.polisrecreio.com.br\/site\/#website\",\"url\":\"https:\/\/www.polisrecreio.com.br\/site\/\",\"name\":\"P\\u00f3lis Recreio\",\"description\":\"\",\"potentialAction\":[{\"@type\":\"SearchAction\",\"target\":\"https:\/\/www.polisrecreio.com.br\/site\/?s={search_term_string}\",\"query-input\":\"required name=search_term_string\"}],\"inLanguage\":\"pt-BR\"},{\"@type\":\"ImageObject\",\"@id\":\"http:\/\/www.polisrecreio.com.br\/site\/2017\/02\/14\/erus-apresenta-audio-do-samba-enredo-2017\/#primaryimage\",\"inLanguage\":\"pt-BR\",\"url\":\"https:\/\/www.polisrecreio.com.br\/site\/wp-content\/uploads\/2017\/02\/erus.jpg\",\"width\":900,\"height\":382},{\"@type\":\"WebPage\",\"@id\":\"http:\/\/www.polisrecreio.com.br\/site\/2017\/02\/14\/erus-apresenta-audio-do-samba-enredo-2017\/#webpage\",\"url\":\"http:\/\/www.polisrecreio.com.br\/site\/2017\/02\/14\/erus-apresenta-audio-do-samba-enredo-2017\/\",\"name\":\"ERUS apresenta \\u00e1udio do samba-enredo 2017 - P\\u00f3lis Recreio\",\"isPartOf\":{\"@id\":\"https:\/\/www.polisrecreio.com.br\/site\/#website\"},\"primaryImageOfPage\":{\"@id\":\"http:\/\/www.polisrecreio.com.br\/site\/2017\/02\/14\/erus-apresenta-audio-do-samba-enredo-2017\/#primaryimage\"},\"datePublished\":\"2017-02-14T14:55:41+00:00\",\"dateModified\":\"2017-02-14T14:55:41+00:00\",\"author\":{\"@id\":\"https:\/\/www.polisrecreio.com.br\/site\/#\/schema\/person\/3363c1c78e1e28e1329d97adb387638e\"},\"inLanguage\":\"pt-BR\",\"potentialAction\":[{\"@type\":\"ReadAction\",\"target\":[\"http:\/\/www.polisrecreio.com.br\/site\/2017\/02\/14\/erus-apresenta-audio-do-samba-enredo-2017\/\"]}]},{\"@type\":\"Person\",\"@id\":\"https:\/\/www.polisrecreio.com.br\/site\/#\/schema\/person\/3363c1c78e1e28e1329d97adb387638e\",\"name\":\"Leonardo Ribeiro\",\"image\":{\"@type\":\"ImageObject\",\"@id\":\"https:\/\/www.polisrecreio.com.br\/site\/#personlogo\",\"inLanguage\":\"pt-BR\",\"url\":\"https:\/\/secure.gravatar.com\/avatar\/6ba92a37d621e1a83e23710251178a12?s=96&d=mm&r=g\",\"caption\":\"Leonardo Ribeiro\"},\"sameAs\":[\"http:\/\/www.polisrecreio.com.br\"]}]}<\/script>\n<!-- \/ Yoast SEO plugin. -->","_links":{"self":[{"href":"https:\/\/www.polisrecreio.com.br\/site\/wp-json\/wp\/v2\/posts\/4348"}],"collection":[{"href":"https:\/\/www.polisrecreio.com.br\/site\/wp-json\/wp\/v2\/posts"}],"about":[{"href":"https:\/\/www.polisrecreio.com.br\/site\/wp-json\/wp\/v2\/types\/post"}],"author":[{"embeddable":true,"href":"https:\/\/www.polisrecreio.com.br\/site\/wp-json\/wp\/v2\/users\/3"}],"replies":[{"embeddable":true,"href":"https:\/\/www.polisrecreio.com.br\/site\/wp-json\/wp\/v2\/comments?post=4348"}],"version-history":[{"count":2,"href":"https:\/\/www.polisrecreio.com.br\/site\/wp-json\/wp\/v2\/posts\/4348\/revisions"}],"predecessor-version":[{"id":4352,"href":"https:\/\/www.polisrecreio.com.br\/site\/wp-json\/wp\/v2\/posts\/4348\/revisions\/4352"}],"wp:featuredmedia":[{"embeddable":true,"href":"https:\/\/www.polisrecreio.com.br\/site\/wp-json\/wp\/v2\/media\/4349"}],"wp:attachment":[{"href":"https:\/\/www.polisrecreio.com.br\/site\/wp-json\/wp\/v2\/media?parent=4348"}],"wp:term":[{"taxonomy":"category","embeddable":true,"href":"https:\/\/www.polisrecreio.com.br\/site\/wp-json\/wp\/v2\/categories?post=4348"},{"taxonomy":"post_tag","embeddable":true,"href":"https:\/\/www.polisrecreio.com.br\/site\/wp-json\/wp\/v2\/tags?post=4348"}],"curies":[{"name":"wp","href":"https:\/\/api.w.org\/{rel}","templated":true}]}}