{"id":4353,"date":"2017-02-14T19:28:17","date_gmt":"2017-02-14T22:28:17","guid":{"rendered":"http:\/\/www.polisrecreio.com.br\/site\/?p=4353"},"modified":"2017-02-14T19:28:17","modified_gmt":"2017-02-14T22:28:17","slug":"metas-nao-alcancadas-entre-20132016-compromete-funcionamento-do-cras-em-recreio","status":"publish","type":"post","link":"https:\/\/www.polisrecreio.com.br\/site\/2017\/02\/14\/metas-nao-alcancadas-entre-20132016-compromete-funcionamento-do-cras-em-recreio\/","title":{"rendered":"Metas n\u00e3o alcan\u00e7adas entre 2013\/2016 compromete funcionamento do CRAS em Recreio"},"content":{"rendered":"<p style=\"text-align: justify;\">Na semana passada a diretoria regional de Muria\u00e9 da Secretaria Estadual de Desenvolvimento Social \u201cSEDESE\u201d informou a Secretaria de Desenvolvimento Social de Recreio uma s\u00e9rie de metas n\u00e3o alcan\u00e7adas durante a gest\u00e3o municipal 2013\/2016 e que ir\u00e3o comprometer o funcionamento do Centro de Refer\u00eancia de Assist\u00eancia Social \u201cCRAS\u201d durante este ano.<\/p>\n<p style=\"text-align: justify;\"><!--more--><\/p>\n<figure id=\"attachment_4354\" aria-describedby=\"caption-attachment-4354\" style=\"width: 750px\" class=\"wp-caption aligncenter\"><a href=\"http:\/\/www.polisrecreio.com.br\/site\/wp-content\/uploads\/2017\/02\/IMG-20170209-WA0000.jpg\"><img loading=\"lazy\" class=\"size-full wp-image-4354\" src=\"http:\/\/www.polisrecreio.com.br\/site\/wp-content\/uploads\/2017\/02\/IMG-20170209-WA0000.jpg\" alt=\"Reuni\u00e3o na SEDESE em Muria\u00e9.\" width=\"750\" height=\"509\" srcset=\"https:\/\/www.polisrecreio.com.br\/site\/wp-content\/uploads\/2017\/02\/IMG-20170209-WA0000.jpg 750w, https:\/\/www.polisrecreio.com.br\/site\/wp-content\/uploads\/2017\/02\/IMG-20170209-WA0000-300x204.jpg 300w\" sizes=\"(max-width: 750px) 100vw, 750px\" \/><\/a><figcaption id=\"caption-attachment-4354\" class=\"wp-caption-text\">Reuni\u00e3o na SEDESE em Muria\u00e9.<\/figcaption><\/figure>\n<p style=\"text-align: justify;\">As informa\u00e7\u00f5es da SEDESE foram transmitidas pela equipe da regional de Muria\u00e9 (diretora, Ana Maria Silveira Reis; analista de gest\u00e3o em servi\u00e7o social, Eunice Silva Faria; e analista de gest\u00e3o em psicologia, Larissa Furlani) ao secret\u00e1rio de Desenvolvimento Social de Recreio, Diego Pena, e ao ex-presidente do Conselho Municipal de Assist\u00eancia Social, Danilo Silva.<\/p>\n<p style=\"text-align: justify;\">Ao todo 10 metas deveriam ter sido alcan\u00e7adas, mas, apenas 1 foi atingida. Veja as prioridades do CRAS de Recreio que est\u00e3o pendentes:<\/p>\n<p style=\"text-align: justify;\">&#8211; Acompanhar pelo PAIF as fam\u00edlias com at\u00e9 \u00bd sal\u00e1rio registradas no Cadastro \u00danico. Deveriam ter sido acompanhadas 241 fam\u00edlias, s\u00f3 16 foram seguidas;<\/p>\n<p style=\"text-align: justify;\">&#8211; Acompanhar pelo PAIF as fam\u00edlias com membros integrantes do BPC. Deveriam ter sido acompanhadas 80 fam\u00edlias, nenhuma foi seguida;<\/p>\n<p style=\"text-align: justify;\">&#8211; Inserir no Cad\u00danico os benefici\u00e1rios do BPC. Deveriam ter sido inseridas 223 benefici\u00e1rios, 137 foram introduzidos;<\/p>\n<p style=\"text-align: justify;\">&#8211; Reordenar o Servi\u00e7o de Conviv\u00eancia e Fortalecimento de V\u00ednculos. Deveriam ter sido ordenados 90 usu\u00e1rios, nenhum foi classificado;<\/p>\n<p style=\"text-align: justify;\">&#8211; Aderir ao programa BPC na Escola. Munic\u00edpio n\u00e3o aderiu;<\/p>\n<p style=\"text-align: justify;\">&#8211; Desprecarizar os v\u00ednculos trabalhistas. A meta era atingir 8 trabalhadores de n\u00edvel m\u00e9dio e superior como empregados p\u00fablicos estatut\u00e1rio ou celetista, s\u00f3 havia 4;<\/p>\n<p style=\"text-align: justify;\">&#8211; Estruturar as SMAS com formaliza\u00e7\u00e3o das \u00e1reas essenciais. A meta era garantir que o \u00f3rg\u00e3o gestor tenha institu\u00eddo na sua estrutura formal as seguintes \u00e1reas: prote\u00e7\u00e3o social b\u00e1sica, prote\u00e7\u00e3o social especial e \u00e1rea de gest\u00e3o do SUAS com compet\u00eancia de Vigil\u00e2ncia Socioassistencial, o Munic\u00edpio n\u00e3o possuiu todas as \u00e1reas;<\/p>\n<p style=\"text-align: justify;\">&#8211; Ampliar a participa\u00e7\u00e3o dos usu\u00e1rios e trabalhadores nos Conselhos Municipais de Assist\u00eancia Social. A meta era possuir representa\u00e7\u00e3o da sociedade civil do Conselho Municipal de Assist\u00eancia Social representantes de usu\u00e1rios e trabalhadores do SUAS, havia apenas 1 representante;<\/p>\n<p style=\"text-align: justify;\">&#8211; Regularizar o Conselho Municipal de Assist\u00eancia Social como inst\u00e2ncia de Controle Social do Programa Bolsa Fam\u00edlia. A meta era instalar o CMAS como inst\u00e2ncia de controle social do Bolsa Fam\u00edlia, em Recreio havia inst\u00e2ncia ou comit\u00ea exclusivo do programa social;<\/p>\n<p>&#8211; A \u00fanica a ser atingida foi a adequa\u00e7\u00e3o do Munic\u00edpio \u00e0 legisla\u00e7\u00e3o do SUAS.<\/p>\n<p style=\"text-align: justify;\"><a href=\"http:\/\/www.polisrecreio.com.br\/site\/wp-content\/uploads\/2017\/02\/16463600_1098083540302762_573426354914284692_o.jpg\"><img loading=\"lazy\" class=\"alignleft wp-image-4357 size-medium\" src=\"http:\/\/www.polisrecreio.com.br\/site\/wp-content\/uploads\/2017\/02\/16463600_1098083540302762_573426354914284692_o-300x300.jpg\" alt=\"16463600_1098083540302762_573426354914284692_o\" width=\"300\" height=\"300\" srcset=\"https:\/\/www.polisrecreio.com.br\/site\/wp-content\/uploads\/2017\/02\/16463600_1098083540302762_573426354914284692_o-300x300.jpg 300w, https:\/\/www.polisrecreio.com.br\/site\/wp-content\/uploads\/2017\/02\/16463600_1098083540302762_573426354914284692_o-150x150.jpg 150w, https:\/\/www.polisrecreio.com.br\/site\/wp-content\/uploads\/2017\/02\/16463600_1098083540302762_573426354914284692_o.jpg 750w\" sizes=\"(max-width: 300px) 100vw, 300px\" \/><\/a>\u201cDevido a estes problemas identificados pela SEDESE o CRAS de Recreio ter\u00e1 v\u00e1rios servi\u00e7os comprometidos em 2017. Outras pend\u00eancias tamb\u00e9m estar\u00e3o dificultando a realiza\u00e7\u00e3o de atividades, como as que s\u00e3o desenvolvidas no Servi\u00e7o de Conviv\u00eancia e Fortalecimento de V\u00ednculos \u201cSCFV\u201d. Este ano o SCFV, que abriga oficinas para jovens e idosos, est\u00e1 cortado, o motivo \u00e9 a falta de transmiss\u00e3o de informa\u00e7\u00f5es ao Minist\u00e9rio do Desenvolvimento Social. H\u00e1 tamb\u00e9m pend\u00eancias em presta\u00e7\u00f5es de contas e as atas do Conselho Municipal de Assist\u00eancia Social n\u00e3o foram encontradas. Mesmo com todos estes empecilhos o prefeito, Z\u00e9 Maria Barros, firmou o compromisso com a Secretaria de manter o m\u00e1ximo de atividades poss\u00edveis no CRAS com recursos pr\u00f3prios\u201d, disse o secret\u00e1rio de Desenvolvimento Social, Diego Pena (foto).<\/p>\n<p style=\"text-align: justify;\">Para reestruturar e retornar o funcionamento do CMAS conforme as normas do Conselho Nacional de Assist\u00eancia Social um projeto de lei foi enviado pelo executivo municipal ao legislativo e aprovado em sess\u00e3o ordin\u00e1ria na noite de ontem (13). &#8220;Os servi\u00e7os sociais\u00a0dever\u00e3o estar sendo ofertados ainda neste primeiro semestre. Estamos analisando as situa\u00e7\u00f5es e buscando as melhores maneiras de oferecer as atividades&#8221;, descreveu Diego Pena.<\/p>\n","protected":false},"excerpt":{"rendered":"<p>Na semana passada a diretoria regional de Muria\u00e9 da Secretaria Estadual de Desenvolvimento Social \u201cSEDESE\u201d informou a Secretaria de Desenvolvimento Social de Recreio uma s\u00e9rie de metas n\u00e3o alcan\u00e7adas durante a gest\u00e3o municipal 2013\/2016 e que ir\u00e3o comprometer o funcionamento do Centro de Refer\u00eancia de Assist\u00eancia Social \u201cCRAS\u201d durante este ano.<\/p>\n","protected":false},"author":3,"featured_media":4354,"comment_status":"open","ping_status":"open","sticky":false,"template":"","format":"standard","meta":[],"categories":[6],"tags":[],"yoast_head":"<!-- This site is optimized with the Yoast SEO plugin v15.6.2 - https:\/\/yoast.com\/wordpress\/plugins\/seo\/ -->\n<meta name=\"robots\" content=\"index, follow, max-snippet:-1, max-image-preview:large, max-video-preview:-1\" \/>\n<link rel=\"canonical\" href=\"http:\/\/www.polisrecreio.com.br\/site\/2017\/02\/14\/metas-nao-alcancadas-entre-20132016-compromete-funcionamento-do-cras-em-recreio\/\" \/>\n<meta property=\"og:locale\" content=\"pt_BR\" \/>\n<meta property=\"og:type\" content=\"article\" \/>\n<meta property=\"og:title\" content=\"Metas n\u00e3o alcan\u00e7adas entre 2013\/2016 compromete funcionamento do CRAS em Recreio - P\u00f3lis Recreio\" \/>\n<meta property=\"og:description\" content=\"Na semana passada a diretoria regional de Muria\u00e9 da Secretaria Estadual de Desenvolvimento Social \u201cSEDESE\u201d informou a Secretaria de Desenvolvimento Social de Recreio uma s\u00e9rie de metas n\u00e3o alcan\u00e7adas durante a gest\u00e3o municipal 2013\/2016 e que ir\u00e3o comprometer o funcionamento do Centro de Refer\u00eancia de Assist\u00eancia Social \u201cCRAS\u201d durante este ano.\" \/>\n<meta property=\"og:url\" content=\"http:\/\/www.polisrecreio.com.br\/site\/2017\/02\/14\/metas-nao-alcancadas-entre-20132016-compromete-funcionamento-do-cras-em-recreio\/\" \/>\n<meta property=\"og:site_name\" content=\"P\u00f3lis Recreio\" \/>\n<meta property=\"article:publisher\" content=\"https:\/\/www.facebook.com\/Site-P%c3%b3lis-Recreio-MG-181941708571019\/\" \/>\n<meta property=\"article:published_time\" content=\"2017-02-14T22:28:17+00:00\" \/>\n<meta property=\"og:image\" content=\"https:\/\/www.polisrecreio.com.br\/site\/wp-content\/uploads\/2017\/02\/IMG-20170209-WA0000.jpg\" \/>\n\t<meta property=\"og:image:width\" content=\"750\" \/>\n\t<meta property=\"og:image:height\" content=\"509\" \/>\n<meta name=\"twitter:card\" content=\"summary_large_image\" \/>\n<meta name=\"twitter:creator\" content=\"@PolisRecreio\" \/>\n<meta name=\"twitter:site\" content=\"@PolisRecreio\" \/>\n<meta name=\"twitter:label1\" content=\"Est. reading time\">\n\t<meta name=\"twitter:data1\" content=\"3 minutos\">\n<script type=\"application\/ld+json\" class=\"yoast-schema-graph\">{\"@context\":\"https:\/\/schema.org\",\"@graph\":[{\"@type\":\"WebSite\",\"@id\":\"https:\/\/www.polisrecreio.com.br\/site\/#website\",\"url\":\"https:\/\/www.polisrecreio.com.br\/site\/\",\"name\":\"P\\u00f3lis Recreio\",\"description\":\"\",\"potentialAction\":[{\"@type\":\"SearchAction\",\"target\":\"https:\/\/www.polisrecreio.com.br\/site\/?s={search_term_string}\",\"query-input\":\"required name=search_term_string\"}],\"inLanguage\":\"pt-BR\"},{\"@type\":\"ImageObject\",\"@id\":\"http:\/\/www.polisrecreio.com.br\/site\/2017\/02\/14\/metas-nao-alcancadas-entre-20132016-compromete-funcionamento-do-cras-em-recreio\/#primaryimage\",\"inLanguage\":\"pt-BR\",\"url\":\"https:\/\/www.polisrecreio.com.br\/site\/wp-content\/uploads\/2017\/02\/IMG-20170209-WA0000.jpg\",\"width\":750,\"height\":509,\"caption\":\"Reuni\\u00e3o na SEDESE em Muria\\u00e9.\"},{\"@type\":\"WebPage\",\"@id\":\"http:\/\/www.polisrecreio.com.br\/site\/2017\/02\/14\/metas-nao-alcancadas-entre-20132016-compromete-funcionamento-do-cras-em-recreio\/#webpage\",\"url\":\"http:\/\/www.polisrecreio.com.br\/site\/2017\/02\/14\/metas-nao-alcancadas-entre-20132016-compromete-funcionamento-do-cras-em-recreio\/\",\"name\":\"Metas n\\u00e3o alcan\\u00e7adas entre 2013\/2016 compromete funcionamento do CRAS em Recreio - P\\u00f3lis Recreio\",\"isPartOf\":{\"@id\":\"https:\/\/www.polisrecreio.com.br\/site\/#website\"},\"primaryImageOfPage\":{\"@id\":\"http:\/\/www.polisrecreio.com.br\/site\/2017\/02\/14\/metas-nao-alcancadas-entre-20132016-compromete-funcionamento-do-cras-em-recreio\/#primaryimage\"},\"datePublished\":\"2017-02-14T22:28:17+00:00\",\"dateModified\":\"2017-02-14T22:28:17+00:00\",\"author\":{\"@id\":\"https:\/\/www.polisrecreio.com.br\/site\/#\/schema\/person\/3363c1c78e1e28e1329d97adb387638e\"},\"inLanguage\":\"pt-BR\",\"potentialAction\":[{\"@type\":\"ReadAction\",\"target\":[\"http:\/\/www.polisrecreio.com.br\/site\/2017\/02\/14\/metas-nao-alcancadas-entre-20132016-compromete-funcionamento-do-cras-em-recreio\/\"]}]},{\"@type\":\"Person\",\"@id\":\"https:\/\/www.polisrecreio.com.br\/site\/#\/schema\/person\/3363c1c78e1e28e1329d97adb387638e\",\"name\":\"Leonardo Ribeiro\",\"image\":{\"@type\":\"ImageObject\",\"@id\":\"https:\/\/www.polisrecreio.com.br\/site\/#personlogo\",\"inLanguage\":\"pt-BR\",\"url\":\"https:\/\/secure.gravatar.com\/avatar\/6ba92a37d621e1a83e23710251178a12?s=96&d=mm&r=g\",\"caption\":\"Leonardo Ribeiro\"},\"sameAs\":[\"http:\/\/www.polisrecreio.com.br\"]}]}<\/script>\n<!-- \/ Yoast SEO plugin. -->","_links":{"self":[{"href":"https:\/\/www.polisrecreio.com.br\/site\/wp-json\/wp\/v2\/posts\/4353"}],"collection":[{"href":"https:\/\/www.polisrecreio.com.br\/site\/wp-json\/wp\/v2\/posts"}],"about":[{"href":"https:\/\/www.polisrecreio.com.br\/site\/wp-json\/wp\/v2\/types\/post"}],"author":[{"embeddable":true,"href":"https:\/\/www.polisrecreio.com.br\/site\/wp-json\/wp\/v2\/users\/3"}],"replies":[{"embeddable":true,"href":"https:\/\/www.polisrecreio.com.br\/site\/wp-json\/wp\/v2\/comments?post=4353"}],"version-history":[{"count":4,"href":"https:\/\/www.polisrecreio.com.br\/site\/wp-json\/wp\/v2\/posts\/4353\/revisions"}],"predecessor-version":[{"id":4359,"href":"https:\/\/www.polisrecreio.com.br\/site\/wp-json\/wp\/v2\/posts\/4353\/revisions\/4359"}],"wp:featuredmedia":[{"embeddable":true,"href":"https:\/\/www.polisrecreio.com.br\/site\/wp-json\/wp\/v2\/media\/4354"}],"wp:attachment":[{"href":"https:\/\/www.polisrecreio.com.br\/site\/wp-json\/wp\/v2\/media?parent=4353"}],"wp:term":[{"taxonomy":"category","embeddable":true,"href":"https:\/\/www.polisrecreio.com.br\/site\/wp-json\/wp\/v2\/categories?post=4353"},{"taxonomy":"post_tag","embeddable":true,"href":"https:\/\/www.polisrecreio.com.br\/site\/wp-json\/wp\/v2\/tags?post=4353"}],"curies":[{"name":"wp","href":"https:\/\/api.w.org\/{rel}","templated":true}]}}