{"id":446,"date":"2015-02-04T12:23:55","date_gmt":"2015-02-04T15:23:55","guid":{"rendered":"http:\/\/www.polisrecreio.com.br\/site\/?p=446"},"modified":"2017-02-23T09:48:46","modified_gmt":"2017-02-23T12:48:46","slug":"neste-sabado-tem-caominhada-em-recreio-a-partir-das-9h","status":"publish","type":"post","link":"https:\/\/www.polisrecreio.com.br\/site\/2015\/02\/04\/neste-sabado-tem-caominhada-em-recreio-a-partir-das-9h\/","title":{"rendered":"Neste s\u00e1bado tem C\u00e3ominhada em Recreio a partir das 9h"},"content":{"rendered":"<p style=\"text-align: justify;\">Neste s\u00e1bado, dia 5 de dezembro, a partir das 9h, a Casa do Fazendeiro estar\u00e1 promovendo a 3\u00aa C\u00e3ominhada de Recreio com participa\u00e7\u00e3o de v\u00e1rios c\u00e3es acompanhados de seus propriet\u00e1rios.<\/p>\n<p style=\"text-align: justify;\"><!--more--><\/p>\n<p style=\"text-align: justify;\"><a href=\"http:\/\/www.polisrecreio.com.br\/site\/wp-content\/uploads\/2015\/12\/10450444_653435881440141_7980469804237880925_n.jpg\"><img loading=\"lazy\" class=\"size-medium wp-image-449 alignleft\" src=\"http:\/\/www.polisrecreio.com.br\/site\/wp-content\/uploads\/2015\/12\/10450444_653435881440141_7980469804237880925_n-300x225.jpg\" alt=\"10450444_653435881440141_7980469804237880925_n\" width=\"300\" height=\"225\" srcset=\"https:\/\/www.polisrecreio.com.br\/site\/wp-content\/uploads\/2015\/12\/10450444_653435881440141_7980469804237880925_n-300x225.jpg 300w, https:\/\/www.polisrecreio.com.br\/site\/wp-content\/uploads\/2015\/12\/10450444_653435881440141_7980469804237880925_n.jpg 960w\" sizes=\"(max-width: 300px) 100vw, 300px\" \/><\/a>Durante o evento ser\u00e3o realizados sorteios de brindes, concursos, brincadeiras e outras atividades voltadas para o bem estar do seu c\u00e3ozinho. Por medida de seguran\u00e7a os organizadores lembram que \u00e9 necess\u00e1rio o uso de coleira e guia, em caso de animais de grande porte \u00e9 obrigat\u00f3rio o uso da focinheira.<\/p>\n<p style=\"text-align: justify;\">A sa\u00edda da C\u00e3ominhada ser\u00e1 na Casa do Fazendeiro, que fica \u00e0 Rua Major Cristiano Guimar\u00e3es, pr\u00f3ximo \u00e0 Pra\u00e7a dos Ferrovi\u00e1rios. Maiores informa\u00e7\u00f5es sobre o evento pelo telefone (32) 99972-9300.<\/p>\n","protected":false},"excerpt":{"rendered":"<p>Neste s\u00e1bado, dia 5 de dezembro, a partir das 9h, a Casa do Fazendeiro estar\u00e1 promovendo a 3\u00aa C\u00e3ominhada de Recreio com participa\u00e7\u00e3o de v\u00e1rios c\u00e3es acompanhados de seus propriet\u00e1rios.<\/p>\n","protected":false},"author":3,"featured_media":454,"comment_status":"closed","ping_status":"closed","sticky":false,"template":"","format":"standard","meta":[],"categories":[1],"tags":[],"yoast_head":"<!-- This site is optimized with the Yoast SEO plugin v15.6.2 - https:\/\/yoast.com\/wordpress\/plugins\/seo\/ -->\n<meta name=\"robots\" content=\"index, follow, max-snippet:-1, max-image-preview:large, max-video-preview:-1\" \/>\n<link rel=\"canonical\" href=\"https:\/\/www.polisrecreio.com.br\/site\/2015\/02\/04\/neste-sabado-tem-caominhada-em-recreio-a-partir-das-9h\/\" \/>\n<meta property=\"og:locale\" content=\"pt_BR\" \/>\n<meta property=\"og:type\" content=\"article\" \/>\n<meta property=\"og:title\" content=\"Neste s\u00e1bado tem C\u00e3ominhada em Recreio a partir das 9h - P\u00f3lis Recreio\" \/>\n<meta property=\"og:description\" content=\"Neste s\u00e1bado, dia 5 de dezembro, a partir das 9h, a Casa do Fazendeiro estar\u00e1 promovendo a 3\u00aa C\u00e3ominhada de Recreio com participa\u00e7\u00e3o de v\u00e1rios c\u00e3es acompanhados de seus propriet\u00e1rios.\" \/>\n<meta property=\"og:url\" content=\"https:\/\/www.polisrecreio.com.br\/site\/2015\/02\/04\/neste-sabado-tem-caominhada-em-recreio-a-partir-das-9h\/\" \/>\n<meta property=\"og:site_name\" content=\"P\u00f3lis Recreio\" \/>\n<meta property=\"article:publisher\" content=\"https:\/\/www.facebook.com\/Site-P%c3%b3lis-Recreio-MG-181941708571019\/\" \/>\n<meta property=\"article:published_time\" content=\"2015-02-04T15:23:55+00:00\" \/>\n<meta property=\"article:modified_time\" content=\"2017-02-23T12:48:46+00:00\" \/>\n<meta property=\"og:image\" content=\"https:\/\/www.polisrecreio.com.br\/site\/wp-content\/uploads\/2015\/12\/caominhada.jpg\" \/>\n\t<meta property=\"og:image:width\" content=\"652\" \/>\n\t<meta property=\"og:image:height\" content=\"302\" \/>\n<meta name=\"twitter:card\" content=\"summary_large_image\" \/>\n<meta name=\"twitter:creator\" content=\"@PolisRecreio\" \/>\n<meta name=\"twitter:site\" content=\"@PolisRecreio\" \/>\n<meta name=\"twitter:label1\" content=\"Est. reading time\">\n\t<meta name=\"twitter:data1\" content=\"1 minuto\">\n<script type=\"application\/ld+json\" class=\"yoast-schema-graph\">{\"@context\":\"https:\/\/schema.org\",\"@graph\":[{\"@type\":\"WebSite\",\"@id\":\"https:\/\/www.polisrecreio.com.br\/site\/#website\",\"url\":\"https:\/\/www.polisrecreio.com.br\/site\/\",\"name\":\"P\\u00f3lis Recreio\",\"description\":\"\",\"potentialAction\":[{\"@type\":\"SearchAction\",\"target\":\"https:\/\/www.polisrecreio.com.br\/site\/?s={search_term_string}\",\"query-input\":\"required name=search_term_string\"}],\"inLanguage\":\"pt-BR\"},{\"@type\":\"ImageObject\",\"@id\":\"https:\/\/www.polisrecreio.com.br\/site\/2015\/02\/04\/neste-sabado-tem-caominhada-em-recreio-a-partir-das-9h\/#primaryimage\",\"inLanguage\":\"pt-BR\",\"url\":\"https:\/\/www.polisrecreio.com.br\/site\/wp-content\/uploads\/2015\/12\/caominhada.jpg\",\"width\":652,\"height\":302},{\"@type\":\"WebPage\",\"@id\":\"https:\/\/www.polisrecreio.com.br\/site\/2015\/02\/04\/neste-sabado-tem-caominhada-em-recreio-a-partir-das-9h\/#webpage\",\"url\":\"https:\/\/www.polisrecreio.com.br\/site\/2015\/02\/04\/neste-sabado-tem-caominhada-em-recreio-a-partir-das-9h\/\",\"name\":\"Neste s\\u00e1bado tem C\\u00e3ominhada em Recreio a partir das 9h - P\\u00f3lis Recreio\",\"isPartOf\":{\"@id\":\"https:\/\/www.polisrecreio.com.br\/site\/#website\"},\"primaryImageOfPage\":{\"@id\":\"https:\/\/www.polisrecreio.com.br\/site\/2015\/02\/04\/neste-sabado-tem-caominhada-em-recreio-a-partir-das-9h\/#primaryimage\"},\"datePublished\":\"2015-02-04T15:23:55+00:00\",\"dateModified\":\"2017-02-23T12:48:46+00:00\",\"author\":{\"@id\":\"https:\/\/www.polisrecreio.com.br\/site\/#\/schema\/person\/3363c1c78e1e28e1329d97adb387638e\"},\"inLanguage\":\"pt-BR\",\"potentialAction\":[{\"@type\":\"ReadAction\",\"target\":[\"https:\/\/www.polisrecreio.com.br\/site\/2015\/02\/04\/neste-sabado-tem-caominhada-em-recreio-a-partir-das-9h\/\"]}]},{\"@type\":\"Person\",\"@id\":\"https:\/\/www.polisrecreio.com.br\/site\/#\/schema\/person\/3363c1c78e1e28e1329d97adb387638e\",\"name\":\"Leonardo Ribeiro\",\"image\":{\"@type\":\"ImageObject\",\"@id\":\"https:\/\/www.polisrecreio.com.br\/site\/#personlogo\",\"inLanguage\":\"pt-BR\",\"url\":\"https:\/\/secure.gravatar.com\/avatar\/6ba92a37d621e1a83e23710251178a12?s=96&d=mm&r=g\",\"caption\":\"Leonardo Ribeiro\"},\"sameAs\":[\"http:\/\/www.polisrecreio.com.br\"]}]}<\/script>\n<!-- \/ Yoast SEO plugin. -->","_links":{"self":[{"href":"https:\/\/www.polisrecreio.com.br\/site\/wp-json\/wp\/v2\/posts\/446"}],"collection":[{"href":"https:\/\/www.polisrecreio.com.br\/site\/wp-json\/wp\/v2\/posts"}],"about":[{"href":"https:\/\/www.polisrecreio.com.br\/site\/wp-json\/wp\/v2\/types\/post"}],"author":[{"embeddable":true,"href":"https:\/\/www.polisrecreio.com.br\/site\/wp-json\/wp\/v2\/users\/3"}],"replies":[{"embeddable":true,"href":"https:\/\/www.polisrecreio.com.br\/site\/wp-json\/wp\/v2\/comments?post=446"}],"version-history":[{"count":7,"href":"https:\/\/www.polisrecreio.com.br\/site\/wp-json\/wp\/v2\/posts\/446\/revisions"}],"predecessor-version":[{"id":4519,"href":"https:\/\/www.polisrecreio.com.br\/site\/wp-json\/wp\/v2\/posts\/446\/revisions\/4519"}],"wp:featuredmedia":[{"embeddable":true,"href":"https:\/\/www.polisrecreio.com.br\/site\/wp-json\/wp\/v2\/media\/454"}],"wp:attachment":[{"href":"https:\/\/www.polisrecreio.com.br\/site\/wp-json\/wp\/v2\/media?parent=446"}],"wp:term":[{"taxonomy":"category","embeddable":true,"href":"https:\/\/www.polisrecreio.com.br\/site\/wp-json\/wp\/v2\/categories?post=446"},{"taxonomy":"post_tag","embeddable":true,"href":"https:\/\/www.polisrecreio.com.br\/site\/wp-json\/wp\/v2\/tags?post=446"}],"curies":[{"name":"wp","href":"https:\/\/api.w.org\/{rel}","templated":true}]}}