{"id":4576,"date":"2017-02-23T12:27:05","date_gmt":"2017-02-23T15:27:05","guid":{"rendered":"http:\/\/www.polisrecreio.com.br\/site\/?p=4576"},"modified":"2017-02-23T12:29:36","modified_gmt":"2017-02-23T15:29:36","slug":"eleitores-de-recreio-poderao-ter-titulos-cancelados","status":"publish","type":"post","link":"https:\/\/www.polisrecreio.com.br\/site\/2017\/02\/23\/eleitores-de-recreio-poderao-ter-titulos-cancelados\/","title":{"rendered":"Eleitores de Recreio poder\u00e3o ter t\u00edtulos cancelados"},"content":{"rendered":"<p style=\"text-align: justify;\">A Justi\u00e7a Eleitoral, atrav\u00e9s do juiz Eleitoral da 161\u00aa Zona Eleitoral de Leopoldina, Dr. Gustavo Vargas de Mendon\u00e7a, divulgou na \u00faltima quarta-feira (22) um edital contendo nomes de pessoas que poder\u00e3o ter seus t\u00edtulos cancelados por terem deixado de comparecer para votar nas \u00faltimas tr\u00eas elei\u00e7\u00f5es. O munic\u00edpio de Recreio tem 60 eleitores na lista.<\/p>\n<p style=\"text-align: justify;\"><!--more--><\/p>\n<p style=\"text-align: justify;\"><a href=\"http:\/\/www.polisrecreio.com.br\/site\/wp-content\/uploads\/2017\/02\/8224718.jpg\"><img loading=\"lazy\" class=\"aligncenter size-full wp-image-4577\" src=\"http:\/\/www.polisrecreio.com.br\/site\/wp-content\/uploads\/2017\/02\/8224718.jpg\" alt=\"8224718\" width=\"640\" height=\"428\" srcset=\"https:\/\/www.polisrecreio.com.br\/site\/wp-content\/uploads\/2017\/02\/8224718.jpg 640w, https:\/\/www.polisrecreio.com.br\/site\/wp-content\/uploads\/2017\/02\/8224718-300x201.jpg 300w\" sizes=\"(max-width: 640px) 100vw, 640px\" \/><\/a><\/p>\n<p style=\"text-align: justify;\">De acordo com o edital os eleitores relacionados ficam cientificados de que o n\u00e3o comparecimento ao Cart\u00f3rio Eleitoral para comprova\u00e7\u00e3o do exerc\u00edcio do voto, do pagamento das multas ou da justifica\u00e7\u00e3o de aus\u00eancia no prazo de 60 dias a contar de 2 de mar\u00e7o de 2017, implicar\u00e1 no cancelamento autom\u00e1tico do t\u00edtulo eleitoral.<\/p>\n<p style=\"text-align: justify;\">Al\u00e9m da lista de Recreio no edital consta 18 nomes de Argirita e 368 de Leopoldina, todos sob jurisdi\u00e7\u00e3o da 161\u00aa Zona Eleitoral de Leopoldina.<\/p>\n<p style=\"text-align: justify;\">Confira o\u00a0<a href=\"http:\/\/www.polisrecreio.com.br\/site\/wp-content\/uploads\/2017\/02\/Edital.pdf\" target=\"_blank\">Edital<\/a>.<\/p>\n","protected":false},"excerpt":{"rendered":"<p>A Justi\u00e7a Eleitoral, atrav\u00e9s do juiz Eleitoral da 161\u00aa Zona Eleitoral de Leopoldina, Dr. Gustavo Vargas de Mendon\u00e7a, divulgou na \u00faltima quarta-feira (22) um edital contendo nomes de pessoas que poder\u00e3o ter seus t\u00edtulos cancelados por terem deixado de comparecer para votar nas \u00faltimas tr\u00eas elei\u00e7\u00f5es. O munic\u00edpio de Recreio tem 60 eleitores na lista.<\/p>\n","protected":false},"author":3,"featured_media":4577,"comment_status":"open","ping_status":"open","sticky":false,"template":"","format":"standard","meta":[],"categories":[6],"tags":[],"yoast_head":"<!-- This site is optimized with the Yoast SEO plugin v15.6.2 - https:\/\/yoast.com\/wordpress\/plugins\/seo\/ -->\n<meta name=\"robots\" content=\"index, follow, max-snippet:-1, max-image-preview:large, max-video-preview:-1\" \/>\n<link rel=\"canonical\" href=\"http:\/\/www.polisrecreio.com.br\/site\/2017\/02\/23\/eleitores-de-recreio-poderao-ter-titulos-cancelados\/\" \/>\n<meta property=\"og:locale\" content=\"pt_BR\" \/>\n<meta property=\"og:type\" content=\"article\" \/>\n<meta property=\"og:title\" content=\"Eleitores de Recreio poder\u00e3o ter t\u00edtulos cancelados - P\u00f3lis Recreio\" \/>\n<meta property=\"og:description\" content=\"A Justi\u00e7a Eleitoral, atrav\u00e9s do juiz Eleitoral da 161\u00aa Zona Eleitoral de Leopoldina, Dr. Gustavo Vargas de Mendon\u00e7a, divulgou na \u00faltima quarta-feira (22) um edital contendo nomes de pessoas que poder\u00e3o ter seus t\u00edtulos cancelados por terem deixado de comparecer para votar nas \u00faltimas tr\u00eas elei\u00e7\u00f5es. O munic\u00edpio de Recreio tem 60 eleitores na lista.\" \/>\n<meta property=\"og:url\" content=\"http:\/\/www.polisrecreio.com.br\/site\/2017\/02\/23\/eleitores-de-recreio-poderao-ter-titulos-cancelados\/\" \/>\n<meta property=\"og:site_name\" content=\"P\u00f3lis Recreio\" \/>\n<meta property=\"article:publisher\" content=\"https:\/\/www.facebook.com\/Site-P%c3%b3lis-Recreio-MG-181941708571019\/\" \/>\n<meta property=\"article:published_time\" content=\"2017-02-23T15:27:05+00:00\" \/>\n<meta property=\"article:modified_time\" content=\"2017-02-23T15:29:36+00:00\" \/>\n<meta property=\"og:image\" content=\"https:\/\/www.polisrecreio.com.br\/site\/wp-content\/uploads\/2017\/02\/8224718.jpg\" \/>\n\t<meta property=\"og:image:width\" content=\"640\" \/>\n\t<meta property=\"og:image:height\" content=\"428\" \/>\n<meta name=\"twitter:card\" content=\"summary_large_image\" \/>\n<meta name=\"twitter:creator\" content=\"@PolisRecreio\" \/>\n<meta name=\"twitter:site\" content=\"@PolisRecreio\" \/>\n<meta name=\"twitter:label1\" content=\"Est. reading time\">\n\t<meta name=\"twitter:data1\" content=\"1 minuto\">\n<script type=\"application\/ld+json\" class=\"yoast-schema-graph\">{\"@context\":\"https:\/\/schema.org\",\"@graph\":[{\"@type\":\"WebSite\",\"@id\":\"https:\/\/www.polisrecreio.com.br\/site\/#website\",\"url\":\"https:\/\/www.polisrecreio.com.br\/site\/\",\"name\":\"P\\u00f3lis Recreio\",\"description\":\"\",\"potentialAction\":[{\"@type\":\"SearchAction\",\"target\":\"https:\/\/www.polisrecreio.com.br\/site\/?s={search_term_string}\",\"query-input\":\"required name=search_term_string\"}],\"inLanguage\":\"pt-BR\"},{\"@type\":\"ImageObject\",\"@id\":\"http:\/\/www.polisrecreio.com.br\/site\/2017\/02\/23\/eleitores-de-recreio-poderao-ter-titulos-cancelados\/#primaryimage\",\"inLanguage\":\"pt-BR\",\"url\":\"https:\/\/www.polisrecreio.com.br\/site\/wp-content\/uploads\/2017\/02\/8224718.jpg\",\"width\":640,\"height\":428},{\"@type\":\"WebPage\",\"@id\":\"http:\/\/www.polisrecreio.com.br\/site\/2017\/02\/23\/eleitores-de-recreio-poderao-ter-titulos-cancelados\/#webpage\",\"url\":\"http:\/\/www.polisrecreio.com.br\/site\/2017\/02\/23\/eleitores-de-recreio-poderao-ter-titulos-cancelados\/\",\"name\":\"Eleitores de Recreio poder\\u00e3o ter t\\u00edtulos cancelados - P\\u00f3lis Recreio\",\"isPartOf\":{\"@id\":\"https:\/\/www.polisrecreio.com.br\/site\/#website\"},\"primaryImageOfPage\":{\"@id\":\"http:\/\/www.polisrecreio.com.br\/site\/2017\/02\/23\/eleitores-de-recreio-poderao-ter-titulos-cancelados\/#primaryimage\"},\"datePublished\":\"2017-02-23T15:27:05+00:00\",\"dateModified\":\"2017-02-23T15:29:36+00:00\",\"author\":{\"@id\":\"https:\/\/www.polisrecreio.com.br\/site\/#\/schema\/person\/3363c1c78e1e28e1329d97adb387638e\"},\"inLanguage\":\"pt-BR\",\"potentialAction\":[{\"@type\":\"ReadAction\",\"target\":[\"http:\/\/www.polisrecreio.com.br\/site\/2017\/02\/23\/eleitores-de-recreio-poderao-ter-titulos-cancelados\/\"]}]},{\"@type\":\"Person\",\"@id\":\"https:\/\/www.polisrecreio.com.br\/site\/#\/schema\/person\/3363c1c78e1e28e1329d97adb387638e\",\"name\":\"Leonardo Ribeiro\",\"image\":{\"@type\":\"ImageObject\",\"@id\":\"https:\/\/www.polisrecreio.com.br\/site\/#personlogo\",\"inLanguage\":\"pt-BR\",\"url\":\"https:\/\/secure.gravatar.com\/avatar\/6ba92a37d621e1a83e23710251178a12?s=96&d=mm&r=g\",\"caption\":\"Leonardo Ribeiro\"},\"sameAs\":[\"http:\/\/www.polisrecreio.com.br\"]}]}<\/script>\n<!-- \/ Yoast SEO plugin. -->","_links":{"self":[{"href":"https:\/\/www.polisrecreio.com.br\/site\/wp-json\/wp\/v2\/posts\/4576"}],"collection":[{"href":"https:\/\/www.polisrecreio.com.br\/site\/wp-json\/wp\/v2\/posts"}],"about":[{"href":"https:\/\/www.polisrecreio.com.br\/site\/wp-json\/wp\/v2\/types\/post"}],"author":[{"embeddable":true,"href":"https:\/\/www.polisrecreio.com.br\/site\/wp-json\/wp\/v2\/users\/3"}],"replies":[{"embeddable":true,"href":"https:\/\/www.polisrecreio.com.br\/site\/wp-json\/wp\/v2\/comments?post=4576"}],"version-history":[{"count":3,"href":"https:\/\/www.polisrecreio.com.br\/site\/wp-json\/wp\/v2\/posts\/4576\/revisions"}],"predecessor-version":[{"id":4581,"href":"https:\/\/www.polisrecreio.com.br\/site\/wp-json\/wp\/v2\/posts\/4576\/revisions\/4581"}],"wp:featuredmedia":[{"embeddable":true,"href":"https:\/\/www.polisrecreio.com.br\/site\/wp-json\/wp\/v2\/media\/4577"}],"wp:attachment":[{"href":"https:\/\/www.polisrecreio.com.br\/site\/wp-json\/wp\/v2\/media?parent=4576"}],"wp:term":[{"taxonomy":"category","embeddable":true,"href":"https:\/\/www.polisrecreio.com.br\/site\/wp-json\/wp\/v2\/categories?post=4576"},{"taxonomy":"post_tag","embeddable":true,"href":"https:\/\/www.polisrecreio.com.br\/site\/wp-json\/wp\/v2\/tags?post=4576"}],"curies":[{"name":"wp","href":"https:\/\/api.w.org\/{rel}","templated":true}]}}