{"id":4588,"date":"2017-02-23T19:19:09","date_gmt":"2017-02-23T22:19:09","guid":{"rendered":"http:\/\/www.polisrecreio.com.br\/site\/?p=4588"},"modified":"2017-02-23T19:23:26","modified_gmt":"2017-02-23T22:23:26","slug":"calcamento-no-planalto-que-deveria-estar-pronto-ha-6-meses-vai-comecar-em-marco-2","status":"publish","type":"post","link":"https:\/\/www.polisrecreio.com.br\/site\/2017\/02\/23\/calcamento-no-planalto-que-deveria-estar-pronto-ha-6-meses-vai-comecar-em-marco-2\/","title":{"rendered":"Cal\u00e7amento no Planalto, que deveria estar pronto h\u00e1 6 meses, vai come\u00e7ar em mar\u00e7o"},"content":{"rendered":"<p style=\"text-align: justify;\">O cal\u00e7amento da Rua Cremilda Martins de Almeida, no bairro Planalto, que deveria estar pronto desde 29 de setembro, enfim, vai come\u00e7ar em mar\u00e7o. Os servi\u00e7os da empreiteira licitada em 2016 estavam paralisados por causa de pend\u00eancias na execu\u00e7\u00e3o de obras sob responsabilidade da Prefeitura de Recreio.<\/p>\n<p style=\"text-align: justify;\"><!--more--><\/p>\n<figure id=\"attachment_4583\" aria-describedby=\"caption-attachment-4583\" style=\"width: 750px\" class=\"wp-caption aligncenter\"><a href=\"http:\/\/www.polisrecreio.com.br\/site\/wp-content\/uploads\/2017\/02\/DSCF6514.jpg\"><img loading=\"lazy\" class=\"wp-image-4583 size-full\" src=\"http:\/\/www.polisrecreio.com.br\/site\/wp-content\/uploads\/2017\/02\/DSCF6514.jpg\" alt=\"DSCF6514\" width=\"750\" height=\"496\" srcset=\"https:\/\/www.polisrecreio.com.br\/site\/wp-content\/uploads\/2017\/02\/DSCF6514.jpg 750w, https:\/\/www.polisrecreio.com.br\/site\/wp-content\/uploads\/2017\/02\/DSCF6514-300x198.jpg 300w\" sizes=\"(max-width: 750px) 100vw, 750px\" \/><\/a><figcaption id=\"caption-attachment-4583\" class=\"wp-caption-text\">Prefeito, representante da empreiteira, presidente da C\u00e2mara, secret\u00e1rio e gestor de Conv\u00eanios.<\/figcaption><\/figure>\n<p style=\"text-align: justify;\">O conv\u00eanio entre Munic\u00edpio e Governo Federal, firmado durante a gest\u00e3o 2013\/2016, no valor de R$ 248.787,55 previa o cal\u00e7amento de duas ruas do bairro, Augusto Lacerda Machado e Cremilda Martins de Almeida, no per\u00edodo de 30 de junho a 29 de setembro de 2016, por\u00e9m, a empresa contratada atrav\u00e9s do processo de licita\u00e7\u00e3o n\u00ba 034\/2016 \u2013 tomada de pre\u00e7o n\u00ba 004\/2016, Construtora Irm\u00e3os Ltda., da cidade de S\u00e3o Jo\u00e3o do Manhua\u00e7u (MG), n\u00e3o concluiu os servi\u00e7os por atrasos na obra da rede de drenagem pluvial, na liga\u00e7\u00e3o das redes de esgotos das resid\u00eancias e no nivelamento da Rua Cremilda. Na Rua Augusto o cal\u00e7amento foi conclu\u00eddo em outubro.<\/p>\n<p style=\"text-align: justify;\">Na manh\u00e3 desta quinta-feira (23) o representante da empreiteira esteve com o prefeito, Z\u00e9 Maria Barros; o presidente da C\u00e2mara, Paulinho Pintor; o secret\u00e1rio de Desenvolvimento Urbano, Juarez Ara\u00fajo; e o gestor de Conv\u00eanios, Fabr\u00edcio Vieira; para analisar a situa\u00e7\u00e3o da via que resta pavimentar. Segundo o secret\u00e1rio Juarez, \u201cem mar\u00e7o o trecho estar\u00e1 nivelado para a Construtora iniciar o cal\u00e7amento\u201d. As demais pend\u00eancias j\u00e1 foram sanadas.<\/p>\n","protected":false},"excerpt":{"rendered":"<p>O cal\u00e7amento da Rua Cremilda Martins de Almeida, no bairro Planalto, que deveria estar pronto desde 29 de setembro, enfim, vai come\u00e7ar em mar\u00e7o. Os servi\u00e7os da empreiteira licitada em 2016 estavam paralisados por causa de pend\u00eancias na execu\u00e7\u00e3o de obras sob responsabilidade da Prefeitura de Recreio.<\/p>\n","protected":false},"author":3,"featured_media":4583,"comment_status":"open","ping_status":"open","sticky":false,"template":"","format":"standard","meta":[],"categories":[6],"tags":[],"yoast_head":"<!-- This site is optimized with the Yoast SEO plugin v15.6.2 - https:\/\/yoast.com\/wordpress\/plugins\/seo\/ -->\n<meta name=\"robots\" content=\"index, follow, max-snippet:-1, max-image-preview:large, max-video-preview:-1\" \/>\n<link rel=\"canonical\" href=\"http:\/\/www.polisrecreio.com.br\/site\/2017\/02\/23\/calcamento-no-planalto-que-deveria-estar-pronto-ha-6-meses-vai-comecar-em-marco-2\/\" \/>\n<meta property=\"og:locale\" content=\"pt_BR\" \/>\n<meta property=\"og:type\" content=\"article\" \/>\n<meta property=\"og:title\" content=\"Cal\u00e7amento no Planalto, que deveria estar pronto h\u00e1 6 meses, vai come\u00e7ar em mar\u00e7o - P\u00f3lis Recreio\" \/>\n<meta property=\"og:description\" content=\"O cal\u00e7amento da Rua Cremilda Martins de Almeida, no bairro Planalto, que deveria estar pronto desde 29 de setembro, enfim, vai come\u00e7ar em mar\u00e7o. Os servi\u00e7os da empreiteira licitada em 2016 estavam paralisados por causa de pend\u00eancias na execu\u00e7\u00e3o de obras sob responsabilidade da Prefeitura de Recreio.\" \/>\n<meta property=\"og:url\" content=\"http:\/\/www.polisrecreio.com.br\/site\/2017\/02\/23\/calcamento-no-planalto-que-deveria-estar-pronto-ha-6-meses-vai-comecar-em-marco-2\/\" \/>\n<meta property=\"og:site_name\" content=\"P\u00f3lis Recreio\" \/>\n<meta property=\"article:publisher\" content=\"https:\/\/www.facebook.com\/Site-P%c3%b3lis-Recreio-MG-181941708571019\/\" \/>\n<meta property=\"article:published_time\" content=\"2017-02-23T22:19:09+00:00\" \/>\n<meta property=\"article:modified_time\" content=\"2017-02-23T22:23:26+00:00\" \/>\n<meta property=\"og:image\" content=\"https:\/\/www.polisrecreio.com.br\/site\/wp-content\/uploads\/2017\/02\/DSCF6514.jpg\" \/>\n\t<meta property=\"og:image:width\" content=\"750\" \/>\n\t<meta property=\"og:image:height\" content=\"496\" \/>\n<meta name=\"twitter:card\" content=\"summary_large_image\" \/>\n<meta name=\"twitter:creator\" content=\"@PolisRecreio\" \/>\n<meta name=\"twitter:site\" content=\"@PolisRecreio\" \/>\n<meta name=\"twitter:label1\" content=\"Est. reading time\">\n\t<meta name=\"twitter:data1\" content=\"1 minuto\">\n<script type=\"application\/ld+json\" class=\"yoast-schema-graph\">{\"@context\":\"https:\/\/schema.org\",\"@graph\":[{\"@type\":\"WebSite\",\"@id\":\"https:\/\/www.polisrecreio.com.br\/site\/#website\",\"url\":\"https:\/\/www.polisrecreio.com.br\/site\/\",\"name\":\"P\\u00f3lis Recreio\",\"description\":\"\",\"potentialAction\":[{\"@type\":\"SearchAction\",\"target\":\"https:\/\/www.polisrecreio.com.br\/site\/?s={search_term_string}\",\"query-input\":\"required name=search_term_string\"}],\"inLanguage\":\"pt-BR\"},{\"@type\":\"ImageObject\",\"@id\":\"http:\/\/www.polisrecreio.com.br\/site\/2017\/02\/23\/calcamento-no-planalto-que-deveria-estar-pronto-ha-6-meses-vai-comecar-em-marco-2\/#primaryimage\",\"inLanguage\":\"pt-BR\",\"url\":\"https:\/\/www.polisrecreio.com.br\/site\/wp-content\/uploads\/2017\/02\/DSCF6514.jpg\",\"width\":750,\"height\":496},{\"@type\":\"WebPage\",\"@id\":\"http:\/\/www.polisrecreio.com.br\/site\/2017\/02\/23\/calcamento-no-planalto-que-deveria-estar-pronto-ha-6-meses-vai-comecar-em-marco-2\/#webpage\",\"url\":\"http:\/\/www.polisrecreio.com.br\/site\/2017\/02\/23\/calcamento-no-planalto-que-deveria-estar-pronto-ha-6-meses-vai-comecar-em-marco-2\/\",\"name\":\"Cal\\u00e7amento no Planalto, que deveria estar pronto h\\u00e1 6 meses, vai come\\u00e7ar em mar\\u00e7o - P\\u00f3lis Recreio\",\"isPartOf\":{\"@id\":\"https:\/\/www.polisrecreio.com.br\/site\/#website\"},\"primaryImageOfPage\":{\"@id\":\"http:\/\/www.polisrecreio.com.br\/site\/2017\/02\/23\/calcamento-no-planalto-que-deveria-estar-pronto-ha-6-meses-vai-comecar-em-marco-2\/#primaryimage\"},\"datePublished\":\"2017-02-23T22:19:09+00:00\",\"dateModified\":\"2017-02-23T22:23:26+00:00\",\"author\":{\"@id\":\"https:\/\/www.polisrecreio.com.br\/site\/#\/schema\/person\/3363c1c78e1e28e1329d97adb387638e\"},\"inLanguage\":\"pt-BR\",\"potentialAction\":[{\"@type\":\"ReadAction\",\"target\":[\"http:\/\/www.polisrecreio.com.br\/site\/2017\/02\/23\/calcamento-no-planalto-que-deveria-estar-pronto-ha-6-meses-vai-comecar-em-marco-2\/\"]}]},{\"@type\":\"Person\",\"@id\":\"https:\/\/www.polisrecreio.com.br\/site\/#\/schema\/person\/3363c1c78e1e28e1329d97adb387638e\",\"name\":\"Leonardo Ribeiro\",\"image\":{\"@type\":\"ImageObject\",\"@id\":\"https:\/\/www.polisrecreio.com.br\/site\/#personlogo\",\"inLanguage\":\"pt-BR\",\"url\":\"https:\/\/secure.gravatar.com\/avatar\/6ba92a37d621e1a83e23710251178a12?s=96&d=mm&r=g\",\"caption\":\"Leonardo Ribeiro\"},\"sameAs\":[\"http:\/\/www.polisrecreio.com.br\"]}]}<\/script>\n<!-- \/ Yoast SEO plugin. -->","_links":{"self":[{"href":"https:\/\/www.polisrecreio.com.br\/site\/wp-json\/wp\/v2\/posts\/4588"}],"collection":[{"href":"https:\/\/www.polisrecreio.com.br\/site\/wp-json\/wp\/v2\/posts"}],"about":[{"href":"https:\/\/www.polisrecreio.com.br\/site\/wp-json\/wp\/v2\/types\/post"}],"author":[{"embeddable":true,"href":"https:\/\/www.polisrecreio.com.br\/site\/wp-json\/wp\/v2\/users\/3"}],"replies":[{"embeddable":true,"href":"https:\/\/www.polisrecreio.com.br\/site\/wp-json\/wp\/v2\/comments?post=4588"}],"version-history":[{"count":2,"href":"https:\/\/www.polisrecreio.com.br\/site\/wp-json\/wp\/v2\/posts\/4588\/revisions"}],"predecessor-version":[{"id":4590,"href":"https:\/\/www.polisrecreio.com.br\/site\/wp-json\/wp\/v2\/posts\/4588\/revisions\/4590"}],"wp:featuredmedia":[{"embeddable":true,"href":"https:\/\/www.polisrecreio.com.br\/site\/wp-json\/wp\/v2\/media\/4583"}],"wp:attachment":[{"href":"https:\/\/www.polisrecreio.com.br\/site\/wp-json\/wp\/v2\/media?parent=4588"}],"wp:term":[{"taxonomy":"category","embeddable":true,"href":"https:\/\/www.polisrecreio.com.br\/site\/wp-json\/wp\/v2\/categories?post=4588"},{"taxonomy":"post_tag","embeddable":true,"href":"https:\/\/www.polisrecreio.com.br\/site\/wp-json\/wp\/v2\/tags?post=4588"}],"curies":[{"name":"wp","href":"https:\/\/api.w.org\/{rel}","templated":true}]}}