{"id":4591,"date":"2017-02-24T08:20:56","date_gmt":"2017-02-24T11:20:56","guid":{"rendered":"http:\/\/www.polisrecreio.com.br\/site\/?p=4591"},"modified":"2017-02-24T08:25:40","modified_gmt":"2017-02-24T11:25:40","slug":"secretario-de-recreio-e-eleito-membro-do-colegiado-estadual-de-assistencia-social","status":"publish","type":"post","link":"https:\/\/www.polisrecreio.com.br\/site\/2017\/02\/24\/secretario-de-recreio-e-eleito-membro-do-colegiado-estadual-de-assistencia-social\/","title":{"rendered":"Secret\u00e1rio de Recreio \u00e9 eleito membro do Colegiado Estadual de Assist\u00eancia Social"},"content":{"rendered":"<p style=\"text-align: justify;\">Essa semana aconteceu em Belo Horizonte a elei\u00e7\u00e3o para composi\u00e7\u00e3o do Colegiado dos Gestores Municipais da Assist\u00eancia Social do Estado de Minas Gerais e o secret\u00e1rio de Desenvolvimento Social de Recreio, Diego Pena, foi eleito membro do conselho fiscal. A entidade \u00e9 a representa\u00e7\u00e3o dos 853 munic\u00edpios mineiros no Estado e na Uni\u00e3o.<\/p>\n<p style=\"text-align: justify;\"><!--more--><\/p>\n<figure id=\"attachment_4592\" aria-describedby=\"caption-attachment-4592\" style=\"width: 750px\" class=\"wp-caption aligncenter\"><a href=\"http:\/\/www.polisrecreio.com.br\/site\/wp-content\/uploads\/2017\/02\/112.jpg\"><img loading=\"lazy\" class=\"size-full wp-image-4592\" src=\"http:\/\/www.polisrecreio.com.br\/site\/wp-content\/uploads\/2017\/02\/112.jpg\" alt=\"Diego Pena falando ao microfone.\" width=\"750\" height=\"422\" srcset=\"https:\/\/www.polisrecreio.com.br\/site\/wp-content\/uploads\/2017\/02\/112.jpg 750w, https:\/\/www.polisrecreio.com.br\/site\/wp-content\/uploads\/2017\/02\/112-300x169.jpg 300w\" sizes=\"(max-width: 750px) 100vw, 750px\" \/><\/a><figcaption id=\"caption-attachment-4592\" class=\"wp-caption-text\">Diego Pena falando ao microfone.<\/figcaption><\/figure>\n<p style=\"text-align: justify;\">O COGEMAS \u00e9 uma entidade civil, de direito privado, sem fins lucrativos, com autonomia administrativa e financeira. Ele \u00e9 o representa leg\u00edtimo do poder municipal. Al\u00e9m de favorecer a troca de informa\u00e7\u00f5es e articula\u00e7\u00e3o, o colegiado tamb\u00e9m d\u00e1 voz aos munic\u00edpios nas inst\u00e2ncias de articula\u00e7\u00e3o, pactua\u00e7\u00e3o e delibera\u00e7\u00e3o com o Governo Estadual e Federal.<\/p>\n<p style=\"text-align: justify;\">Confira a composi\u00e7\u00e3o da diretoria e do conselho fiscal do Colegiado para o bi\u00eanio 2017\/2018:<\/p>\n<p style=\"text-align: justify;\">Diretoria Executiva:<\/p>\n<p style=\"text-align: justify;\">Presidente \u2013 Jos\u00e9 Ferreira da Crus (Belo Horizonte)<\/p>\n<p style=\"text-align: justify;\">Vice-presidente \u2013 Ivone Pereira Castro Silva (Cordisburgo)<\/p>\n<p style=\"text-align: justify;\">1\u00ba secret\u00e1rio: Eliane Moreira Aguilar (Te\u00f3filo Otoni)<\/p>\n<p style=\"text-align: justify;\">2\u00ba secret\u00e1rio: Diego Soares Ferraz (Machacalis)<\/p>\n<p style=\"text-align: justify;\">1\u00ba tesoureiro: Gilberto Donizete Ribeiro (Passos)<\/p>\n<p style=\"text-align: justify;\">2\u00ba tesoureiro: Ana Am\u00e9lia de Melo Medeiros (Paracatu)<\/p>\n<p style=\"text-align: justify;\">Conselho Fiscal:<\/p>\n<p>Jos\u00e9 Darci dos Santos (Pitangui)<\/p>\n<p>Maria do Carmo Ferreira (Diamantina)<\/p>\n<p>Daiane Soares da Silva (Novo Oriente)<\/p>\n<p>Erly Souza Rocha (Ara\u00e7uai)<\/p>\n<p>Diego Pena (Recreio)<\/p>\n","protected":false},"excerpt":{"rendered":"<p>Essa semana aconteceu em Belo Horizonte a elei\u00e7\u00e3o para composi\u00e7\u00e3o do Colegiado dos Gestores Municipais da Assist\u00eancia Social do Estado de Minas Gerais e o secret\u00e1rio de Desenvolvimento Social de Recreio, Diego Pena, foi eleito membro do conselho fiscal. A entidade \u00e9 a representa\u00e7\u00e3o dos 853 munic\u00edpios mineiros no Estado e na Uni\u00e3o.<\/p>\n","protected":false},"author":3,"featured_media":4592,"comment_status":"open","ping_status":"open","sticky":false,"template":"","format":"standard","meta":[],"categories":[6],"tags":[],"yoast_head":"<!-- This site is optimized with the Yoast SEO plugin v15.6.2 - https:\/\/yoast.com\/wordpress\/plugins\/seo\/ -->\n<meta name=\"robots\" content=\"index, follow, max-snippet:-1, max-image-preview:large, max-video-preview:-1\" \/>\n<link rel=\"canonical\" href=\"http:\/\/www.polisrecreio.com.br\/site\/2017\/02\/24\/secretario-de-recreio-e-eleito-membro-do-colegiado-estadual-de-assistencia-social\/\" \/>\n<meta property=\"og:locale\" content=\"pt_BR\" \/>\n<meta property=\"og:type\" content=\"article\" \/>\n<meta property=\"og:title\" content=\"Secret\u00e1rio de Recreio \u00e9 eleito membro do Colegiado Estadual de Assist\u00eancia Social - P\u00f3lis Recreio\" \/>\n<meta property=\"og:description\" content=\"Essa semana aconteceu em Belo Horizonte a elei\u00e7\u00e3o para composi\u00e7\u00e3o do Colegiado dos Gestores Municipais da Assist\u00eancia Social do Estado de Minas Gerais e o secret\u00e1rio de Desenvolvimento Social de Recreio, Diego Pena, foi eleito membro do conselho fiscal. A entidade \u00e9 a representa\u00e7\u00e3o dos 853 munic\u00edpios mineiros no Estado e na Uni\u00e3o.\" \/>\n<meta property=\"og:url\" content=\"http:\/\/www.polisrecreio.com.br\/site\/2017\/02\/24\/secretario-de-recreio-e-eleito-membro-do-colegiado-estadual-de-assistencia-social\/\" \/>\n<meta property=\"og:site_name\" content=\"P\u00f3lis Recreio\" \/>\n<meta property=\"article:publisher\" content=\"https:\/\/www.facebook.com\/Site-P%c3%b3lis-Recreio-MG-181941708571019\/\" \/>\n<meta property=\"article:published_time\" content=\"2017-02-24T11:20:56+00:00\" \/>\n<meta property=\"article:modified_time\" content=\"2017-02-24T11:25:40+00:00\" \/>\n<meta property=\"og:image\" content=\"https:\/\/www.polisrecreio.com.br\/site\/wp-content\/uploads\/2017\/02\/112.jpg\" \/>\n\t<meta property=\"og:image:width\" content=\"750\" \/>\n\t<meta property=\"og:image:height\" content=\"422\" \/>\n<meta name=\"twitter:card\" content=\"summary_large_image\" \/>\n<meta name=\"twitter:creator\" content=\"@PolisRecreio\" \/>\n<meta name=\"twitter:site\" content=\"@PolisRecreio\" \/>\n<meta name=\"twitter:label1\" content=\"Est. reading time\">\n\t<meta name=\"twitter:data1\" content=\"1 minuto\">\n<script type=\"application\/ld+json\" class=\"yoast-schema-graph\">{\"@context\":\"https:\/\/schema.org\",\"@graph\":[{\"@type\":\"WebSite\",\"@id\":\"https:\/\/www.polisrecreio.com.br\/site\/#website\",\"url\":\"https:\/\/www.polisrecreio.com.br\/site\/\",\"name\":\"P\\u00f3lis Recreio\",\"description\":\"\",\"potentialAction\":[{\"@type\":\"SearchAction\",\"target\":\"https:\/\/www.polisrecreio.com.br\/site\/?s={search_term_string}\",\"query-input\":\"required name=search_term_string\"}],\"inLanguage\":\"pt-BR\"},{\"@type\":\"ImageObject\",\"@id\":\"http:\/\/www.polisrecreio.com.br\/site\/2017\/02\/24\/secretario-de-recreio-e-eleito-membro-do-colegiado-estadual-de-assistencia-social\/#primaryimage\",\"inLanguage\":\"pt-BR\",\"url\":\"https:\/\/www.polisrecreio.com.br\/site\/wp-content\/uploads\/2017\/02\/112.jpg\",\"width\":750,\"height\":422,\"caption\":\"Diego Pena falando ao microfone.\"},{\"@type\":\"WebPage\",\"@id\":\"http:\/\/www.polisrecreio.com.br\/site\/2017\/02\/24\/secretario-de-recreio-e-eleito-membro-do-colegiado-estadual-de-assistencia-social\/#webpage\",\"url\":\"http:\/\/www.polisrecreio.com.br\/site\/2017\/02\/24\/secretario-de-recreio-e-eleito-membro-do-colegiado-estadual-de-assistencia-social\/\",\"name\":\"Secret\\u00e1rio de Recreio \\u00e9 eleito membro do Colegiado Estadual de Assist\\u00eancia Social - P\\u00f3lis Recreio\",\"isPartOf\":{\"@id\":\"https:\/\/www.polisrecreio.com.br\/site\/#website\"},\"primaryImageOfPage\":{\"@id\":\"http:\/\/www.polisrecreio.com.br\/site\/2017\/02\/24\/secretario-de-recreio-e-eleito-membro-do-colegiado-estadual-de-assistencia-social\/#primaryimage\"},\"datePublished\":\"2017-02-24T11:20:56+00:00\",\"dateModified\":\"2017-02-24T11:25:40+00:00\",\"author\":{\"@id\":\"https:\/\/www.polisrecreio.com.br\/site\/#\/schema\/person\/3363c1c78e1e28e1329d97adb387638e\"},\"inLanguage\":\"pt-BR\",\"potentialAction\":[{\"@type\":\"ReadAction\",\"target\":[\"http:\/\/www.polisrecreio.com.br\/site\/2017\/02\/24\/secretario-de-recreio-e-eleito-membro-do-colegiado-estadual-de-assistencia-social\/\"]}]},{\"@type\":\"Person\",\"@id\":\"https:\/\/www.polisrecreio.com.br\/site\/#\/schema\/person\/3363c1c78e1e28e1329d97adb387638e\",\"name\":\"Leonardo Ribeiro\",\"image\":{\"@type\":\"ImageObject\",\"@id\":\"https:\/\/www.polisrecreio.com.br\/site\/#personlogo\",\"inLanguage\":\"pt-BR\",\"url\":\"https:\/\/secure.gravatar.com\/avatar\/6ba92a37d621e1a83e23710251178a12?s=96&d=mm&r=g\",\"caption\":\"Leonardo Ribeiro\"},\"sameAs\":[\"http:\/\/www.polisrecreio.com.br\"]}]}<\/script>\n<!-- \/ Yoast SEO plugin. -->","_links":{"self":[{"href":"https:\/\/www.polisrecreio.com.br\/site\/wp-json\/wp\/v2\/posts\/4591"}],"collection":[{"href":"https:\/\/www.polisrecreio.com.br\/site\/wp-json\/wp\/v2\/posts"}],"about":[{"href":"https:\/\/www.polisrecreio.com.br\/site\/wp-json\/wp\/v2\/types\/post"}],"author":[{"embeddable":true,"href":"https:\/\/www.polisrecreio.com.br\/site\/wp-json\/wp\/v2\/users\/3"}],"replies":[{"embeddable":true,"href":"https:\/\/www.polisrecreio.com.br\/site\/wp-json\/wp\/v2\/comments?post=4591"}],"version-history":[{"count":3,"href":"https:\/\/www.polisrecreio.com.br\/site\/wp-json\/wp\/v2\/posts\/4591\/revisions"}],"predecessor-version":[{"id":4595,"href":"https:\/\/www.polisrecreio.com.br\/site\/wp-json\/wp\/v2\/posts\/4591\/revisions\/4595"}],"wp:featuredmedia":[{"embeddable":true,"href":"https:\/\/www.polisrecreio.com.br\/site\/wp-json\/wp\/v2\/media\/4592"}],"wp:attachment":[{"href":"https:\/\/www.polisrecreio.com.br\/site\/wp-json\/wp\/v2\/media?parent=4591"}],"wp:term":[{"taxonomy":"category","embeddable":true,"href":"https:\/\/www.polisrecreio.com.br\/site\/wp-json\/wp\/v2\/categories?post=4591"},{"taxonomy":"post_tag","embeddable":true,"href":"https:\/\/www.polisrecreio.com.br\/site\/wp-json\/wp\/v2\/tags?post=4591"}],"curies":[{"name":"wp","href":"https:\/\/api.w.org\/{rel}","templated":true}]}}