{"id":4596,"date":"2017-02-24T11:41:17","date_gmt":"2017-02-24T14:41:17","guid":{"rendered":"http:\/\/www.polisrecreio.com.br\/site\/?p=4596"},"modified":"2017-02-24T11:51:16","modified_gmt":"2017-02-24T14:51:16","slug":"estrutura-do-carnaval-de-recreio-vai-sendo-concluida","status":"publish","type":"post","link":"https:\/\/www.polisrecreio.com.br\/site\/2017\/02\/24\/estrutura-do-carnaval-de-recreio-vai-sendo-concluida\/","title":{"rendered":"Estrutura do Carnaval de Recreio vai sendo conclu\u00edda"},"content":{"rendered":"<p style=\"text-align: justify;\">A montagem da estrutura do Carnaval de Recreio 2017 vai sendo conclu\u00edda nesta sexta-feira (24). A festa come\u00e7a oficialmente amanh\u00e3 (25) e vai at\u00e9 ter\u00e7a-feira (28). Ser\u00e3o 6 bandas no palco da Pra\u00e7a dos Ferrovi\u00e1rios, 13 blocos de rua espalhados por v\u00e1rios bairros, a manifesta\u00e7\u00e3o cultural do Mineiro-Pau e a tradicional escola de samba ERUS, est\u00e3o na programa\u00e7\u00e3o.<\/p>\n<p style=\"text-align: justify;\"><!--more--><\/p>\n<figure id=\"attachment_4597\" aria-describedby=\"caption-attachment-4597\" style=\"width: 750px\" class=\"wp-caption aligncenter\"><a href=\"http:\/\/www.polisrecreio.com.br\/site\/wp-content\/uploads\/2017\/02\/113.jpg\"><img loading=\"lazy\" class=\"wp-image-4597 size-full\" src=\"http:\/\/www.polisrecreio.com.br\/site\/wp-content\/uploads\/2017\/02\/113.jpg\" alt=\"1\" width=\"750\" height=\"563\" srcset=\"https:\/\/www.polisrecreio.com.br\/site\/wp-content\/uploads\/2017\/02\/113.jpg 750w, https:\/\/www.polisrecreio.com.br\/site\/wp-content\/uploads\/2017\/02\/113-300x225.jpg 300w\" sizes=\"(max-width: 750px) 100vw, 750px\" \/><\/a><figcaption id=\"caption-attachment-4597\" class=\"wp-caption-text\">Palco da Pra\u00e7a dos Ferrovi\u00e1rios.<\/figcaption><\/figure>\n<p style=\"text-align: justify;\">Nesta sexta-feira foram montadas as barracas que estar\u00e3o comercializando bebidas e comidas, os banheiros qu\u00edmicos, o palco de apresenta\u00e7\u00e3o das bandas, os holofotes de\u00a0ilumina\u00e7\u00e3o e os enfeites da avenida do samba recreiense.<\/p>\n<p style=\"text-align: justify;\">As bandas que estar\u00e3o no palco da Pra\u00e7a dos Ferrovi\u00e1rios ser\u00e3o: Suado Pancad\u00e3o, Chapas do Brasil, Laura Limma, Sambaxada, Dayanne Winits e A Positivo.<\/p>\n<figure id=\"attachment_4598\" aria-describedby=\"caption-attachment-4598\" style=\"width: 750px\" class=\"wp-caption aligncenter\"><a href=\"http:\/\/www.polisrecreio.com.br\/site\/wp-content\/uploads\/2017\/02\/28.jpg\"><img loading=\"lazy\" class=\"wp-image-4598 size-full\" src=\"http:\/\/www.polisrecreio.com.br\/site\/wp-content\/uploads\/2017\/02\/28.jpg\" alt=\"2\" width=\"750\" height=\"563\" srcset=\"https:\/\/www.polisrecreio.com.br\/site\/wp-content\/uploads\/2017\/02\/28.jpg 750w, https:\/\/www.polisrecreio.com.br\/site\/wp-content\/uploads\/2017\/02\/28-300x225.jpg 300w\" sizes=\"(max-width: 750px) 100vw, 750px\" \/><\/a><figcaption id=\"caption-attachment-4598\" class=\"wp-caption-text\">Montagem de enfeites.<\/figcaption><\/figure>\n<p style=\"text-align: justify;\"><strong>Confira a programa\u00e7\u00e3o dos blocos<\/strong><\/p>\n<p style=\"text-align: justify;\"><strong>S\u00e1bado \u2013 25\/02<\/strong><\/p>\n<p style=\"text-align: justify;\">Bloco Esta\u00e7\u00e3o Deguste Kids \u2013 Rua Teixeira da Silva \u2013 18h;<\/p>\n<p style=\"text-align: justify;\">Bloco do Bem \u2013 Social Country Clube \u2013 22h;<\/p>\n<p style=\"text-align: justify;\">Bloco do IEY \u2013 Lions Clube \u2013 22h.<\/p>\n<p><strong>Domingo \u2013 26\/02<\/strong><\/p>\n<p style=\"text-align: justify;\">Bloco Papelzinho Higi\u00eanico \u2013 Rua Teixeira da Silva \u2013 18h;<\/p>\n<p style=\"text-align: justify;\">Bloco Preocupados de Souza \u201cPapel Higi\u00eanico\u201d \u2013 19h;<\/p>\n<p style=\"text-align: justify;\">Bloco Turma do Funil \u2013 Haras do Juarez \u2013 20h;<\/p>\n<p style=\"text-align: justify;\">Bloco Amigos do Alto \u2013 Alto do Asilo \u2013 21h;<\/p>\n<p style=\"text-align: justify;\">Bloco do Mandioca \u2013 Mandioca \u2013 22:30h;<\/p>\n<p style=\"text-align: justify;\">Escola de samba ERUS \u2013 Pra\u00e7a dos Ferrovi\u00e1rios \u2013 23h.<\/p>\n<p style=\"text-align: justify;\"><strong>Segunda-feira \u2013 27\/02<\/strong><\/p>\n<p style=\"text-align: justify;\">Grupo folcl\u00f3rico Mineiro-Pau \u2013 Pra\u00e7a Oleg\u00e1rio Maciel \u2013 22h;<\/p>\n<p style=\"text-align: justify;\">Bloco das Piranhas \u2013 Bar do Luta \u2013 22:30h;<\/p>\n<p style=\"text-align: justify;\">Bloco Ratos da Pra\u00e7a \u2013 Bar do Jovane \u2013 0:30h.<\/p>\n<p style=\"text-align: justify;\"><strong>Ter\u00e7a-feira \u2013 28\/02<\/strong><\/p>\n<p style=\"text-align: justify;\">Bloco Caminhada Alcool\u00f3gica \u2013 Bar do Jovane \u2013 20h;<\/p>\n<p style=\"text-align: justify;\">Bloco Fla-Folia \u2013 Seu Bar \u2013 21h;<\/p>\n<p style=\"text-align: justify;\">Bloco \u00c1guia de Ouro \u2013 Rodovi\u00e1ria \u2013 22h;<\/p>\n<p style=\"text-align: justify;\">Escola de samba ERUS \u2013 Pra\u00e7a dos Ferrovi\u00e1rios \u2013 23h.<\/p>\n<p><strong>ERUS e blocos receberam repasse da Prefeitura<\/strong><\/p>\n<p style=\"text-align: justify;\">A Prefeitura Municipal concedeu repasse financeiro aos blocos, legalmente registrados, e que solicitaram o recurso a quantia de R$ 300. J\u00e1 a escola de samba ERUS a subven\u00e7\u00e3o de R$ 2 mil. Os valores repassados foram autorizados pela C\u00e2mara Municipal na \u00faltima quarta-feira (22) e o prefeito Z\u00e9 Maria Barros transferiu os recursos nesta quinta-feira e sexta-feira.<\/p>\n<figure id=\"attachment_4600\" aria-describedby=\"caption-attachment-4600\" style=\"width: 750px\" class=\"wp-caption aligncenter\"><a href=\"http:\/\/www.polisrecreio.com.br\/site\/wp-content\/uploads\/2017\/02\/IMG-20170223-WA0010.jpg\"><img loading=\"lazy\" class=\"size-full wp-image-4600\" src=\"http:\/\/www.polisrecreio.com.br\/site\/wp-content\/uploads\/2017\/02\/IMG-20170223-WA0010.jpg\" alt=\"Elza Helena, da ERUS, e o prefeito, Z\u00e9 Maria Barros.\" width=\"750\" height=\"679\" srcset=\"https:\/\/www.polisrecreio.com.br\/site\/wp-content\/uploads\/2017\/02\/IMG-20170223-WA0010.jpg 750w, https:\/\/www.polisrecreio.com.br\/site\/wp-content\/uploads\/2017\/02\/IMG-20170223-WA0010-300x272.jpg 300w\" sizes=\"(max-width: 750px) 100vw, 750px\" \/><\/a><figcaption id=\"caption-attachment-4600\" class=\"wp-caption-text\">Elza Helena, da ERUS, e o prefeito, Z\u00e9 Maria Barros.<\/figcaption><\/figure>\n<figure id=\"attachment_4599\" aria-describedby=\"caption-attachment-4599\" style=\"width: 750px\" class=\"wp-caption aligncenter\"><a href=\"http:\/\/www.polisrecreio.com.br\/site\/wp-content\/uploads\/2017\/02\/IMG-20170223-WA0009.jpg\"><img loading=\"lazy\" class=\"wp-image-4599 size-full\" src=\"http:\/\/www.polisrecreio.com.br\/site\/wp-content\/uploads\/2017\/02\/IMG-20170223-WA0009.jpg\" alt=\"IMG-20170223-WA0009\" width=\"750\" height=\"642\" srcset=\"https:\/\/www.polisrecreio.com.br\/site\/wp-content\/uploads\/2017\/02\/IMG-20170223-WA0009.jpg 750w, https:\/\/www.polisrecreio.com.br\/site\/wp-content\/uploads\/2017\/02\/IMG-20170223-WA0009-300x257.jpg 300w\" sizes=\"(max-width: 750px) 100vw, 750px\" \/><\/a><figcaption id=\"caption-attachment-4599\" class=\"wp-caption-text\">Dindin, do bloco do IEY, e o prefeito, Z\u00e9 Maria Barros.<\/figcaption><\/figure>\n<p><strong>Hoje j\u00e1 tem blocos<\/strong><\/p>\n<p style=\"text-align: justify;\">Nesta sexta-feira, apesar de n\u00e3o ser oficialmente o in\u00edcio do Carnaval, dois blocos estar\u00e3o movimentando os foli\u00f5es. No Centro, no Churrasquinho\u00a0do Serj\u00e3o, tem a estreia do Bloco &#8220;Era sol o que faltava&#8221;, com concentra\u00e7\u00e3o a partir das 20h. No Seu Bar tem o bloco &#8220;X\u00f4 Mosquito&#8221;, organizado pela Secretaria Municipal de Sa\u00fade e a Vigil\u00e2ncia Epidemiol\u00f3gica, a partir das 18h.<\/p>\n","protected":false},"excerpt":{"rendered":"<p>A montagem da estrutura do Carnaval de Recreio 2017 vai sendo conclu\u00edda nesta sexta-feira (24). A festa come\u00e7a oficialmente amanh\u00e3 (25) e vai at\u00e9 ter\u00e7a-feira (28). Ser\u00e3o 6 bandas no palco da Pra\u00e7a dos Ferrovi\u00e1rios, 13 blocos de rua espalhados por v\u00e1rios bairros, a manifesta\u00e7\u00e3o cultural do Mineiro-Pau e a tradicional escola de samba ERUS, [&hellip;]<\/p>\n","protected":false},"author":3,"featured_media":4597,"comment_status":"open","ping_status":"open","sticky":false,"template":"","format":"standard","meta":[],"categories":[2],"tags":[],"yoast_head":"<!-- This site is optimized with the Yoast SEO plugin v15.6.2 - https:\/\/yoast.com\/wordpress\/plugins\/seo\/ -->\n<meta name=\"robots\" content=\"index, follow, max-snippet:-1, max-image-preview:large, max-video-preview:-1\" \/>\n<link rel=\"canonical\" href=\"https:\/\/www.polisrecreio.com.br\/site\/2017\/02\/24\/estrutura-do-carnaval-de-recreio-vai-sendo-concluida\/\" \/>\n<meta property=\"og:locale\" content=\"pt_BR\" \/>\n<meta property=\"og:type\" content=\"article\" \/>\n<meta property=\"og:title\" content=\"Estrutura do Carnaval de Recreio vai sendo conclu\u00edda - P\u00f3lis Recreio\" \/>\n<meta property=\"og:description\" content=\"A montagem da estrutura do Carnaval de Recreio 2017 vai sendo conclu\u00edda nesta sexta-feira (24). A festa come\u00e7a oficialmente amanh\u00e3 (25) e vai at\u00e9 ter\u00e7a-feira (28). Ser\u00e3o 6 bandas no palco da Pra\u00e7a dos Ferrovi\u00e1rios, 13 blocos de rua espalhados por v\u00e1rios bairros, a manifesta\u00e7\u00e3o cultural do Mineiro-Pau e a tradicional escola de samba ERUS, [&hellip;]\" \/>\n<meta property=\"og:url\" content=\"https:\/\/www.polisrecreio.com.br\/site\/2017\/02\/24\/estrutura-do-carnaval-de-recreio-vai-sendo-concluida\/\" \/>\n<meta property=\"og:site_name\" content=\"P\u00f3lis Recreio\" \/>\n<meta property=\"article:publisher\" content=\"https:\/\/www.facebook.com\/Site-P%c3%b3lis-Recreio-MG-181941708571019\/\" \/>\n<meta property=\"article:published_time\" content=\"2017-02-24T14:41:17+00:00\" \/>\n<meta property=\"article:modified_time\" content=\"2017-02-24T14:51:16+00:00\" \/>\n<meta property=\"og:image\" content=\"https:\/\/www.polisrecreio.com.br\/site\/wp-content\/uploads\/2017\/02\/113.jpg\" \/>\n\t<meta property=\"og:image:width\" content=\"750\" \/>\n\t<meta property=\"og:image:height\" content=\"563\" \/>\n<meta name=\"twitter:card\" content=\"summary_large_image\" \/>\n<meta name=\"twitter:creator\" content=\"@PolisRecreio\" \/>\n<meta name=\"twitter:site\" content=\"@PolisRecreio\" \/>\n<meta name=\"twitter:label1\" content=\"Est. reading time\">\n\t<meta name=\"twitter:data1\" content=\"2 minutos\">\n<script type=\"application\/ld+json\" class=\"yoast-schema-graph\">{\"@context\":\"https:\/\/schema.org\",\"@graph\":[{\"@type\":\"WebSite\",\"@id\":\"https:\/\/www.polisrecreio.com.br\/site\/#website\",\"url\":\"https:\/\/www.polisrecreio.com.br\/site\/\",\"name\":\"P\\u00f3lis Recreio\",\"description\":\"\",\"potentialAction\":[{\"@type\":\"SearchAction\",\"target\":\"https:\/\/www.polisrecreio.com.br\/site\/?s={search_term_string}\",\"query-input\":\"required name=search_term_string\"}],\"inLanguage\":\"pt-BR\"},{\"@type\":\"ImageObject\",\"@id\":\"https:\/\/www.polisrecreio.com.br\/site\/2017\/02\/24\/estrutura-do-carnaval-de-recreio-vai-sendo-concluida\/#primaryimage\",\"inLanguage\":\"pt-BR\",\"url\":\"https:\/\/www.polisrecreio.com.br\/site\/wp-content\/uploads\/2017\/02\/113.jpg\",\"width\":750,\"height\":563},{\"@type\":\"WebPage\",\"@id\":\"https:\/\/www.polisrecreio.com.br\/site\/2017\/02\/24\/estrutura-do-carnaval-de-recreio-vai-sendo-concluida\/#webpage\",\"url\":\"https:\/\/www.polisrecreio.com.br\/site\/2017\/02\/24\/estrutura-do-carnaval-de-recreio-vai-sendo-concluida\/\",\"name\":\"Estrutura do Carnaval de Recreio vai sendo conclu\\u00edda - P\\u00f3lis Recreio\",\"isPartOf\":{\"@id\":\"https:\/\/www.polisrecreio.com.br\/site\/#website\"},\"primaryImageOfPage\":{\"@id\":\"https:\/\/www.polisrecreio.com.br\/site\/2017\/02\/24\/estrutura-do-carnaval-de-recreio-vai-sendo-concluida\/#primaryimage\"},\"datePublished\":\"2017-02-24T14:41:17+00:00\",\"dateModified\":\"2017-02-24T14:51:16+00:00\",\"author\":{\"@id\":\"https:\/\/www.polisrecreio.com.br\/site\/#\/schema\/person\/3363c1c78e1e28e1329d97adb387638e\"},\"inLanguage\":\"pt-BR\",\"potentialAction\":[{\"@type\":\"ReadAction\",\"target\":[\"https:\/\/www.polisrecreio.com.br\/site\/2017\/02\/24\/estrutura-do-carnaval-de-recreio-vai-sendo-concluida\/\"]}]},{\"@type\":\"Person\",\"@id\":\"https:\/\/www.polisrecreio.com.br\/site\/#\/schema\/person\/3363c1c78e1e28e1329d97adb387638e\",\"name\":\"Leonardo Ribeiro\",\"image\":{\"@type\":\"ImageObject\",\"@id\":\"https:\/\/www.polisrecreio.com.br\/site\/#personlogo\",\"inLanguage\":\"pt-BR\",\"url\":\"https:\/\/secure.gravatar.com\/avatar\/6ba92a37d621e1a83e23710251178a12?s=96&d=mm&r=g\",\"caption\":\"Leonardo Ribeiro\"},\"sameAs\":[\"http:\/\/www.polisrecreio.com.br\"]}]}<\/script>\n<!-- \/ Yoast SEO plugin. -->","_links":{"self":[{"href":"https:\/\/www.polisrecreio.com.br\/site\/wp-json\/wp\/v2\/posts\/4596"}],"collection":[{"href":"https:\/\/www.polisrecreio.com.br\/site\/wp-json\/wp\/v2\/posts"}],"about":[{"href":"https:\/\/www.polisrecreio.com.br\/site\/wp-json\/wp\/v2\/types\/post"}],"author":[{"embeddable":true,"href":"https:\/\/www.polisrecreio.com.br\/site\/wp-json\/wp\/v2\/users\/3"}],"replies":[{"embeddable":true,"href":"https:\/\/www.polisrecreio.com.br\/site\/wp-json\/wp\/v2\/comments?post=4596"}],"version-history":[{"count":5,"href":"https:\/\/www.polisrecreio.com.br\/site\/wp-json\/wp\/v2\/posts\/4596\/revisions"}],"predecessor-version":[{"id":4605,"href":"https:\/\/www.polisrecreio.com.br\/site\/wp-json\/wp\/v2\/posts\/4596\/revisions\/4605"}],"wp:featuredmedia":[{"embeddable":true,"href":"https:\/\/www.polisrecreio.com.br\/site\/wp-json\/wp\/v2\/media\/4597"}],"wp:attachment":[{"href":"https:\/\/www.polisrecreio.com.br\/site\/wp-json\/wp\/v2\/media?parent=4596"}],"wp:term":[{"taxonomy":"category","embeddable":true,"href":"https:\/\/www.polisrecreio.com.br\/site\/wp-json\/wp\/v2\/categories?post=4596"},{"taxonomy":"post_tag","embeddable":true,"href":"https:\/\/www.polisrecreio.com.br\/site\/wp-json\/wp\/v2\/tags?post=4596"}],"curies":[{"name":"wp","href":"https:\/\/api.w.org\/{rel}","templated":true}]}}