{"id":4606,"date":"2017-02-25T12:26:57","date_gmt":"2017-02-25T15:26:57","guid":{"rendered":"http:\/\/www.polisrecreio.com.br\/site\/?p=4606"},"modified":"2017-02-25T12:28:51","modified_gmt":"2017-02-25T15:28:51","slug":"caixa-eletronico-da-prefeitura-esta-disponivel-ate-as-16h-deste-sabado","status":"publish","type":"post","link":"https:\/\/www.polisrecreio.com.br\/site\/2017\/02\/25\/caixa-eletronico-da-prefeitura-esta-disponivel-ate-as-16h-deste-sabado\/","title":{"rendered":"Caixa eletr\u00f4nico da Prefeitura est\u00e1 dispon\u00edvel at\u00e9 as 16h deste s\u00e1bado"},"content":{"rendered":"<p style=\"text-align: justify;\">Neste s\u00e1bado (25) de Carnaval o prefeito de Recreio, Z\u00e9 Maria Barros, colocou \u00e0 disposi\u00e7\u00e3o dos turistas e da popula\u00e7\u00e3o em geral o caixa eletr\u00f4nico da Caixa Econ\u00f4mica Federal, localizado na \u00e1rea interna da Prefeitura Municipal, para saques at\u00e9 as 16h ou enquanto durar o recurso.<\/p>\n<p style=\"text-align: justify;\"><!--more--><\/p>\n<p style=\"text-align: justify;\"><a href=\"http:\/\/www.polisrecreio.com.br\/site\/wp-content\/uploads\/2017\/02\/Sem-t\u00edtulo-12.jpg\"><img loading=\"lazy\" class=\"aligncenter size-full wp-image-4607\" src=\"http:\/\/www.polisrecreio.com.br\/site\/wp-content\/uploads\/2017\/02\/Sem-t\u00edtulo-12.jpg\" alt=\"Sem t\u00edtulo-1\" width=\"750\" height=\"562\" srcset=\"https:\/\/www.polisrecreio.com.br\/site\/wp-content\/uploads\/2017\/02\/Sem-t\u00edtulo-12.jpg 750w, https:\/\/www.polisrecreio.com.br\/site\/wp-content\/uploads\/2017\/02\/Sem-t\u00edtulo-12-300x225.jpg 300w\" sizes=\"(max-width: 750px) 100vw, 750px\" \/><\/a><\/p>\n<p style=\"text-align: justify;\">Segundo o prefeito, \u201cneste per\u00edodo festivo a cidade recebe muitos visitantes e a Casa Lot\u00e9rica encerra o expediente \u00e0s 12h. A nossa ideia \u00e9 dar praticidade aos turistas e aos recreienses, evitando assim, que tenham que se deslocar at\u00e9 cidades vizinhas para sacar dinheiro. Esperamos tamb\u00e9m aquecer o nosso com\u00e9rcio\u201d, concluiu.<\/p>\n<p style=\"text-align: justify;\">O movimento no caixa da Prefeitura estar\u00e1 sendo monitorado por um funcion\u00e1rio.<\/p>\n","protected":false},"excerpt":{"rendered":"<p>Neste s\u00e1bado (25) de Carnaval o prefeito de Recreio, Z\u00e9 Maria Barros, colocou \u00e0 disposi\u00e7\u00e3o dos turistas e da popula\u00e7\u00e3o em geral o caixa eletr\u00f4nico da Caixa Econ\u00f4mica Federal, localizado na \u00e1rea interna da Prefeitura Municipal, para saques at\u00e9 as 16h ou enquanto durar o recurso.<\/p>\n","protected":false},"author":3,"featured_media":4607,"comment_status":"open","ping_status":"open","sticky":false,"template":"","format":"standard","meta":[],"categories":[6],"tags":[],"yoast_head":"<!-- This site is optimized with the Yoast SEO plugin v15.6.2 - https:\/\/yoast.com\/wordpress\/plugins\/seo\/ -->\n<meta name=\"robots\" content=\"index, follow, max-snippet:-1, max-image-preview:large, max-video-preview:-1\" \/>\n<link rel=\"canonical\" href=\"http:\/\/www.polisrecreio.com.br\/site\/2017\/02\/25\/caixa-eletronico-da-prefeitura-esta-disponivel-ate-as-16h-deste-sabado\/\" \/>\n<meta property=\"og:locale\" content=\"pt_BR\" \/>\n<meta property=\"og:type\" content=\"article\" \/>\n<meta property=\"og:title\" content=\"Caixa eletr\u00f4nico da Prefeitura est\u00e1 dispon\u00edvel at\u00e9 as 16h deste s\u00e1bado - P\u00f3lis Recreio\" \/>\n<meta property=\"og:description\" content=\"Neste s\u00e1bado (25) de Carnaval o prefeito de Recreio, Z\u00e9 Maria Barros, colocou \u00e0 disposi\u00e7\u00e3o dos turistas e da popula\u00e7\u00e3o em geral o caixa eletr\u00f4nico da Caixa Econ\u00f4mica Federal, localizado na \u00e1rea interna da Prefeitura Municipal, para saques at\u00e9 as 16h ou enquanto durar o recurso.\" \/>\n<meta property=\"og:url\" content=\"http:\/\/www.polisrecreio.com.br\/site\/2017\/02\/25\/caixa-eletronico-da-prefeitura-esta-disponivel-ate-as-16h-deste-sabado\/\" \/>\n<meta property=\"og:site_name\" content=\"P\u00f3lis Recreio\" \/>\n<meta property=\"article:publisher\" content=\"https:\/\/www.facebook.com\/Site-P%c3%b3lis-Recreio-MG-181941708571019\/\" \/>\n<meta property=\"article:published_time\" content=\"2017-02-25T15:26:57+00:00\" \/>\n<meta property=\"article:modified_time\" content=\"2017-02-25T15:28:51+00:00\" \/>\n<meta property=\"og:image\" content=\"https:\/\/www.polisrecreio.com.br\/site\/wp-content\/uploads\/2017\/02\/Sem-t\u00edtulo-12.jpg\" \/>\n\t<meta property=\"og:image:width\" content=\"750\" \/>\n\t<meta property=\"og:image:height\" content=\"562\" \/>\n<meta name=\"twitter:card\" content=\"summary_large_image\" \/>\n<meta name=\"twitter:creator\" content=\"@PolisRecreio\" \/>\n<meta name=\"twitter:site\" content=\"@PolisRecreio\" \/>\n<meta name=\"twitter:label1\" content=\"Est. reading time\">\n\t<meta name=\"twitter:data1\" content=\"1 minuto\">\n<script type=\"application\/ld+json\" class=\"yoast-schema-graph\">{\"@context\":\"https:\/\/schema.org\",\"@graph\":[{\"@type\":\"WebSite\",\"@id\":\"https:\/\/www.polisrecreio.com.br\/site\/#website\",\"url\":\"https:\/\/www.polisrecreio.com.br\/site\/\",\"name\":\"P\\u00f3lis Recreio\",\"description\":\"\",\"potentialAction\":[{\"@type\":\"SearchAction\",\"target\":\"https:\/\/www.polisrecreio.com.br\/site\/?s={search_term_string}\",\"query-input\":\"required name=search_term_string\"}],\"inLanguage\":\"pt-BR\"},{\"@type\":\"ImageObject\",\"@id\":\"http:\/\/www.polisrecreio.com.br\/site\/2017\/02\/25\/caixa-eletronico-da-prefeitura-esta-disponivel-ate-as-16h-deste-sabado\/#primaryimage\",\"inLanguage\":\"pt-BR\",\"url\":\"https:\/\/www.polisrecreio.com.br\/site\/wp-content\/uploads\/2017\/02\/Sem-t\\u00edtulo-12.jpg\",\"width\":750,\"height\":562},{\"@type\":\"WebPage\",\"@id\":\"http:\/\/www.polisrecreio.com.br\/site\/2017\/02\/25\/caixa-eletronico-da-prefeitura-esta-disponivel-ate-as-16h-deste-sabado\/#webpage\",\"url\":\"http:\/\/www.polisrecreio.com.br\/site\/2017\/02\/25\/caixa-eletronico-da-prefeitura-esta-disponivel-ate-as-16h-deste-sabado\/\",\"name\":\"Caixa eletr\\u00f4nico da Prefeitura est\\u00e1 dispon\\u00edvel at\\u00e9 as 16h deste s\\u00e1bado - P\\u00f3lis Recreio\",\"isPartOf\":{\"@id\":\"https:\/\/www.polisrecreio.com.br\/site\/#website\"},\"primaryImageOfPage\":{\"@id\":\"http:\/\/www.polisrecreio.com.br\/site\/2017\/02\/25\/caixa-eletronico-da-prefeitura-esta-disponivel-ate-as-16h-deste-sabado\/#primaryimage\"},\"datePublished\":\"2017-02-25T15:26:57+00:00\",\"dateModified\":\"2017-02-25T15:28:51+00:00\",\"author\":{\"@id\":\"https:\/\/www.polisrecreio.com.br\/site\/#\/schema\/person\/3363c1c78e1e28e1329d97adb387638e\"},\"inLanguage\":\"pt-BR\",\"potentialAction\":[{\"@type\":\"ReadAction\",\"target\":[\"http:\/\/www.polisrecreio.com.br\/site\/2017\/02\/25\/caixa-eletronico-da-prefeitura-esta-disponivel-ate-as-16h-deste-sabado\/\"]}]},{\"@type\":\"Person\",\"@id\":\"https:\/\/www.polisrecreio.com.br\/site\/#\/schema\/person\/3363c1c78e1e28e1329d97adb387638e\",\"name\":\"Leonardo Ribeiro\",\"image\":{\"@type\":\"ImageObject\",\"@id\":\"https:\/\/www.polisrecreio.com.br\/site\/#personlogo\",\"inLanguage\":\"pt-BR\",\"url\":\"https:\/\/secure.gravatar.com\/avatar\/6ba92a37d621e1a83e23710251178a12?s=96&d=mm&r=g\",\"caption\":\"Leonardo Ribeiro\"},\"sameAs\":[\"http:\/\/www.polisrecreio.com.br\"]}]}<\/script>\n<!-- \/ Yoast SEO plugin. -->","_links":{"self":[{"href":"https:\/\/www.polisrecreio.com.br\/site\/wp-json\/wp\/v2\/posts\/4606"}],"collection":[{"href":"https:\/\/www.polisrecreio.com.br\/site\/wp-json\/wp\/v2\/posts"}],"about":[{"href":"https:\/\/www.polisrecreio.com.br\/site\/wp-json\/wp\/v2\/types\/post"}],"author":[{"embeddable":true,"href":"https:\/\/www.polisrecreio.com.br\/site\/wp-json\/wp\/v2\/users\/3"}],"replies":[{"embeddable":true,"href":"https:\/\/www.polisrecreio.com.br\/site\/wp-json\/wp\/v2\/comments?post=4606"}],"version-history":[{"count":3,"href":"https:\/\/www.polisrecreio.com.br\/site\/wp-json\/wp\/v2\/posts\/4606\/revisions"}],"predecessor-version":[{"id":4610,"href":"https:\/\/www.polisrecreio.com.br\/site\/wp-json\/wp\/v2\/posts\/4606\/revisions\/4610"}],"wp:featuredmedia":[{"embeddable":true,"href":"https:\/\/www.polisrecreio.com.br\/site\/wp-json\/wp\/v2\/media\/4607"}],"wp:attachment":[{"href":"https:\/\/www.polisrecreio.com.br\/site\/wp-json\/wp\/v2\/media?parent=4606"}],"wp:term":[{"taxonomy":"category","embeddable":true,"href":"https:\/\/www.polisrecreio.com.br\/site\/wp-json\/wp\/v2\/categories?post=4606"},{"taxonomy":"post_tag","embeddable":true,"href":"https:\/\/www.polisrecreio.com.br\/site\/wp-json\/wp\/v2\/tags?post=4606"}],"curies":[{"name":"wp","href":"https:\/\/api.w.org\/{rel}","templated":true}]}}