{"id":4611,"date":"2017-02-25T19:56:22","date_gmt":"2017-02-25T22:56:22","guid":{"rendered":"http:\/\/www.polisrecreio.com.br\/site\/?p=4611"},"modified":"2017-02-25T19:56:22","modified_gmt":"2017-02-25T22:56:22","slug":"pm-apresenta-dicas-para-um-carnaval-seguro","status":"publish","type":"post","link":"https:\/\/www.polisrecreio.com.br\/site\/2017\/02\/25\/pm-apresenta-dicas-para-um-carnaval-seguro\/","title":{"rendered":"PM apresenta dicas para um Carnaval seguro"},"content":{"rendered":"<p style=\"text-align: justify;\">A Pol\u00edcia Militar de Minas Gerais, atrav\u00e9s do sargento Marcus Vin\u00edcius Geraldo do destacamento de Recreio, apresentou algumas dicas para tornar o Carnaval em Recreio mais seguro.<\/p>\n<p style=\"text-align: justify;\"><!--more--><\/p>\n<figure id=\"attachment_4612\" aria-describedby=\"caption-attachment-4612\" style=\"width: 750px\" class=\"wp-caption aligncenter\"><a href=\"http:\/\/www.polisrecreio.com.br\/site\/wp-content\/uploads\/2017\/02\/PM-APREENSAO-DE-ARMA-E-MUNI\u00c7\u00d5ES-SARGENTO-VINICIUS-O-VIGILANTE-ONLINE.jpg\"><img loading=\"lazy\" class=\"size-full wp-image-4612\" src=\"http:\/\/www.polisrecreio.com.br\/site\/wp-content\/uploads\/2017\/02\/PM-APREENSAO-DE-ARMA-E-MUNI\u00c7\u00d5ES-SARGENTO-VINICIUS-O-VIGILANTE-ONLINE.jpg\" alt=\"Sargento da PM, Marcus Vin\u00edcius Geraldo.\" width=\"750\" height=\"429\" srcset=\"https:\/\/www.polisrecreio.com.br\/site\/wp-content\/uploads\/2017\/02\/PM-APREENSAO-DE-ARMA-E-MUNI\u00c7\u00d5ES-SARGENTO-VINICIUS-O-VIGILANTE-ONLINE.jpg 750w, https:\/\/www.polisrecreio.com.br\/site\/wp-content\/uploads\/2017\/02\/PM-APREENSAO-DE-ARMA-E-MUNI\u00c7\u00d5ES-SARGENTO-VINICIUS-O-VIGILANTE-ONLINE-300x172.jpg 300w\" sizes=\"(max-width: 750px) 100vw, 750px\" \/><\/a><figcaption id=\"caption-attachment-4612\" class=\"wp-caption-text\">Sargento da PM, Marcus Vin\u00edcius Geraldo.<\/figcaption><\/figure>\n<p style=\"text-align: justify;\">Segundo o sargento, \u201cem todo Estado de Minas Gerais est\u00e3o sendo repassadas orienta\u00e7\u00f5es com objetivo de auxiliar a seguran\u00e7a do foli\u00e3o\u201d. Veja abaixo.<\/p>\n<p style=\"text-align: justify;\">Sua casa estar\u00e1 mais segura se voc\u00ea:<\/p>\n<ul>\n<li>Trancar portas, janelas e port\u00f5es;<\/li>\n<li>Se viajar para outra cidade solicitar ao vizinho que recolha correspond\u00eancias e acione a PM quando ele observar pessoas suspeitas;<\/li>\n<li>Montar uma rede de vigil\u00e2ncia com seus vizinhos;<\/li>\n<\/ul>\n<p>Seu ve\u00edculo est\u00e1 mais protegido se voc\u00ea:<\/p>\n<ul>\n<li>Estacionar em locais iluminados e movimentados;<\/li>\n<li style=\"text-align: justify;\">Manter os vidros fechados, portas travadas e alarme acionado;<\/li>\n<li style=\"text-align: justify;\">N\u00e3o dar a desconhecidos;<\/li>\n<li style=\"text-align: justify;\">N\u00e3o deixar objetos vis\u00edveis;<\/li>\n<\/ul>\n<p style=\"text-align: justify;\">Voc\u00ea estar\u00e1 mais seguro se:<\/p>\n<ul>\n<li style=\"text-align: justify;\">Evitar brigas e confus\u00f5es;<\/li>\n<li style=\"text-align: justify;\">Evitar carregar altas somas de dinheiro e j\u00f3ias;<\/li>\n<li style=\"text-align: justify;\">Jamais reagir a um assalto. Procure memorizar os tra\u00e7os, sinais particulares e roupas dos infratores, repassando as informa\u00e7\u00f5es para a Pol\u00edcia Militar.<\/li>\n<\/ul>\n<p style=\"text-align: justify;\">Em Recreio, o Carnaval que come\u00e7a neste s\u00e1bado (25) e vai at\u00e9 ter\u00e7a-feira (28) contar\u00e1 com apoio de mais uma viatura da 6\u00aa Cia da Pol\u00edcia Militar Independente MG acompanhada de militares.<\/p>\n<p style=\"text-align: justify;\">O sargento Vin\u00edcius lembra que caso algu\u00e9m necessite da PM durante a folia recreiense \u00e9 s\u00f3 ligar 9.9970-2399.<\/p>\n<p>&nbsp;<\/p>\n","protected":false},"excerpt":{"rendered":"<p>A Pol\u00edcia Militar de Minas Gerais, atrav\u00e9s do sargento Marcus Vin\u00edcius Geraldo do destacamento de Recreio, apresentou algumas dicas para tornar o Carnaval em Recreio mais seguro.<\/p>\n","protected":false},"author":3,"featured_media":4612,"comment_status":"open","ping_status":"open","sticky":false,"template":"","format":"standard","meta":[],"categories":[6],"tags":[],"yoast_head":"<!-- This site is optimized with the Yoast SEO plugin v15.6.2 - https:\/\/yoast.com\/wordpress\/plugins\/seo\/ -->\n<meta name=\"robots\" content=\"index, follow, max-snippet:-1, max-image-preview:large, max-video-preview:-1\" \/>\n<link rel=\"canonical\" href=\"http:\/\/www.polisrecreio.com.br\/site\/2017\/02\/25\/pm-apresenta-dicas-para-um-carnaval-seguro\/\" \/>\n<meta property=\"og:locale\" content=\"pt_BR\" \/>\n<meta property=\"og:type\" content=\"article\" \/>\n<meta property=\"og:title\" content=\"PM apresenta dicas para um Carnaval seguro - P\u00f3lis Recreio\" \/>\n<meta property=\"og:description\" content=\"A Pol\u00edcia Militar de Minas Gerais, atrav\u00e9s do sargento Marcus Vin\u00edcius Geraldo do destacamento de Recreio, apresentou algumas dicas para tornar o Carnaval em Recreio mais seguro.\" \/>\n<meta property=\"og:url\" content=\"http:\/\/www.polisrecreio.com.br\/site\/2017\/02\/25\/pm-apresenta-dicas-para-um-carnaval-seguro\/\" \/>\n<meta property=\"og:site_name\" content=\"P\u00f3lis Recreio\" \/>\n<meta property=\"article:publisher\" content=\"https:\/\/www.facebook.com\/Site-P%c3%b3lis-Recreio-MG-181941708571019\/\" \/>\n<meta property=\"article:published_time\" content=\"2017-02-25T22:56:22+00:00\" \/>\n<meta property=\"og:image\" content=\"https:\/\/www.polisrecreio.com.br\/site\/wp-content\/uploads\/2017\/02\/PM-APREENSAO-DE-ARMA-E-MUNI\u00c7\u00d5ES-SARGENTO-VINICIUS-O-VIGILANTE-ONLINE.jpg\" \/>\n\t<meta property=\"og:image:width\" content=\"750\" \/>\n\t<meta property=\"og:image:height\" content=\"429\" \/>\n<meta name=\"twitter:card\" content=\"summary_large_image\" \/>\n<meta name=\"twitter:creator\" content=\"@PolisRecreio\" \/>\n<meta name=\"twitter:site\" content=\"@PolisRecreio\" \/>\n<meta name=\"twitter:label1\" content=\"Est. reading time\">\n\t<meta name=\"twitter:data1\" content=\"1 minuto\">\n<script type=\"application\/ld+json\" class=\"yoast-schema-graph\">{\"@context\":\"https:\/\/schema.org\",\"@graph\":[{\"@type\":\"WebSite\",\"@id\":\"https:\/\/www.polisrecreio.com.br\/site\/#website\",\"url\":\"https:\/\/www.polisrecreio.com.br\/site\/\",\"name\":\"P\\u00f3lis Recreio\",\"description\":\"\",\"potentialAction\":[{\"@type\":\"SearchAction\",\"target\":\"https:\/\/www.polisrecreio.com.br\/site\/?s={search_term_string}\",\"query-input\":\"required name=search_term_string\"}],\"inLanguage\":\"pt-BR\"},{\"@type\":\"ImageObject\",\"@id\":\"http:\/\/www.polisrecreio.com.br\/site\/2017\/02\/25\/pm-apresenta-dicas-para-um-carnaval-seguro\/#primaryimage\",\"inLanguage\":\"pt-BR\",\"url\":\"https:\/\/www.polisrecreio.com.br\/site\/wp-content\/uploads\/2017\/02\/PM-APREENSAO-DE-ARMA-E-MUNI\\u00c7\\u00d5ES-SARGENTO-VINICIUS-O-VIGILANTE-ONLINE.jpg\",\"width\":750,\"height\":429,\"caption\":\"Sargento da PM, Marcus Vin\\u00edcius Geraldo.\"},{\"@type\":\"WebPage\",\"@id\":\"http:\/\/www.polisrecreio.com.br\/site\/2017\/02\/25\/pm-apresenta-dicas-para-um-carnaval-seguro\/#webpage\",\"url\":\"http:\/\/www.polisrecreio.com.br\/site\/2017\/02\/25\/pm-apresenta-dicas-para-um-carnaval-seguro\/\",\"name\":\"PM apresenta dicas para um Carnaval seguro - P\\u00f3lis Recreio\",\"isPartOf\":{\"@id\":\"https:\/\/www.polisrecreio.com.br\/site\/#website\"},\"primaryImageOfPage\":{\"@id\":\"http:\/\/www.polisrecreio.com.br\/site\/2017\/02\/25\/pm-apresenta-dicas-para-um-carnaval-seguro\/#primaryimage\"},\"datePublished\":\"2017-02-25T22:56:22+00:00\",\"dateModified\":\"2017-02-25T22:56:22+00:00\",\"author\":{\"@id\":\"https:\/\/www.polisrecreio.com.br\/site\/#\/schema\/person\/3363c1c78e1e28e1329d97adb387638e\"},\"inLanguage\":\"pt-BR\",\"potentialAction\":[{\"@type\":\"ReadAction\",\"target\":[\"http:\/\/www.polisrecreio.com.br\/site\/2017\/02\/25\/pm-apresenta-dicas-para-um-carnaval-seguro\/\"]}]},{\"@type\":\"Person\",\"@id\":\"https:\/\/www.polisrecreio.com.br\/site\/#\/schema\/person\/3363c1c78e1e28e1329d97adb387638e\",\"name\":\"Leonardo Ribeiro\",\"image\":{\"@type\":\"ImageObject\",\"@id\":\"https:\/\/www.polisrecreio.com.br\/site\/#personlogo\",\"inLanguage\":\"pt-BR\",\"url\":\"https:\/\/secure.gravatar.com\/avatar\/6ba92a37d621e1a83e23710251178a12?s=96&d=mm&r=g\",\"caption\":\"Leonardo Ribeiro\"},\"sameAs\":[\"http:\/\/www.polisrecreio.com.br\"]}]}<\/script>\n<!-- \/ Yoast SEO plugin. -->","_links":{"self":[{"href":"https:\/\/www.polisrecreio.com.br\/site\/wp-json\/wp\/v2\/posts\/4611"}],"collection":[{"href":"https:\/\/www.polisrecreio.com.br\/site\/wp-json\/wp\/v2\/posts"}],"about":[{"href":"https:\/\/www.polisrecreio.com.br\/site\/wp-json\/wp\/v2\/types\/post"}],"author":[{"embeddable":true,"href":"https:\/\/www.polisrecreio.com.br\/site\/wp-json\/wp\/v2\/users\/3"}],"replies":[{"embeddable":true,"href":"https:\/\/www.polisrecreio.com.br\/site\/wp-json\/wp\/v2\/comments?post=4611"}],"version-history":[{"count":2,"href":"https:\/\/www.polisrecreio.com.br\/site\/wp-json\/wp\/v2\/posts\/4611\/revisions"}],"predecessor-version":[{"id":4614,"href":"https:\/\/www.polisrecreio.com.br\/site\/wp-json\/wp\/v2\/posts\/4611\/revisions\/4614"}],"wp:featuredmedia":[{"embeddable":true,"href":"https:\/\/www.polisrecreio.com.br\/site\/wp-json\/wp\/v2\/media\/4612"}],"wp:attachment":[{"href":"https:\/\/www.polisrecreio.com.br\/site\/wp-json\/wp\/v2\/media?parent=4611"}],"wp:term":[{"taxonomy":"category","embeddable":true,"href":"https:\/\/www.polisrecreio.com.br\/site\/wp-json\/wp\/v2\/categories?post=4611"},{"taxonomy":"post_tag","embeddable":true,"href":"https:\/\/www.polisrecreio.com.br\/site\/wp-json\/wp\/v2\/tags?post=4611"}],"curies":[{"name":"wp","href":"https:\/\/api.w.org\/{rel}","templated":true}]}}