{"id":4615,"date":"2017-02-26T10:28:25","date_gmt":"2017-02-26T13:28:25","guid":{"rendered":"http:\/\/www.polisrecreio.com.br\/site\/?p=4615"},"modified":"2017-02-26T10:28:25","modified_gmt":"2017-02-26T13:28:25","slug":"mesmo-com-imprevisto-carnaval-de-recreio-comeca-com-sucesso","status":"publish","type":"post","link":"https:\/\/www.polisrecreio.com.br\/site\/2017\/02\/26\/mesmo-com-imprevisto-carnaval-de-recreio-comeca-com-sucesso\/","title":{"rendered":"Mesmo com imprevisto, Carnaval de Recreio come\u00e7a com sucesso"},"content":{"rendered":"<p style=\"text-align: justify;\">No primeiro dia do Carnaval de Recreio a t\u00e3o aguardada chuva caiu na cidade e acabou danificando parte da estrutura do palco antes dos shows. Mesmo com o imprevisto, a festa come\u00e7ou\u00a0com sucesso. Blocos de rua, bandas, improviso no palco e uma equipe de seguran\u00e7as profissionais garantiram a alegria da\u00a0Festa do Momo na Pra\u00e7a dos Ferrovi\u00e1rios.<\/p>\n<p style=\"text-align: justify;\"><!--more--><\/p>\n<figure id=\"attachment_4619\" aria-describedby=\"caption-attachment-4619\" style=\"width: 750px\" class=\"wp-caption aligncenter\"><a href=\"http:\/\/www.polisrecreio.com.br\/site\/wp-content\/uploads\/2017\/02\/45.jpg\"><img loading=\"lazy\" class=\"wp-image-4619 size-full\" src=\"http:\/\/www.polisrecreio.com.br\/site\/wp-content\/uploads\/2017\/02\/45.jpg\" alt=\"4\" width=\"750\" height=\"421\" srcset=\"https:\/\/www.polisrecreio.com.br\/site\/wp-content\/uploads\/2017\/02\/45.jpg 750w, https:\/\/www.polisrecreio.com.br\/site\/wp-content\/uploads\/2017\/02\/45-300x168.jpg 300w\" sizes=\"(max-width: 750px) 100vw, 750px\" \/><\/a><figcaption id=\"caption-attachment-4619\" class=\"wp-caption-text\">Carnaval na Pra\u00e7a dos Ferrovi\u00e1rios.<\/figcaption><\/figure>\n<p style=\"text-align: justify;\">Segundo a comiss\u00e3o organizadora do Carnaval 2017, \u201ca estrutura da cobertura do palco acabou cedendo por causa de um ac\u00famulo de \u00e1gua causado pela forte chuva que caiu em Recreio durante quase 2 horas. No momento n\u00e3o havia show e ningu\u00e9m se feriu. Uma tenda foi improvisada para a apresenta\u00e7\u00e3o da banda \u201cA Positivo\u201d e a convidada Laura Limma. Nesta manh\u00e3 de domingo (26) a equipe t\u00e9cnica de montagem do palco est\u00e1 realizando os reparos para os musicais de logo mais. Para garantir a tranquilidade na Pra\u00e7a dos Ferrovi\u00e1rios o prefeito, Z\u00e9 Maria Barros, solicitou a contrata\u00e7\u00e3o de 15 seguran\u00e7as profissionais que estar\u00e3o presentes na festa at\u00e9 ter\u00e7a-feira (28)\u201d, concluiu a comiss\u00e3o.<\/p>\n<figure id=\"attachment_4617\" aria-describedby=\"caption-attachment-4617\" style=\"width: 750px\" class=\"wp-caption aligncenter\"><a href=\"http:\/\/www.polisrecreio.com.br\/site\/wp-content\/uploads\/2017\/02\/29.jpg\"><img loading=\"lazy\" class=\"wp-image-4617 size-full\" src=\"http:\/\/www.polisrecreio.com.br\/site\/wp-content\/uploads\/2017\/02\/29.jpg\" alt=\"2\" width=\"750\" height=\"563\" srcset=\"https:\/\/www.polisrecreio.com.br\/site\/wp-content\/uploads\/2017\/02\/29.jpg 750w, https:\/\/www.polisrecreio.com.br\/site\/wp-content\/uploads\/2017\/02\/29-300x225.jpg 300w\" sizes=\"(max-width: 750px) 100vw, 750px\" \/><\/a><figcaption id=\"caption-attachment-4617\" class=\"wp-caption-text\">Estrutura do palco sendo reparada.<\/figcaption><\/figure>\n<figure id=\"attachment_4616\" aria-describedby=\"caption-attachment-4616\" style=\"width: 750px\" class=\"wp-caption aligncenter\"><a href=\"http:\/\/www.polisrecreio.com.br\/site\/wp-content\/uploads\/2017\/02\/114.jpg\"><img loading=\"lazy\" class=\"size-full wp-image-4616\" src=\"http:\/\/www.polisrecreio.com.br\/site\/wp-content\/uploads\/2017\/02\/114.jpg\" alt=\"Equipe de seguran\u00e7as no Carnaval.\" width=\"750\" height=\"421\" srcset=\"https:\/\/www.polisrecreio.com.br\/site\/wp-content\/uploads\/2017\/02\/114.jpg 750w, https:\/\/www.polisrecreio.com.br\/site\/wp-content\/uploads\/2017\/02\/114-300x168.jpg 300w\" sizes=\"(max-width: 750px) 100vw, 750px\" \/><\/a><figcaption id=\"caption-attachment-4616\" class=\"wp-caption-text\">Equipe de seguran\u00e7as no Carnaval.<\/figcaption><\/figure>\n<p style=\"text-align: justify;\">Logo mais se apresentam no palco Suado Pancad\u00e3o e em seguida Laura Limma. O primeiro show est\u00e1 previsto para come\u00e7ar por volta das 22:30h.<\/p>\n<p style=\"text-align: justify;\">No s\u00e1bado (25) os blocos Do Bem, IEY e Esta\u00e7\u00e3o Deguste Kid\u2019s, fizeram a festa dos foli\u00f5es. Confira a programa\u00e7\u00e3o dos blocos neste segundo dia de Carnaval:<\/p>\n<ul>\n<li style=\"text-align: justify;\">Bloco Papelzinho Higi\u00eanico \u2013 Rua Teixeira da Silva \u2013 18h;<\/li>\n<li style=\"text-align: justify;\">Bloco Preocupados de Souza \u201cPapel Higi\u00eanico\u201d \u2013 19h;<\/li>\n<li style=\"text-align: justify;\">Bloco Turma do Funil \u2013 Haras do Juarez \u2013 20h;<\/li>\n<li style=\"text-align: justify;\">Bloco Amigos do Alto \u2013 Alto do Asilo \u2013 21h;<\/li>\n<li style=\"text-align: justify;\">Bloco do Mandioca \u2013 Mandioca \u2013 22:30h;<\/li>\n<li style=\"text-align: justify;\">Escola de samba ERUS \u2013 Pra\u00e7a dos Ferrovi\u00e1rios \u2013 23h.<\/li>\n<\/ul>\n","protected":false},"excerpt":{"rendered":"<p>No primeiro dia do Carnaval de Recreio a t\u00e3o aguardada chuva caiu na cidade e acabou danificando parte da estrutura do palco antes dos shows. Mesmo com o imprevisto, a festa come\u00e7ou\u00a0com sucesso. Blocos de rua, bandas, improviso no palco e uma equipe de seguran\u00e7as profissionais garantiram a alegria da\u00a0Festa do Momo na Pra\u00e7a dos [&hellip;]<\/p>\n","protected":false},"author":3,"featured_media":4619,"comment_status":"open","ping_status":"open","sticky":false,"template":"","format":"standard","meta":[],"categories":[2],"tags":[],"yoast_head":"<!-- This site is optimized with the Yoast SEO plugin v15.6.2 - https:\/\/yoast.com\/wordpress\/plugins\/seo\/ -->\n<meta name=\"robots\" content=\"index, follow, max-snippet:-1, max-image-preview:large, max-video-preview:-1\" \/>\n<link rel=\"canonical\" href=\"https:\/\/www.polisrecreio.com.br\/site\/2017\/02\/26\/mesmo-com-imprevisto-carnaval-de-recreio-comeca-com-sucesso\/\" \/>\n<meta property=\"og:locale\" content=\"pt_BR\" \/>\n<meta property=\"og:type\" content=\"article\" \/>\n<meta property=\"og:title\" content=\"Mesmo com imprevisto, Carnaval de Recreio come\u00e7a com sucesso - P\u00f3lis Recreio\" \/>\n<meta property=\"og:description\" content=\"No primeiro dia do Carnaval de Recreio a t\u00e3o aguardada chuva caiu na cidade e acabou danificando parte da estrutura do palco antes dos shows. Mesmo com o imprevisto, a festa come\u00e7ou\u00a0com sucesso. Blocos de rua, bandas, improviso no palco e uma equipe de seguran\u00e7as profissionais garantiram a alegria da\u00a0Festa do Momo na Pra\u00e7a dos [&hellip;]\" \/>\n<meta property=\"og:url\" content=\"https:\/\/www.polisrecreio.com.br\/site\/2017\/02\/26\/mesmo-com-imprevisto-carnaval-de-recreio-comeca-com-sucesso\/\" \/>\n<meta property=\"og:site_name\" content=\"P\u00f3lis Recreio\" \/>\n<meta property=\"article:publisher\" content=\"https:\/\/www.facebook.com\/Site-P%c3%b3lis-Recreio-MG-181941708571019\/\" \/>\n<meta property=\"article:published_time\" content=\"2017-02-26T13:28:25+00:00\" \/>\n<meta property=\"og:image\" content=\"https:\/\/www.polisrecreio.com.br\/site\/wp-content\/uploads\/2017\/02\/45.jpg\" \/>\n\t<meta property=\"og:image:width\" content=\"750\" \/>\n\t<meta property=\"og:image:height\" content=\"421\" \/>\n<meta name=\"twitter:card\" content=\"summary_large_image\" \/>\n<meta name=\"twitter:creator\" content=\"@PolisRecreio\" \/>\n<meta name=\"twitter:site\" content=\"@PolisRecreio\" \/>\n<meta name=\"twitter:label1\" content=\"Est. reading time\">\n\t<meta name=\"twitter:data1\" content=\"2 minutos\">\n<script type=\"application\/ld+json\" class=\"yoast-schema-graph\">{\"@context\":\"https:\/\/schema.org\",\"@graph\":[{\"@type\":\"WebSite\",\"@id\":\"https:\/\/www.polisrecreio.com.br\/site\/#website\",\"url\":\"https:\/\/www.polisrecreio.com.br\/site\/\",\"name\":\"P\\u00f3lis Recreio\",\"description\":\"\",\"potentialAction\":[{\"@type\":\"SearchAction\",\"target\":\"https:\/\/www.polisrecreio.com.br\/site\/?s={search_term_string}\",\"query-input\":\"required name=search_term_string\"}],\"inLanguage\":\"pt-BR\"},{\"@type\":\"ImageObject\",\"@id\":\"https:\/\/www.polisrecreio.com.br\/site\/2017\/02\/26\/mesmo-com-imprevisto-carnaval-de-recreio-comeca-com-sucesso\/#primaryimage\",\"inLanguage\":\"pt-BR\",\"url\":\"https:\/\/www.polisrecreio.com.br\/site\/wp-content\/uploads\/2017\/02\/45.jpg\",\"width\":750,\"height\":421},{\"@type\":\"WebPage\",\"@id\":\"https:\/\/www.polisrecreio.com.br\/site\/2017\/02\/26\/mesmo-com-imprevisto-carnaval-de-recreio-comeca-com-sucesso\/#webpage\",\"url\":\"https:\/\/www.polisrecreio.com.br\/site\/2017\/02\/26\/mesmo-com-imprevisto-carnaval-de-recreio-comeca-com-sucesso\/\",\"name\":\"Mesmo com imprevisto, Carnaval de Recreio come\\u00e7a com sucesso - P\\u00f3lis Recreio\",\"isPartOf\":{\"@id\":\"https:\/\/www.polisrecreio.com.br\/site\/#website\"},\"primaryImageOfPage\":{\"@id\":\"https:\/\/www.polisrecreio.com.br\/site\/2017\/02\/26\/mesmo-com-imprevisto-carnaval-de-recreio-comeca-com-sucesso\/#primaryimage\"},\"datePublished\":\"2017-02-26T13:28:25+00:00\",\"dateModified\":\"2017-02-26T13:28:25+00:00\",\"author\":{\"@id\":\"https:\/\/www.polisrecreio.com.br\/site\/#\/schema\/person\/3363c1c78e1e28e1329d97adb387638e\"},\"inLanguage\":\"pt-BR\",\"potentialAction\":[{\"@type\":\"ReadAction\",\"target\":[\"https:\/\/www.polisrecreio.com.br\/site\/2017\/02\/26\/mesmo-com-imprevisto-carnaval-de-recreio-comeca-com-sucesso\/\"]}]},{\"@type\":\"Person\",\"@id\":\"https:\/\/www.polisrecreio.com.br\/site\/#\/schema\/person\/3363c1c78e1e28e1329d97adb387638e\",\"name\":\"Leonardo Ribeiro\",\"image\":{\"@type\":\"ImageObject\",\"@id\":\"https:\/\/www.polisrecreio.com.br\/site\/#personlogo\",\"inLanguage\":\"pt-BR\",\"url\":\"https:\/\/secure.gravatar.com\/avatar\/6ba92a37d621e1a83e23710251178a12?s=96&d=mm&r=g\",\"caption\":\"Leonardo Ribeiro\"},\"sameAs\":[\"http:\/\/www.polisrecreio.com.br\"]}]}<\/script>\n<!-- \/ Yoast SEO plugin. -->","_links":{"self":[{"href":"https:\/\/www.polisrecreio.com.br\/site\/wp-json\/wp\/v2\/posts\/4615"}],"collection":[{"href":"https:\/\/www.polisrecreio.com.br\/site\/wp-json\/wp\/v2\/posts"}],"about":[{"href":"https:\/\/www.polisrecreio.com.br\/site\/wp-json\/wp\/v2\/types\/post"}],"author":[{"embeddable":true,"href":"https:\/\/www.polisrecreio.com.br\/site\/wp-json\/wp\/v2\/users\/3"}],"replies":[{"embeddable":true,"href":"https:\/\/www.polisrecreio.com.br\/site\/wp-json\/wp\/v2\/comments?post=4615"}],"version-history":[{"count":2,"href":"https:\/\/www.polisrecreio.com.br\/site\/wp-json\/wp\/v2\/posts\/4615\/revisions"}],"predecessor-version":[{"id":4621,"href":"https:\/\/www.polisrecreio.com.br\/site\/wp-json\/wp\/v2\/posts\/4615\/revisions\/4621"}],"wp:featuredmedia":[{"embeddable":true,"href":"https:\/\/www.polisrecreio.com.br\/site\/wp-json\/wp\/v2\/media\/4619"}],"wp:attachment":[{"href":"https:\/\/www.polisrecreio.com.br\/site\/wp-json\/wp\/v2\/media?parent=4615"}],"wp:term":[{"taxonomy":"category","embeddable":true,"href":"https:\/\/www.polisrecreio.com.br\/site\/wp-json\/wp\/v2\/categories?post=4615"},{"taxonomy":"post_tag","embeddable":true,"href":"https:\/\/www.polisrecreio.com.br\/site\/wp-json\/wp\/v2\/tags?post=4615"}],"curies":[{"name":"wp","href":"https:\/\/api.w.org\/{rel}","templated":true}]}}