{"id":4622,"date":"2017-02-27T15:26:23","date_gmt":"2017-02-27T18:26:23","guid":{"rendered":"http:\/\/www.polisrecreio.com.br\/site\/?p=4622"},"modified":"2017-02-27T15:26:23","modified_gmt":"2017-02-27T18:26:23","slug":"erus-nao-desfila-por-causa-da-chuva","status":"publish","type":"post","link":"https:\/\/www.polisrecreio.com.br\/site\/2017\/02\/27\/erus-nao-desfila-por-causa-da-chuva\/","title":{"rendered":"ERUS n\u00e3o desfila por causa da chuva"},"content":{"rendered":"<p style=\"text-align: justify;\">A escola de samba ERUS n\u00e3o desfilou na avenida do samba recreiense na noite de ontem (26) e o motivo foi a chuva intensa, conforme informa\u00e7\u00e3o da dire\u00e7\u00e3o da agremia\u00e7\u00e3o ao Site P\u00f3lis.<\/p>\n<p style=\"text-align: justify;\"><!--more--><\/p>\n<p style=\"text-align: justify;\"><a href=\"http:\/\/www.polisrecreio.com.br\/site\/wp-content\/uploads\/2016\/02\/12647407_601023363384868_1136532944644287506_n.jpg\"><img loading=\"lazy\" class=\"aligncenter size-full wp-image-1134\" src=\"http:\/\/www.polisrecreio.com.br\/site\/wp-content\/uploads\/2016\/02\/12647407_601023363384868_1136532944644287506_n.jpg\" alt=\"12647407_601023363384868_1136532944644287506_n\" width=\"960\" height=\"676\" srcset=\"https:\/\/www.polisrecreio.com.br\/site\/wp-content\/uploads\/2016\/02\/12647407_601023363384868_1136532944644287506_n.jpg 960w, https:\/\/www.polisrecreio.com.br\/site\/wp-content\/uploads\/2016\/02\/12647407_601023363384868_1136532944644287506_n-300x211.jpg 300w\" sizes=\"(max-width: 960px) 100vw, 960px\" \/><\/a><\/p>\n<p style=\"text-align: justify;\">De acordo com a diretora Elza Helena, \u201ca escola estava preparada para ir para a avenida quando a chuva come\u00e7ou. Por causa de alguns instrumentos da bateria e de algumas fantasias que n\u00e3o podem molhar decidimos deixar o desfile para o encerramento da festa\u201d, concluiu.<\/p>\n<p style=\"text-align: justify;\">Este ano a ERUS completa o seu 55\u00ba Carnaval. A apresenta\u00e7\u00e3o da ter\u00e7a-feira (28) est\u00e1 marcada para as 23h.<\/p>\n<p><strong>Blocos agitaram o domingo<\/strong><\/p>\n<p style=\"text-align: justify;\">No domingo (26) quatro blocos agitaram o Carnaval 2017. No Centro o Bloco Preocupados de Souza \u201cPapel Higi\u00eanico\u201d comemorou o seu cinquenten\u00e1rio. O Bloco Turma do Funil tamb\u00e9m apresentou. No Mandioca teve o Bloco do Mandioca e no Alto do Asilo o Amigos do Alto.<\/p>\n<p style=\"text-align: justify;\"><strong>Confira a programa\u00e7\u00e3o desta segunda-feira<\/strong><\/p>\n<ul>\n<li style=\"text-align: justify;\">Grupo folcl\u00f3rico Mineiro-Pau \u2013 Pra\u00e7a Oleg\u00e1rio Maciel \u2013 22h;<\/li>\n<li style=\"text-align: justify;\">Bloco das Piranhas \u2013 Bar do Luta \u2013 22:30h;<\/li>\n<li style=\"text-align: justify;\">Bloco Ratos da Pra\u00e7a \u2013 Bar do Jovane \u2013 0:30h.<\/li>\n<\/ul>\n<p style=\"text-align: justify;\">\n","protected":false},"excerpt":{"rendered":"<p>A escola de samba ERUS n\u00e3o desfilou na avenida do samba recreiense na noite de ontem (26) e o motivo foi a chuva intensa, conforme informa\u00e7\u00e3o da dire\u00e7\u00e3o da agremia\u00e7\u00e3o ao Site P\u00f3lis.<\/p>\n","protected":false},"author":3,"featured_media":1134,"comment_status":"open","ping_status":"open","sticky":false,"template":"","format":"standard","meta":[],"categories":[2],"tags":[],"yoast_head":"<!-- This site is optimized with the Yoast SEO plugin v15.6.2 - https:\/\/yoast.com\/wordpress\/plugins\/seo\/ -->\n<meta name=\"robots\" content=\"index, follow, max-snippet:-1, max-image-preview:large, max-video-preview:-1\" \/>\n<link rel=\"canonical\" href=\"https:\/\/www.polisrecreio.com.br\/site\/2017\/02\/27\/erus-nao-desfila-por-causa-da-chuva\/\" \/>\n<meta property=\"og:locale\" content=\"pt_BR\" \/>\n<meta property=\"og:type\" content=\"article\" \/>\n<meta property=\"og:title\" content=\"ERUS n\u00e3o desfila por causa da chuva - P\u00f3lis Recreio\" \/>\n<meta property=\"og:description\" content=\"A escola de samba ERUS n\u00e3o desfilou na avenida do samba recreiense na noite de ontem (26) e o motivo foi a chuva intensa, conforme informa\u00e7\u00e3o da dire\u00e7\u00e3o da agremia\u00e7\u00e3o ao Site P\u00f3lis.\" \/>\n<meta property=\"og:url\" content=\"https:\/\/www.polisrecreio.com.br\/site\/2017\/02\/27\/erus-nao-desfila-por-causa-da-chuva\/\" \/>\n<meta property=\"og:site_name\" content=\"P\u00f3lis Recreio\" \/>\n<meta property=\"article:publisher\" content=\"https:\/\/www.facebook.com\/Site-P%c3%b3lis-Recreio-MG-181941708571019\/\" \/>\n<meta property=\"article:published_time\" content=\"2017-02-27T18:26:23+00:00\" \/>\n<meta property=\"og:image\" content=\"https:\/\/www.polisrecreio.com.br\/site\/wp-content\/uploads\/2016\/02\/12647407_601023363384868_1136532944644287506_n.jpg\" \/>\n\t<meta property=\"og:image:width\" content=\"960\" \/>\n\t<meta property=\"og:image:height\" content=\"676\" \/>\n<meta name=\"twitter:card\" content=\"summary_large_image\" \/>\n<meta name=\"twitter:creator\" content=\"@PolisRecreio\" \/>\n<meta name=\"twitter:site\" content=\"@PolisRecreio\" \/>\n<meta name=\"twitter:label1\" content=\"Est. reading time\">\n\t<meta name=\"twitter:data1\" content=\"1 minuto\">\n<script type=\"application\/ld+json\" class=\"yoast-schema-graph\">{\"@context\":\"https:\/\/schema.org\",\"@graph\":[{\"@type\":\"WebSite\",\"@id\":\"https:\/\/www.polisrecreio.com.br\/site\/#website\",\"url\":\"https:\/\/www.polisrecreio.com.br\/site\/\",\"name\":\"P\\u00f3lis Recreio\",\"description\":\"\",\"potentialAction\":[{\"@type\":\"SearchAction\",\"target\":\"https:\/\/www.polisrecreio.com.br\/site\/?s={search_term_string}\",\"query-input\":\"required name=search_term_string\"}],\"inLanguage\":\"pt-BR\"},{\"@type\":\"ImageObject\",\"@id\":\"https:\/\/www.polisrecreio.com.br\/site\/2017\/02\/27\/erus-nao-desfila-por-causa-da-chuva\/#primaryimage\",\"inLanguage\":\"pt-BR\",\"url\":\"https:\/\/www.polisrecreio.com.br\/site\/wp-content\/uploads\/2016\/02\/12647407_601023363384868_1136532944644287506_n.jpg\",\"width\":960,\"height\":676},{\"@type\":\"WebPage\",\"@id\":\"https:\/\/www.polisrecreio.com.br\/site\/2017\/02\/27\/erus-nao-desfila-por-causa-da-chuva\/#webpage\",\"url\":\"https:\/\/www.polisrecreio.com.br\/site\/2017\/02\/27\/erus-nao-desfila-por-causa-da-chuva\/\",\"name\":\"ERUS n\\u00e3o desfila por causa da chuva - P\\u00f3lis Recreio\",\"isPartOf\":{\"@id\":\"https:\/\/www.polisrecreio.com.br\/site\/#website\"},\"primaryImageOfPage\":{\"@id\":\"https:\/\/www.polisrecreio.com.br\/site\/2017\/02\/27\/erus-nao-desfila-por-causa-da-chuva\/#primaryimage\"},\"datePublished\":\"2017-02-27T18:26:23+00:00\",\"dateModified\":\"2017-02-27T18:26:23+00:00\",\"author\":{\"@id\":\"https:\/\/www.polisrecreio.com.br\/site\/#\/schema\/person\/3363c1c78e1e28e1329d97adb387638e\"},\"inLanguage\":\"pt-BR\",\"potentialAction\":[{\"@type\":\"ReadAction\",\"target\":[\"https:\/\/www.polisrecreio.com.br\/site\/2017\/02\/27\/erus-nao-desfila-por-causa-da-chuva\/\"]}]},{\"@type\":\"Person\",\"@id\":\"https:\/\/www.polisrecreio.com.br\/site\/#\/schema\/person\/3363c1c78e1e28e1329d97adb387638e\",\"name\":\"Leonardo Ribeiro\",\"image\":{\"@type\":\"ImageObject\",\"@id\":\"https:\/\/www.polisrecreio.com.br\/site\/#personlogo\",\"inLanguage\":\"pt-BR\",\"url\":\"https:\/\/secure.gravatar.com\/avatar\/6ba92a37d621e1a83e23710251178a12?s=96&d=mm&r=g\",\"caption\":\"Leonardo Ribeiro\"},\"sameAs\":[\"http:\/\/www.polisrecreio.com.br\"]}]}<\/script>\n<!-- \/ Yoast SEO plugin. -->","_links":{"self":[{"href":"https:\/\/www.polisrecreio.com.br\/site\/wp-json\/wp\/v2\/posts\/4622"}],"collection":[{"href":"https:\/\/www.polisrecreio.com.br\/site\/wp-json\/wp\/v2\/posts"}],"about":[{"href":"https:\/\/www.polisrecreio.com.br\/site\/wp-json\/wp\/v2\/types\/post"}],"author":[{"embeddable":true,"href":"https:\/\/www.polisrecreio.com.br\/site\/wp-json\/wp\/v2\/users\/3"}],"replies":[{"embeddable":true,"href":"https:\/\/www.polisrecreio.com.br\/site\/wp-json\/wp\/v2\/comments?post=4622"}],"version-history":[{"count":1,"href":"https:\/\/www.polisrecreio.com.br\/site\/wp-json\/wp\/v2\/posts\/4622\/revisions"}],"predecessor-version":[{"id":4623,"href":"https:\/\/www.polisrecreio.com.br\/site\/wp-json\/wp\/v2\/posts\/4622\/revisions\/4623"}],"wp:featuredmedia":[{"embeddable":true,"href":"https:\/\/www.polisrecreio.com.br\/site\/wp-json\/wp\/v2\/media\/1134"}],"wp:attachment":[{"href":"https:\/\/www.polisrecreio.com.br\/site\/wp-json\/wp\/v2\/media?parent=4622"}],"wp:term":[{"taxonomy":"category","embeddable":true,"href":"https:\/\/www.polisrecreio.com.br\/site\/wp-json\/wp\/v2\/categories?post=4622"},{"taxonomy":"post_tag","embeddable":true,"href":"https:\/\/www.polisrecreio.com.br\/site\/wp-json\/wp\/v2\/tags?post=4622"}],"curies":[{"name":"wp","href":"https:\/\/api.w.org\/{rel}","templated":true}]}}