{"id":4624,"date":"2017-03-02T09:20:34","date_gmt":"2017-03-02T12:20:34","guid":{"rendered":"http:\/\/www.polisrecreio.com.br\/site\/?p=4624"},"modified":"2017-03-02T09:35:35","modified_gmt":"2017-03-02T12:35:35","slug":"um-carnaval-que-recreio-merece-avaliou-o-prefeito-ze-maria-barros","status":"publish","type":"post","link":"https:\/\/www.polisrecreio.com.br\/site\/2017\/03\/02\/um-carnaval-que-recreio-merece-avaliou-o-prefeito-ze-maria-barros\/","title":{"rendered":"\u201cUm Carnaval que Recreio merece\u201d, avaliou o prefeito Z\u00e9 Maria Barros"},"content":{"rendered":"<p style=\"text-align: justify;\">Os quatro dias da folia recreiense contagiaram a cidade com um misto de alegria e emo\u00e7\u00e3o. Na avalia\u00e7\u00e3o do prefeito municipal, Z\u00e9 Maria Barros, \u201cum Carnaval que Recreio merece\u201d.<\/p>\n<p style=\"text-align: justify;\"><!--more--><\/p>\n<figure id=\"attachment_4625\" aria-describedby=\"caption-attachment-4625\" style=\"width: 959px\" class=\"wp-caption aligncenter\"><a href=\"http:\/\/www.polisrecreio.com.br\/site\/wp-content\/uploads\/2017\/03\/16999022_10211807300162304_5746514296586167675_n.jpg\"><img loading=\"lazy\" class=\"wp-image-4625 size-full\" src=\"http:\/\/www.polisrecreio.com.br\/site\/wp-content\/uploads\/2017\/03\/16999022_10211807300162304_5746514296586167675_n.jpg\" alt=\"16999022_10211807300162304_5746514296586167675_n\" width=\"959\" height=\"701\" srcset=\"https:\/\/www.polisrecreio.com.br\/site\/wp-content\/uploads\/2017\/03\/16999022_10211807300162304_5746514296586167675_n.jpg 959w, https:\/\/www.polisrecreio.com.br\/site\/wp-content\/uploads\/2017\/03\/16999022_10211807300162304_5746514296586167675_n-300x219.jpg 300w\" sizes=\"(max-width: 959px) 100vw, 959px\" \/><\/a><figcaption id=\"caption-attachment-4625\" class=\"wp-caption-text\">Prefeito assistindo a bateria da ERUS.<\/figcaption><\/figure>\n<p style=\"text-align: justify;\">Ao todo 6 bandas (A Positivo, Laura Limma, Sambaxada, Suado Pancad\u00e3o, Chapas do Brasil e Dayanne Winits), 13 blocos de rua espalhados por v\u00e1rios bairros, a manifesta\u00e7\u00e3o cultural do Mineiro- Pau e a tradicional escola de samba ERUS em seu 55\u00ba desfile, fizeram a festa de turistas e recreienses.<\/p>\n<p style=\"text-align: justify;\">Em 2017, o misto de alegria e emo\u00e7\u00e3o foi garantido pelos blocos Esta\u00e7\u00e3o Deguste Kids e Papelzinho Higi\u00eanico, voltado para o p\u00fablico infantil, que estrearam no Carnaval; pelo\u00a0Fla-Folia; Turma do Funil; Amigos do Alto; Bloco do Bem; IEY; Mandioca; Piranhas; Ratos da Pra\u00e7a; Caminha Alcool\u00f3gica; \u00c1guia de Ouro; e pelo decano dos grupos carnavalescos de Recreio, o Preocupados de Souza \u201cPapel Higi\u00eanico\u201d, completando 50 anos. A ERUS levou para a avenida o samba &#8220;Nem mesmo a dor&#8221; e atingiu a marca de 55 carnavais.<\/p>\n<p style=\"text-align: justify;\">Durante os quatro dias a festa na Pra\u00e7a dos Ferrovi\u00e1rios foi monitorada por uma equipe de seguran\u00e7a composta de 15 profissionais contratados pela Prefeitura\u00a0e mais o efetivo da Pol\u00edcia Militar de Minas Gerais.<\/p>\n<p style=\"text-align: justify;\">A avalia\u00e7\u00e3o do prefeito foi transmitida por meio de rede social.\u00a0\u201cUm Carnaval que Recreio merece\u201d, assim afirmou Z\u00e9 Maria Barros, que participou ativamente da folia.<\/p>\n<figure id=\"attachment_4626\" aria-describedby=\"caption-attachment-4626\" style=\"width: 750px\" class=\"wp-caption aligncenter\"><a href=\"http:\/\/www.polisrecreio.com.br\/site\/wp-content\/uploads\/2017\/03\/17021776_1029229797223160_7322596863509992298_n.jpg\"><img loading=\"lazy\" class=\"wp-image-4626 size-full\" src=\"http:\/\/www.polisrecreio.com.br\/site\/wp-content\/uploads\/2017\/03\/17021776_1029229797223160_7322596863509992298_n.jpg\" alt=\"17021776_1029229797223160_7322596863509992298_n\" width=\"750\" height=\"527\" srcset=\"https:\/\/www.polisrecreio.com.br\/site\/wp-content\/uploads\/2017\/03\/17021776_1029229797223160_7322596863509992298_n.jpg 750w, https:\/\/www.polisrecreio.com.br\/site\/wp-content\/uploads\/2017\/03\/17021776_1029229797223160_7322596863509992298_n-300x211.jpg 300w\" sizes=\"(max-width: 750px) 100vw, 750px\" \/><\/a><figcaption id=\"caption-attachment-4626\" class=\"wp-caption-text\">Carnaval na Pra\u00e7a dos Ferrovi\u00e1rios.<\/figcaption><\/figure>\n","protected":false},"excerpt":{"rendered":"<p>Os quatro dias da folia recreiense contagiaram a cidade com um misto de alegria e emo\u00e7\u00e3o. Na avalia\u00e7\u00e3o do prefeito municipal, Z\u00e9 Maria Barros, \u201cum Carnaval que Recreio merece\u201d.<\/p>\n","protected":false},"author":3,"featured_media":4625,"comment_status":"open","ping_status":"open","sticky":false,"template":"","format":"standard","meta":[],"categories":[2],"tags":[],"yoast_head":"<!-- This site is optimized with the Yoast SEO plugin v15.6.2 - https:\/\/yoast.com\/wordpress\/plugins\/seo\/ -->\n<meta name=\"robots\" content=\"index, follow, max-snippet:-1, max-image-preview:large, max-video-preview:-1\" \/>\n<link rel=\"canonical\" href=\"https:\/\/www.polisrecreio.com.br\/site\/2017\/03\/02\/um-carnaval-que-recreio-merece-avaliou-o-prefeito-ze-maria-barros\/\" \/>\n<meta property=\"og:locale\" content=\"pt_BR\" \/>\n<meta property=\"og:type\" content=\"article\" \/>\n<meta property=\"og:title\" content=\"\u201cUm Carnaval que Recreio merece\u201d, avaliou o prefeito Z\u00e9 Maria Barros - P\u00f3lis Recreio\" \/>\n<meta property=\"og:description\" content=\"Os quatro dias da folia recreiense contagiaram a cidade com um misto de alegria e emo\u00e7\u00e3o. Na avalia\u00e7\u00e3o do prefeito municipal, Z\u00e9 Maria Barros, \u201cum Carnaval que Recreio merece\u201d.\" \/>\n<meta property=\"og:url\" content=\"https:\/\/www.polisrecreio.com.br\/site\/2017\/03\/02\/um-carnaval-que-recreio-merece-avaliou-o-prefeito-ze-maria-barros\/\" \/>\n<meta property=\"og:site_name\" content=\"P\u00f3lis Recreio\" \/>\n<meta property=\"article:publisher\" content=\"https:\/\/www.facebook.com\/Site-P%c3%b3lis-Recreio-MG-181941708571019\/\" \/>\n<meta property=\"article:published_time\" content=\"2017-03-02T12:20:34+00:00\" \/>\n<meta property=\"article:modified_time\" content=\"2017-03-02T12:35:35+00:00\" \/>\n<meta property=\"og:image\" content=\"https:\/\/www.polisrecreio.com.br\/site\/wp-content\/uploads\/2017\/03\/16999022_10211807300162304_5746514296586167675_n.jpg\" \/>\n\t<meta property=\"og:image:width\" content=\"959\" \/>\n\t<meta property=\"og:image:height\" content=\"701\" \/>\n<meta name=\"twitter:card\" content=\"summary_large_image\" \/>\n<meta name=\"twitter:creator\" content=\"@PolisRecreio\" \/>\n<meta name=\"twitter:site\" content=\"@PolisRecreio\" \/>\n<meta name=\"twitter:label1\" content=\"Est. reading time\">\n\t<meta name=\"twitter:data1\" content=\"1 minuto\">\n<script type=\"application\/ld+json\" class=\"yoast-schema-graph\">{\"@context\":\"https:\/\/schema.org\",\"@graph\":[{\"@type\":\"WebSite\",\"@id\":\"https:\/\/www.polisrecreio.com.br\/site\/#website\",\"url\":\"https:\/\/www.polisrecreio.com.br\/site\/\",\"name\":\"P\\u00f3lis Recreio\",\"description\":\"\",\"potentialAction\":[{\"@type\":\"SearchAction\",\"target\":\"https:\/\/www.polisrecreio.com.br\/site\/?s={search_term_string}\",\"query-input\":\"required name=search_term_string\"}],\"inLanguage\":\"pt-BR\"},{\"@type\":\"ImageObject\",\"@id\":\"https:\/\/www.polisrecreio.com.br\/site\/2017\/03\/02\/um-carnaval-que-recreio-merece-avaliou-o-prefeito-ze-maria-barros\/#primaryimage\",\"inLanguage\":\"pt-BR\",\"url\":\"https:\/\/www.polisrecreio.com.br\/site\/wp-content\/uploads\/2017\/03\/16999022_10211807300162304_5746514296586167675_n.jpg\",\"width\":959,\"height\":701},{\"@type\":\"WebPage\",\"@id\":\"https:\/\/www.polisrecreio.com.br\/site\/2017\/03\/02\/um-carnaval-que-recreio-merece-avaliou-o-prefeito-ze-maria-barros\/#webpage\",\"url\":\"https:\/\/www.polisrecreio.com.br\/site\/2017\/03\/02\/um-carnaval-que-recreio-merece-avaliou-o-prefeito-ze-maria-barros\/\",\"name\":\"\\u201cUm Carnaval que Recreio merece\\u201d, avaliou o prefeito Z\\u00e9 Maria Barros - P\\u00f3lis Recreio\",\"isPartOf\":{\"@id\":\"https:\/\/www.polisrecreio.com.br\/site\/#website\"},\"primaryImageOfPage\":{\"@id\":\"https:\/\/www.polisrecreio.com.br\/site\/2017\/03\/02\/um-carnaval-que-recreio-merece-avaliou-o-prefeito-ze-maria-barros\/#primaryimage\"},\"datePublished\":\"2017-03-02T12:20:34+00:00\",\"dateModified\":\"2017-03-02T12:35:35+00:00\",\"author\":{\"@id\":\"https:\/\/www.polisrecreio.com.br\/site\/#\/schema\/person\/3363c1c78e1e28e1329d97adb387638e\"},\"inLanguage\":\"pt-BR\",\"potentialAction\":[{\"@type\":\"ReadAction\",\"target\":[\"https:\/\/www.polisrecreio.com.br\/site\/2017\/03\/02\/um-carnaval-que-recreio-merece-avaliou-o-prefeito-ze-maria-barros\/\"]}]},{\"@type\":\"Person\",\"@id\":\"https:\/\/www.polisrecreio.com.br\/site\/#\/schema\/person\/3363c1c78e1e28e1329d97adb387638e\",\"name\":\"Leonardo Ribeiro\",\"image\":{\"@type\":\"ImageObject\",\"@id\":\"https:\/\/www.polisrecreio.com.br\/site\/#personlogo\",\"inLanguage\":\"pt-BR\",\"url\":\"https:\/\/secure.gravatar.com\/avatar\/6ba92a37d621e1a83e23710251178a12?s=96&d=mm&r=g\",\"caption\":\"Leonardo Ribeiro\"},\"sameAs\":[\"http:\/\/www.polisrecreio.com.br\"]}]}<\/script>\n<!-- \/ Yoast SEO plugin. -->","_links":{"self":[{"href":"https:\/\/www.polisrecreio.com.br\/site\/wp-json\/wp\/v2\/posts\/4624"}],"collection":[{"href":"https:\/\/www.polisrecreio.com.br\/site\/wp-json\/wp\/v2\/posts"}],"about":[{"href":"https:\/\/www.polisrecreio.com.br\/site\/wp-json\/wp\/v2\/types\/post"}],"author":[{"embeddable":true,"href":"https:\/\/www.polisrecreio.com.br\/site\/wp-json\/wp\/v2\/users\/3"}],"replies":[{"embeddable":true,"href":"https:\/\/www.polisrecreio.com.br\/site\/wp-json\/wp\/v2\/comments?post=4624"}],"version-history":[{"count":7,"href":"https:\/\/www.polisrecreio.com.br\/site\/wp-json\/wp\/v2\/posts\/4624\/revisions"}],"predecessor-version":[{"id":4633,"href":"https:\/\/www.polisrecreio.com.br\/site\/wp-json\/wp\/v2\/posts\/4624\/revisions\/4633"}],"wp:featuredmedia":[{"embeddable":true,"href":"https:\/\/www.polisrecreio.com.br\/site\/wp-json\/wp\/v2\/media\/4625"}],"wp:attachment":[{"href":"https:\/\/www.polisrecreio.com.br\/site\/wp-json\/wp\/v2\/media?parent=4624"}],"wp:term":[{"taxonomy":"category","embeddable":true,"href":"https:\/\/www.polisrecreio.com.br\/site\/wp-json\/wp\/v2\/categories?post=4624"},{"taxonomy":"post_tag","embeddable":true,"href":"https:\/\/www.polisrecreio.com.br\/site\/wp-json\/wp\/v2\/tags?post=4624"}],"curies":[{"name":"wp","href":"https:\/\/api.w.org\/{rel}","templated":true}]}}