{"id":4767,"date":"2017-03-13T10:04:44","date_gmt":"2017-03-13T13:04:44","guid":{"rendered":"http:\/\/www.polisrecreio.com.br\/site\/?p=4767"},"modified":"2017-03-13T10:08:45","modified_gmt":"2017-03-13T13:08:45","slug":"prefeito-de-recreio-paga-os-4-de-reajuste-dos-servidores-retroativo-a-janeiro","status":"publish","type":"post","link":"https:\/\/www.polisrecreio.com.br\/site\/2017\/03\/13\/prefeito-de-recreio-paga-os-4-de-reajuste-dos-servidores-retroativo-a-janeiro\/","title":{"rendered":"Prefeito de Recreio paga os 4% de reajuste dos servidores retroativo a janeiro"},"content":{"rendered":"<p style=\"text-align: justify;\">O prefeito de Recreio, Z\u00e9 Maria Barros, pagou na \u00faltima sexta-feira (10) os 4% de reajuste dos servidores proposto na Lei Municipal n\u00ba 1.568\/2015. Os valores foram retroativos a janeiro.<\/p>\n<p style=\"text-align: justify;\"><!--more--><\/p>\n<figure id=\"attachment_4114\" aria-describedby=\"caption-attachment-4114\" style=\"width: 750px\" class=\"wp-caption aligncenter\"><a href=\"http:\/\/www.polisrecreio.com.br\/site\/wp-content\/uploads\/2017\/01\/DSCN3780-2.jpg\"><img loading=\"lazy\" class=\"size-full wp-image-4114\" src=\"http:\/\/www.polisrecreio.com.br\/site\/wp-content\/uploads\/2017\/01\/DSCN3780-2.jpg\" alt=\"Prefeito de Recreio, Z\u00e9 Maria Barros.\" width=\"750\" height=\"411\" srcset=\"https:\/\/www.polisrecreio.com.br\/site\/wp-content\/uploads\/2017\/01\/DSCN3780-2.jpg 750w, https:\/\/www.polisrecreio.com.br\/site\/wp-content\/uploads\/2017\/01\/DSCN3780-2-300x164.jpg 300w\" sizes=\"(max-width: 750px) 100vw, 750px\" \/><\/a><figcaption id=\"caption-attachment-4114\" class=\"wp-caption-text\">Prefeito de Recreio, Z\u00e9 Maria Barros.<\/figcaption><\/figure>\n<p style=\"text-align: justify;\">A Lei de 25 de setembro de 2015, criada pelo ex-prefeito \u00d4nio Fialho, propunha conceder a revis\u00e3o salarial na propor\u00e7\u00e3o de 20% ao funcionalismo municipal, exceto a gratifica\u00e7\u00e3o dos conselheiros tutelares; os subs\u00eddios do prefeito, vice-prefeito e secret\u00e1rios municipais; os vencimentos dos agentes comunit\u00e1rios de sa\u00fade e de endemias; e os beneficiados pelo reajuste do sal\u00e1rio m\u00ednimo nacional.<\/p>\n<p style=\"text-align: justify;\">A ideia do ex-gestor era escalonar os 20% em cinco etapas de 4%, por\u00e9m, os reajustes que seriam dados durante o seu mandato ele vetou, mantendo os dois do governo 2017\/2020. Na \u00e9poca a justificativa foi a dificuldade financeira.<\/p>\n<p style=\"text-align: justify;\">Nesta segunda-feira (13) o prefeito Z\u00e9 Maria enviou \u00e0 C\u00e2mara Municipal um projeto de lei propondo conceder mais 3,5% a uma determinada classe dos servidores. A vota\u00e7\u00e3o acontecer\u00e1 hoje. As informa\u00e7\u00f5es completas sobre esta revis\u00e3o ser\u00e3o divulgadas mais tarde.<\/p>\n","protected":false},"excerpt":{"rendered":"<p>O prefeito de Recreio, Z\u00e9 Maria Barros, pagou na \u00faltima sexta-feira (10) os 4% de reajuste dos servidores proposto na Lei Municipal n\u00ba 1.568\/2015. Os valores foram retroativos a janeiro.<\/p>\n","protected":false},"author":3,"featured_media":4114,"comment_status":"open","ping_status":"open","sticky":false,"template":"","format":"standard","meta":[],"categories":[6],"tags":[],"yoast_head":"<!-- This site is optimized with the Yoast SEO plugin v15.6.2 - https:\/\/yoast.com\/wordpress\/plugins\/seo\/ -->\n<meta name=\"robots\" content=\"index, follow, max-snippet:-1, max-image-preview:large, max-video-preview:-1\" \/>\n<link rel=\"canonical\" href=\"http:\/\/www.polisrecreio.com.br\/site\/2017\/03\/13\/prefeito-de-recreio-paga-os-4-de-reajuste-dos-servidores-retroativo-a-janeiro\/\" \/>\n<meta property=\"og:locale\" content=\"pt_BR\" \/>\n<meta property=\"og:type\" content=\"article\" \/>\n<meta property=\"og:title\" content=\"Prefeito de Recreio paga os 4% de reajuste dos servidores retroativo a janeiro - P\u00f3lis Recreio\" \/>\n<meta property=\"og:description\" content=\"O prefeito de Recreio, Z\u00e9 Maria Barros, pagou na \u00faltima sexta-feira (10) os 4% de reajuste dos servidores proposto na Lei Municipal n\u00ba 1.568\/2015. Os valores foram retroativos a janeiro.\" \/>\n<meta property=\"og:url\" content=\"http:\/\/www.polisrecreio.com.br\/site\/2017\/03\/13\/prefeito-de-recreio-paga-os-4-de-reajuste-dos-servidores-retroativo-a-janeiro\/\" \/>\n<meta property=\"og:site_name\" content=\"P\u00f3lis Recreio\" \/>\n<meta property=\"article:publisher\" content=\"https:\/\/www.facebook.com\/Site-P%c3%b3lis-Recreio-MG-181941708571019\/\" \/>\n<meta property=\"article:published_time\" content=\"2017-03-13T13:04:44+00:00\" \/>\n<meta property=\"article:modified_time\" content=\"2017-03-13T13:08:45+00:00\" \/>\n<meta property=\"og:image\" content=\"https:\/\/www.polisrecreio.com.br\/site\/wp-content\/uploads\/2017\/01\/DSCN3780-2.jpg\" \/>\n\t<meta property=\"og:image:width\" content=\"750\" \/>\n\t<meta property=\"og:image:height\" content=\"411\" \/>\n<meta name=\"twitter:card\" content=\"summary_large_image\" \/>\n<meta name=\"twitter:creator\" content=\"@PolisRecreio\" \/>\n<meta name=\"twitter:site\" content=\"@PolisRecreio\" \/>\n<meta name=\"twitter:label1\" content=\"Est. reading time\">\n\t<meta name=\"twitter:data1\" content=\"1 minuto\">\n<script type=\"application\/ld+json\" class=\"yoast-schema-graph\">{\"@context\":\"https:\/\/schema.org\",\"@graph\":[{\"@type\":\"WebSite\",\"@id\":\"https:\/\/www.polisrecreio.com.br\/site\/#website\",\"url\":\"https:\/\/www.polisrecreio.com.br\/site\/\",\"name\":\"P\\u00f3lis Recreio\",\"description\":\"\",\"potentialAction\":[{\"@type\":\"SearchAction\",\"target\":\"https:\/\/www.polisrecreio.com.br\/site\/?s={search_term_string}\",\"query-input\":\"required name=search_term_string\"}],\"inLanguage\":\"pt-BR\"},{\"@type\":\"ImageObject\",\"@id\":\"http:\/\/www.polisrecreio.com.br\/site\/2017\/03\/13\/prefeito-de-recreio-paga-os-4-de-reajuste-dos-servidores-retroativo-a-janeiro\/#primaryimage\",\"inLanguage\":\"pt-BR\",\"url\":\"https:\/\/www.polisrecreio.com.br\/site\/wp-content\/uploads\/2017\/01\/DSCN3780-2.jpg\",\"width\":750,\"height\":411,\"caption\":\"Prefeito de Recreio, Z\\u00e9 Maria Barros.\"},{\"@type\":\"WebPage\",\"@id\":\"http:\/\/www.polisrecreio.com.br\/site\/2017\/03\/13\/prefeito-de-recreio-paga-os-4-de-reajuste-dos-servidores-retroativo-a-janeiro\/#webpage\",\"url\":\"http:\/\/www.polisrecreio.com.br\/site\/2017\/03\/13\/prefeito-de-recreio-paga-os-4-de-reajuste-dos-servidores-retroativo-a-janeiro\/\",\"name\":\"Prefeito de Recreio paga os 4% de reajuste dos servidores retroativo a janeiro - P\\u00f3lis Recreio\",\"isPartOf\":{\"@id\":\"https:\/\/www.polisrecreio.com.br\/site\/#website\"},\"primaryImageOfPage\":{\"@id\":\"http:\/\/www.polisrecreio.com.br\/site\/2017\/03\/13\/prefeito-de-recreio-paga-os-4-de-reajuste-dos-servidores-retroativo-a-janeiro\/#primaryimage\"},\"datePublished\":\"2017-03-13T13:04:44+00:00\",\"dateModified\":\"2017-03-13T13:08:45+00:00\",\"author\":{\"@id\":\"https:\/\/www.polisrecreio.com.br\/site\/#\/schema\/person\/3363c1c78e1e28e1329d97adb387638e\"},\"inLanguage\":\"pt-BR\",\"potentialAction\":[{\"@type\":\"ReadAction\",\"target\":[\"http:\/\/www.polisrecreio.com.br\/site\/2017\/03\/13\/prefeito-de-recreio-paga-os-4-de-reajuste-dos-servidores-retroativo-a-janeiro\/\"]}]},{\"@type\":\"Person\",\"@id\":\"https:\/\/www.polisrecreio.com.br\/site\/#\/schema\/person\/3363c1c78e1e28e1329d97adb387638e\",\"name\":\"Leonardo Ribeiro\",\"image\":{\"@type\":\"ImageObject\",\"@id\":\"https:\/\/www.polisrecreio.com.br\/site\/#personlogo\",\"inLanguage\":\"pt-BR\",\"url\":\"https:\/\/secure.gravatar.com\/avatar\/6ba92a37d621e1a83e23710251178a12?s=96&d=mm&r=g\",\"caption\":\"Leonardo Ribeiro\"},\"sameAs\":[\"http:\/\/www.polisrecreio.com.br\"]}]}<\/script>\n<!-- \/ Yoast SEO plugin. -->","_links":{"self":[{"href":"https:\/\/www.polisrecreio.com.br\/site\/wp-json\/wp\/v2\/posts\/4767"}],"collection":[{"href":"https:\/\/www.polisrecreio.com.br\/site\/wp-json\/wp\/v2\/posts"}],"about":[{"href":"https:\/\/www.polisrecreio.com.br\/site\/wp-json\/wp\/v2\/types\/post"}],"author":[{"embeddable":true,"href":"https:\/\/www.polisrecreio.com.br\/site\/wp-json\/wp\/v2\/users\/3"}],"replies":[{"embeddable":true,"href":"https:\/\/www.polisrecreio.com.br\/site\/wp-json\/wp\/v2\/comments?post=4767"}],"version-history":[{"count":4,"href":"https:\/\/www.polisrecreio.com.br\/site\/wp-json\/wp\/v2\/posts\/4767\/revisions"}],"predecessor-version":[{"id":4771,"href":"https:\/\/www.polisrecreio.com.br\/site\/wp-json\/wp\/v2\/posts\/4767\/revisions\/4771"}],"wp:featuredmedia":[{"embeddable":true,"href":"https:\/\/www.polisrecreio.com.br\/site\/wp-json\/wp\/v2\/media\/4114"}],"wp:attachment":[{"href":"https:\/\/www.polisrecreio.com.br\/site\/wp-json\/wp\/v2\/media?parent=4767"}],"wp:term":[{"taxonomy":"category","embeddable":true,"href":"https:\/\/www.polisrecreio.com.br\/site\/wp-json\/wp\/v2\/categories?post=4767"},{"taxonomy":"post_tag","embeddable":true,"href":"https:\/\/www.polisrecreio.com.br\/site\/wp-json\/wp\/v2\/tags?post=4767"}],"curies":[{"name":"wp","href":"https:\/\/api.w.org\/{rel}","templated":true}]}}