{"id":4772,"date":"2017-03-13T12:28:55","date_gmt":"2017-03-13T15:28:55","guid":{"rendered":"http:\/\/www.polisrecreio.com.br\/site\/?p=4772"},"modified":"2017-03-13T12:32:57","modified_gmt":"2017-03-13T15:32:57","slug":"cobra-e-encontrada-na-cohab-e-pm-ambiental-diz-que-deveria-ter-sido-acionada","status":"publish","type":"post","link":"https:\/\/www.polisrecreio.com.br\/site\/2017\/03\/13\/cobra-e-encontrada-na-cohab-e-pm-ambiental-diz-que-deveria-ter-sido-acionada\/","title":{"rendered":"Cobra \u00e9 encontrada na Cohab e PM Ambiental diz que deveria ter sido acionada"},"content":{"rendered":"<p style=\"text-align: justify;\">Na \u00faltima semana uma cobra, provavelmente uma jiboia, de quase 2 metros foi encontrada no Conjunto Habitacional Dr. Iraj\u00e1 Jos\u00e9 Fernandes, bairro Jos\u00e9 Taranto Luz. Moradores mataram, por\u00e9m, a Pol\u00edcia Militar do Meio Ambiente disse que o correto seria acion\u00e1-la.<\/p>\n<p style=\"text-align: justify;\"><!--more--><\/p>\n<figure id=\"attachment_4774\" aria-describedby=\"caption-attachment-4774\" style=\"width: 750px\" class=\"wp-caption aligncenter\"><a href=\"http:\/\/www.polisrecreio.com.br\/site\/wp-content\/uploads\/2017\/03\/17238256_1205432826236702_954651475_n.jpg\"><img loading=\"lazy\" class=\"size-full wp-image-4774\" src=\"http:\/\/www.polisrecreio.com.br\/site\/wp-content\/uploads\/2017\/03\/17238256_1205432826236702_954651475_n.jpg\" alt=\"Cobra encontrada na Cohab.\" width=\"750\" height=\"563\" srcset=\"https:\/\/www.polisrecreio.com.br\/site\/wp-content\/uploads\/2017\/03\/17238256_1205432826236702_954651475_n.jpg 750w, https:\/\/www.polisrecreio.com.br\/site\/wp-content\/uploads\/2017\/03\/17238256_1205432826236702_954651475_n-300x225.jpg 300w\" sizes=\"(max-width: 750px) 100vw, 750px\" \/><\/a><figcaption id=\"caption-attachment-4774\" class=\"wp-caption-text\">Cobra encontrada na Cohab.<\/figcaption><\/figure>\n<p style=\"text-align: justify;\">A Cohab Dr. Iraj\u00e1 encontra-se pr\u00f3xima a uma \u00e1rea de mata fechada, rodeado de uma grande extens\u00e3o de pastagem. A cobra foi encontrada em uma \u00e1rvore. Um morador n\u00e3o identificado acabou matando o animal.<\/p>\n<p style=\"text-align: justify;\">Segundo Lei n\u00ba 9.605, de 11 de fevereiro de 1998, \u201cdos crimes contra o meio ambiente\u201d, relata no cap\u00edtulo V \u2013 se\u00e7\u00e3o I \u2013 Art. 29, \u201cmatar, perseguir, ca\u00e7ar, apanhar, utilizar esp\u00e9cimes da fauna silvestre, nativos ou em rota migrat\u00f3ria, sem a devida permiss\u00e3o, licen\u00e7a ou autoriza\u00e7\u00e3o da autoridade competente, ou em desacordo com a obtida pode ser detido de seis meses a um ano e mais multa\u201d.<\/p>\n<p style=\"text-align: justify;\">\u201cNestes casos como o ocorrido em Recreio o indicado \u00e9 acionar a Pol\u00edcia Militar do Meio de Ambiente de Leopoldina pelo telefone (32) 3441-0243\u201d, informou a PM Ambiental.<\/p>\n<figure id=\"attachment_4773\" aria-describedby=\"caption-attachment-4773\" style=\"width: 750px\" class=\"wp-caption aligncenter\"><a href=\"http:\/\/www.polisrecreio.com.br\/site\/wp-content\/uploads\/2017\/03\/17238176_1205433126236672_1247592408_n.jpg\"><img loading=\"lazy\" class=\"wp-image-4773 size-full\" src=\"http:\/\/www.polisrecreio.com.br\/site\/wp-content\/uploads\/2017\/03\/17238176_1205433126236672_1247592408_n.jpg\" alt=\"17238176_1205433126236672_1247592408_n\" width=\"750\" height=\"709\" srcset=\"https:\/\/www.polisrecreio.com.br\/site\/wp-content\/uploads\/2017\/03\/17238176_1205433126236672_1247592408_n.jpg 750w, https:\/\/www.polisrecreio.com.br\/site\/wp-content\/uploads\/2017\/03\/17238176_1205433126236672_1247592408_n-300x284.jpg 300w\" sizes=\"(max-width: 750px) 100vw, 750px\" \/><\/a><figcaption id=\"caption-attachment-4773\" class=\"wp-caption-text\">Cobra na \u00e1rvore.<\/figcaption><\/figure>\n","protected":false},"excerpt":{"rendered":"<p>Na \u00faltima semana uma cobra, provavelmente uma jiboia, de quase 2 metros foi encontrada no Conjunto Habitacional Dr. Iraj\u00e1 Jos\u00e9 Fernandes, bairro Jos\u00e9 Taranto Luz. Moradores mataram, por\u00e9m, a Pol\u00edcia Militar do Meio Ambiente disse que o correto seria acion\u00e1-la.<\/p>\n","protected":false},"author":3,"featured_media":4774,"comment_status":"open","ping_status":"open","sticky":false,"template":"","format":"standard","meta":[],"categories":[14],"tags":[],"yoast_head":"<!-- This site is optimized with the Yoast SEO plugin v15.6.2 - https:\/\/yoast.com\/wordpress\/plugins\/seo\/ -->\n<meta name=\"robots\" content=\"index, follow, max-snippet:-1, max-image-preview:large, max-video-preview:-1\" \/>\n<link rel=\"canonical\" href=\"https:\/\/www.polisrecreio.com.br\/site\/2017\/03\/13\/cobra-e-encontrada-na-cohab-e-pm-ambiental-diz-que-deveria-ter-sido-acionada\/\" \/>\n<meta property=\"og:locale\" content=\"pt_BR\" \/>\n<meta property=\"og:type\" content=\"article\" \/>\n<meta property=\"og:title\" content=\"Cobra \u00e9 encontrada na Cohab e PM Ambiental diz que deveria ter sido acionada - P\u00f3lis Recreio\" \/>\n<meta property=\"og:description\" content=\"Na \u00faltima semana uma cobra, provavelmente uma jiboia, de quase 2 metros foi encontrada no Conjunto Habitacional Dr. Iraj\u00e1 Jos\u00e9 Fernandes, bairro Jos\u00e9 Taranto Luz. Moradores mataram, por\u00e9m, a Pol\u00edcia Militar do Meio Ambiente disse que o correto seria acion\u00e1-la.\" \/>\n<meta property=\"og:url\" content=\"https:\/\/www.polisrecreio.com.br\/site\/2017\/03\/13\/cobra-e-encontrada-na-cohab-e-pm-ambiental-diz-que-deveria-ter-sido-acionada\/\" \/>\n<meta property=\"og:site_name\" content=\"P\u00f3lis Recreio\" \/>\n<meta property=\"article:publisher\" content=\"https:\/\/www.facebook.com\/Site-P%c3%b3lis-Recreio-MG-181941708571019\/\" \/>\n<meta property=\"article:published_time\" content=\"2017-03-13T15:28:55+00:00\" \/>\n<meta property=\"article:modified_time\" content=\"2017-03-13T15:32:57+00:00\" \/>\n<meta property=\"og:image\" content=\"https:\/\/www.polisrecreio.com.br\/site\/wp-content\/uploads\/2017\/03\/17238256_1205432826236702_954651475_n.jpg\" \/>\n\t<meta property=\"og:image:width\" content=\"750\" \/>\n\t<meta property=\"og:image:height\" content=\"563\" \/>\n<meta name=\"twitter:card\" content=\"summary_large_image\" \/>\n<meta name=\"twitter:creator\" content=\"@PolisRecreio\" \/>\n<meta name=\"twitter:site\" content=\"@PolisRecreio\" \/>\n<meta name=\"twitter:label1\" content=\"Est. reading time\">\n\t<meta name=\"twitter:data1\" content=\"1 minuto\">\n<script type=\"application\/ld+json\" class=\"yoast-schema-graph\">{\"@context\":\"https:\/\/schema.org\",\"@graph\":[{\"@type\":\"WebSite\",\"@id\":\"https:\/\/www.polisrecreio.com.br\/site\/#website\",\"url\":\"https:\/\/www.polisrecreio.com.br\/site\/\",\"name\":\"P\\u00f3lis Recreio\",\"description\":\"\",\"potentialAction\":[{\"@type\":\"SearchAction\",\"target\":\"https:\/\/www.polisrecreio.com.br\/site\/?s={search_term_string}\",\"query-input\":\"required name=search_term_string\"}],\"inLanguage\":\"pt-BR\"},{\"@type\":\"ImageObject\",\"@id\":\"https:\/\/www.polisrecreio.com.br\/site\/2017\/03\/13\/cobra-e-encontrada-na-cohab-e-pm-ambiental-diz-que-deveria-ter-sido-acionada\/#primaryimage\",\"inLanguage\":\"pt-BR\",\"url\":\"https:\/\/www.polisrecreio.com.br\/site\/wp-content\/uploads\/2017\/03\/17238256_1205432826236702_954651475_n.jpg\",\"width\":750,\"height\":563,\"caption\":\"Cobra encontrada na Cohab.\"},{\"@type\":\"WebPage\",\"@id\":\"https:\/\/www.polisrecreio.com.br\/site\/2017\/03\/13\/cobra-e-encontrada-na-cohab-e-pm-ambiental-diz-que-deveria-ter-sido-acionada\/#webpage\",\"url\":\"https:\/\/www.polisrecreio.com.br\/site\/2017\/03\/13\/cobra-e-encontrada-na-cohab-e-pm-ambiental-diz-que-deveria-ter-sido-acionada\/\",\"name\":\"Cobra \\u00e9 encontrada na Cohab e PM Ambiental diz que deveria ter sido acionada - P\\u00f3lis Recreio\",\"isPartOf\":{\"@id\":\"https:\/\/www.polisrecreio.com.br\/site\/#website\"},\"primaryImageOfPage\":{\"@id\":\"https:\/\/www.polisrecreio.com.br\/site\/2017\/03\/13\/cobra-e-encontrada-na-cohab-e-pm-ambiental-diz-que-deveria-ter-sido-acionada\/#primaryimage\"},\"datePublished\":\"2017-03-13T15:28:55+00:00\",\"dateModified\":\"2017-03-13T15:32:57+00:00\",\"author\":{\"@id\":\"https:\/\/www.polisrecreio.com.br\/site\/#\/schema\/person\/3363c1c78e1e28e1329d97adb387638e\"},\"inLanguage\":\"pt-BR\",\"potentialAction\":[{\"@type\":\"ReadAction\",\"target\":[\"https:\/\/www.polisrecreio.com.br\/site\/2017\/03\/13\/cobra-e-encontrada-na-cohab-e-pm-ambiental-diz-que-deveria-ter-sido-acionada\/\"]}]},{\"@type\":\"Person\",\"@id\":\"https:\/\/www.polisrecreio.com.br\/site\/#\/schema\/person\/3363c1c78e1e28e1329d97adb387638e\",\"name\":\"Leonardo Ribeiro\",\"image\":{\"@type\":\"ImageObject\",\"@id\":\"https:\/\/www.polisrecreio.com.br\/site\/#personlogo\",\"inLanguage\":\"pt-BR\",\"url\":\"https:\/\/secure.gravatar.com\/avatar\/6ba92a37d621e1a83e23710251178a12?s=96&d=mm&r=g\",\"caption\":\"Leonardo Ribeiro\"},\"sameAs\":[\"http:\/\/www.polisrecreio.com.br\"]}]}<\/script>\n<!-- \/ Yoast SEO plugin. -->","_links":{"self":[{"href":"https:\/\/www.polisrecreio.com.br\/site\/wp-json\/wp\/v2\/posts\/4772"}],"collection":[{"href":"https:\/\/www.polisrecreio.com.br\/site\/wp-json\/wp\/v2\/posts"}],"about":[{"href":"https:\/\/www.polisrecreio.com.br\/site\/wp-json\/wp\/v2\/types\/post"}],"author":[{"embeddable":true,"href":"https:\/\/www.polisrecreio.com.br\/site\/wp-json\/wp\/v2\/users\/3"}],"replies":[{"embeddable":true,"href":"https:\/\/www.polisrecreio.com.br\/site\/wp-json\/wp\/v2\/comments?post=4772"}],"version-history":[{"count":3,"href":"https:\/\/www.polisrecreio.com.br\/site\/wp-json\/wp\/v2\/posts\/4772\/revisions"}],"predecessor-version":[{"id":4777,"href":"https:\/\/www.polisrecreio.com.br\/site\/wp-json\/wp\/v2\/posts\/4772\/revisions\/4777"}],"wp:featuredmedia":[{"embeddable":true,"href":"https:\/\/www.polisrecreio.com.br\/site\/wp-json\/wp\/v2\/media\/4774"}],"wp:attachment":[{"href":"https:\/\/www.polisrecreio.com.br\/site\/wp-json\/wp\/v2\/media?parent=4772"}],"wp:term":[{"taxonomy":"category","embeddable":true,"href":"https:\/\/www.polisrecreio.com.br\/site\/wp-json\/wp\/v2\/categories?post=4772"},{"taxonomy":"post_tag","embeddable":true,"href":"https:\/\/www.polisrecreio.com.br\/site\/wp-json\/wp\/v2\/tags?post=4772"}],"curies":[{"name":"wp","href":"https:\/\/api.w.org\/{rel}","templated":true}]}}