{"id":4778,"date":"2017-03-13T16:06:29","date_gmt":"2017-03-13T19:06:29","guid":{"rendered":"http:\/\/www.polisrecreio.com.br\/site\/?p=4778"},"modified":"2017-03-13T16:06:29","modified_gmt":"2017-03-13T19:06:29","slug":"camara-de-recreio-vota-nesta-segunda-feira-reajuste-dos-servidores-da-prefeitura","status":"publish","type":"post","link":"https:\/\/www.polisrecreio.com.br\/site\/2017\/03\/13\/camara-de-recreio-vota-nesta-segunda-feira-reajuste-dos-servidores-da-prefeitura\/","title":{"rendered":"C\u00e2mara de Recreio vota nesta segunda-feira reajuste dos servidores da Prefeitura"},"content":{"rendered":"<p style=\"text-align: justify;\">A C\u00e2mara Municipal votar\u00e1 nesta segunda-feira o projeto de lei n\u00ba 1.487\/2017, de autoria do prefeito, Z\u00e9 Maria Barros, propondo reajustar o sal\u00e1rio dos servidores da Prefeitura de Recreio em 3,5%.<\/p>\n<p style=\"text-align: justify;\"><!--more--><\/p>\n<p style=\"text-align: justify;\"><a href=\"http:\/\/www.polisrecreio.com.br\/site\/wp-content\/uploads\/2017\/01\/19.jpg\"><img loading=\"lazy\" class=\"aligncenter size-full wp-image-3911\" src=\"http:\/\/www.polisrecreio.com.br\/site\/wp-content\/uploads\/2017\/01\/19.jpg\" alt=\"1\" width=\"750\" height=\"563\" srcset=\"https:\/\/www.polisrecreio.com.br\/site\/wp-content\/uploads\/2017\/01\/19.jpg 750w, https:\/\/www.polisrecreio.com.br\/site\/wp-content\/uploads\/2017\/01\/19-300x225.jpg 300w\" sizes=\"(max-width: 750px) 100vw, 750px\" \/><\/a><\/p>\n<p style=\"text-align: justify;\">De acordo com o projeto a revis\u00e3o salarial ser\u00e1 concedida aos funcion\u00e1rios p\u00fablicos municipais, independente de cargo, padr\u00e3o ou regime de trabalho, inclusive inativos.\u00a0A ideia \u00e9 conceder os novos sal\u00e1rios a parti deste m\u00eas.<\/p>\n<p><a href=\"http:\/\/www.polisrecreio.com.br\/site\/wp-content\/uploads\/2017\/01\/1111.jpg\"><img loading=\"lazy\" class=\"alignright wp-image-3920 size-medium\" src=\"http:\/\/www.polisrecreio.com.br\/site\/wp-content\/uploads\/2017\/01\/1111-300x206.jpg\" alt=\"Prefeito de Recreio, Z\u00e9 Maria Barros.\" width=\"300\" height=\"206\" srcset=\"https:\/\/www.polisrecreio.com.br\/site\/wp-content\/uploads\/2017\/01\/1111-300x206.jpg 300w, https:\/\/www.polisrecreio.com.br\/site\/wp-content\/uploads\/2017\/01\/1111.jpg 750w\" sizes=\"(max-width: 300px) 100vw, 300px\" \/><\/a><\/p>\n<p style=\"text-align: justify;\">As gratifica\u00e7\u00f5es para conselheiros tutelares; os subs\u00eddios para prefeito, vice-prefeito e secret\u00e1rios municipais; os sal\u00e1rios de agentes comunit\u00e1rios de sa\u00fade e de endemias; e os servidores beneficiados pelo reajuste do sal\u00e1rio m\u00ednimo nacional, n\u00e3o est\u00e3o inclu\u00eddos neste reajuste.<\/p>\n<p style=\"text-align: justify;\">Caso seja aprovado, o prefeito Z\u00e9 Maria (foto) ter\u00e1 concedido o maior reajuste salarial do funcionalismo dos \u00faltimos quatro anos, 7,5%. <a href=\"http:\/\/www.polisrecreio.com.br\/site\/2017\/03\/13\/prefeito-de-recreio-paga-os-4-de-reajuste-dos-servidores-retroativo-a-janeiro\/\" target=\"_blank\">Sendo 4% por meio da Lei Municipal n\u00ba 1.568\/2015<\/a> e mais 3,5% atrav\u00e9s da proposta atual.<\/p>\n<p><strong>Repasse financeiro ao Lar dos Velhos tamb\u00e9m ser\u00e1 votado<\/strong><\/p>\n<p style=\"text-align: justify;\">Nesta noite ser\u00e1 votado tamb\u00e9m outro projeto de autoria do executivo, o projeto de lei n\u00ba 1.488\/2015, que solicita autoriza\u00e7\u00e3o para repasse financeiro ao Lar dos Velhos na quantia de R$ 1.500 mensais.<\/p>\n<p style=\"text-align: justify;\">Al\u00e9m dos projetos, haver\u00e1 vota\u00e7\u00e3o de indica\u00e7\u00f5es dos vereadores. Cinco de cada parlamentar.<\/p>\n<p style=\"text-align: justify;\">A sess\u00e3o ordin\u00e1ria da C\u00e2mara Municipal come\u00e7a \u00e0s 18h.<\/p>\n","protected":false},"excerpt":{"rendered":"<p>A C\u00e2mara Municipal votar\u00e1 nesta segunda-feira o projeto de lei n\u00ba 1.487\/2017, de autoria do prefeito, Z\u00e9 Maria Barros, propondo reajustar o sal\u00e1rio dos servidores da Prefeitura de Recreio em 3,5%.<\/p>\n","protected":false},"author":3,"featured_media":3911,"comment_status":"open","ping_status":"open","sticky":false,"template":"","format":"standard","meta":[],"categories":[6],"tags":[],"yoast_head":"<!-- This site is optimized with the Yoast SEO plugin v15.6.2 - https:\/\/yoast.com\/wordpress\/plugins\/seo\/ -->\n<meta name=\"robots\" content=\"index, follow, max-snippet:-1, max-image-preview:large, max-video-preview:-1\" \/>\n<link rel=\"canonical\" href=\"http:\/\/www.polisrecreio.com.br\/site\/2017\/03\/13\/camara-de-recreio-vota-nesta-segunda-feira-reajuste-dos-servidores-da-prefeitura\/\" \/>\n<meta property=\"og:locale\" content=\"pt_BR\" \/>\n<meta property=\"og:type\" content=\"article\" \/>\n<meta property=\"og:title\" content=\"C\u00e2mara de Recreio vota nesta segunda-feira reajuste dos servidores da Prefeitura - P\u00f3lis Recreio\" \/>\n<meta property=\"og:description\" content=\"A C\u00e2mara Municipal votar\u00e1 nesta segunda-feira o projeto de lei n\u00ba 1.487\/2017, de autoria do prefeito, Z\u00e9 Maria Barros, propondo reajustar o sal\u00e1rio dos servidores da Prefeitura de Recreio em 3,5%.\" \/>\n<meta property=\"og:url\" content=\"http:\/\/www.polisrecreio.com.br\/site\/2017\/03\/13\/camara-de-recreio-vota-nesta-segunda-feira-reajuste-dos-servidores-da-prefeitura\/\" \/>\n<meta property=\"og:site_name\" content=\"P\u00f3lis Recreio\" \/>\n<meta property=\"article:publisher\" content=\"https:\/\/www.facebook.com\/Site-P%c3%b3lis-Recreio-MG-181941708571019\/\" \/>\n<meta property=\"article:published_time\" content=\"2017-03-13T19:06:29+00:00\" \/>\n<meta property=\"og:image\" content=\"https:\/\/www.polisrecreio.com.br\/site\/wp-content\/uploads\/2017\/01\/19.jpg\" \/>\n\t<meta property=\"og:image:width\" content=\"750\" \/>\n\t<meta property=\"og:image:height\" content=\"563\" \/>\n<meta name=\"twitter:card\" content=\"summary_large_image\" \/>\n<meta name=\"twitter:creator\" content=\"@PolisRecreio\" \/>\n<meta name=\"twitter:site\" content=\"@PolisRecreio\" \/>\n<meta name=\"twitter:label1\" content=\"Est. reading time\">\n\t<meta name=\"twitter:data1\" content=\"1 minuto\">\n<script type=\"application\/ld+json\" class=\"yoast-schema-graph\">{\"@context\":\"https:\/\/schema.org\",\"@graph\":[{\"@type\":\"WebSite\",\"@id\":\"https:\/\/www.polisrecreio.com.br\/site\/#website\",\"url\":\"https:\/\/www.polisrecreio.com.br\/site\/\",\"name\":\"P\\u00f3lis Recreio\",\"description\":\"\",\"potentialAction\":[{\"@type\":\"SearchAction\",\"target\":\"https:\/\/www.polisrecreio.com.br\/site\/?s={search_term_string}\",\"query-input\":\"required name=search_term_string\"}],\"inLanguage\":\"pt-BR\"},{\"@type\":\"ImageObject\",\"@id\":\"http:\/\/www.polisrecreio.com.br\/site\/2017\/03\/13\/camara-de-recreio-vota-nesta-segunda-feira-reajuste-dos-servidores-da-prefeitura\/#primaryimage\",\"inLanguage\":\"pt-BR\",\"url\":\"https:\/\/www.polisrecreio.com.br\/site\/wp-content\/uploads\/2017\/01\/19.jpg\",\"width\":750,\"height\":563},{\"@type\":\"WebPage\",\"@id\":\"http:\/\/www.polisrecreio.com.br\/site\/2017\/03\/13\/camara-de-recreio-vota-nesta-segunda-feira-reajuste-dos-servidores-da-prefeitura\/#webpage\",\"url\":\"http:\/\/www.polisrecreio.com.br\/site\/2017\/03\/13\/camara-de-recreio-vota-nesta-segunda-feira-reajuste-dos-servidores-da-prefeitura\/\",\"name\":\"C\\u00e2mara de Recreio vota nesta segunda-feira reajuste dos servidores da Prefeitura - P\\u00f3lis Recreio\",\"isPartOf\":{\"@id\":\"https:\/\/www.polisrecreio.com.br\/site\/#website\"},\"primaryImageOfPage\":{\"@id\":\"http:\/\/www.polisrecreio.com.br\/site\/2017\/03\/13\/camara-de-recreio-vota-nesta-segunda-feira-reajuste-dos-servidores-da-prefeitura\/#primaryimage\"},\"datePublished\":\"2017-03-13T19:06:29+00:00\",\"dateModified\":\"2017-03-13T19:06:29+00:00\",\"author\":{\"@id\":\"https:\/\/www.polisrecreio.com.br\/site\/#\/schema\/person\/3363c1c78e1e28e1329d97adb387638e\"},\"inLanguage\":\"pt-BR\",\"potentialAction\":[{\"@type\":\"ReadAction\",\"target\":[\"http:\/\/www.polisrecreio.com.br\/site\/2017\/03\/13\/camara-de-recreio-vota-nesta-segunda-feira-reajuste-dos-servidores-da-prefeitura\/\"]}]},{\"@type\":\"Person\",\"@id\":\"https:\/\/www.polisrecreio.com.br\/site\/#\/schema\/person\/3363c1c78e1e28e1329d97adb387638e\",\"name\":\"Leonardo Ribeiro\",\"image\":{\"@type\":\"ImageObject\",\"@id\":\"https:\/\/www.polisrecreio.com.br\/site\/#personlogo\",\"inLanguage\":\"pt-BR\",\"url\":\"https:\/\/secure.gravatar.com\/avatar\/6ba92a37d621e1a83e23710251178a12?s=96&d=mm&r=g\",\"caption\":\"Leonardo Ribeiro\"},\"sameAs\":[\"http:\/\/www.polisrecreio.com.br\"]}]}<\/script>\n<!-- \/ Yoast SEO plugin. -->","_links":{"self":[{"href":"https:\/\/www.polisrecreio.com.br\/site\/wp-json\/wp\/v2\/posts\/4778"}],"collection":[{"href":"https:\/\/www.polisrecreio.com.br\/site\/wp-json\/wp\/v2\/posts"}],"about":[{"href":"https:\/\/www.polisrecreio.com.br\/site\/wp-json\/wp\/v2\/types\/post"}],"author":[{"embeddable":true,"href":"https:\/\/www.polisrecreio.com.br\/site\/wp-json\/wp\/v2\/users\/3"}],"replies":[{"embeddable":true,"href":"https:\/\/www.polisrecreio.com.br\/site\/wp-json\/wp\/v2\/comments?post=4778"}],"version-history":[{"count":4,"href":"https:\/\/www.polisrecreio.com.br\/site\/wp-json\/wp\/v2\/posts\/4778\/revisions"}],"predecessor-version":[{"id":4782,"href":"https:\/\/www.polisrecreio.com.br\/site\/wp-json\/wp\/v2\/posts\/4778\/revisions\/4782"}],"wp:featuredmedia":[{"embeddable":true,"href":"https:\/\/www.polisrecreio.com.br\/site\/wp-json\/wp\/v2\/media\/3911"}],"wp:attachment":[{"href":"https:\/\/www.polisrecreio.com.br\/site\/wp-json\/wp\/v2\/media?parent=4778"}],"wp:term":[{"taxonomy":"category","embeddable":true,"href":"https:\/\/www.polisrecreio.com.br\/site\/wp-json\/wp\/v2\/categories?post=4778"},{"taxonomy":"post_tag","embeddable":true,"href":"https:\/\/www.polisrecreio.com.br\/site\/wp-json\/wp\/v2\/tags?post=4778"}],"curies":[{"name":"wp","href":"https:\/\/api.w.org\/{rel}","templated":true}]}}