{"id":4783,"date":"2017-03-13T19:49:19","date_gmt":"2017-03-13T22:49:19","guid":{"rendered":"http:\/\/www.polisrecreio.com.br\/site\/?p=4783"},"modified":"2017-03-13T19:56:56","modified_gmt":"2017-03-13T22:56:56","slug":"vereadores-de-recreio-adiam-reuniao-que-votaria-reajuste-dos-servidores-da-prefeitura","status":"publish","type":"post","link":"https:\/\/www.polisrecreio.com.br\/site\/2017\/03\/13\/vereadores-de-recreio-adiam-reuniao-que-votaria-reajuste-dos-servidores-da-prefeitura\/","title":{"rendered":"Vereadores de Recreio adiam reuni\u00e3o que votaria reajuste dos servidores da Prefeitura"},"content":{"rendered":"<p style=\"text-align: justify;\">Os vereadores de Recreio resolveram adiar a reuni\u00e3o desta segunda-feira (13) que votaria o reajuste de 3,5% para os servidores da Prefeitura. \u201cVamos analisar com o prefeito, Z\u00e9 Maria Barros, a possibilidade de estender para outros cargos\u201d, disse o presidente da C\u00e2mara, Paulinho Pintor.<\/p>\n<p style=\"text-align: justify;\"><!--more--><\/p>\n<figure id=\"attachment_4784\" aria-describedby=\"caption-attachment-4784\" style=\"width: 750px\" class=\"wp-caption aligncenter\"><a href=\"http:\/\/www.polisrecreio.com.br\/site\/wp-content\/uploads\/2017\/03\/DSCF6557.jpg\"><img loading=\"lazy\" class=\"size-full wp-image-4784\" src=\"http:\/\/www.polisrecreio.com.br\/site\/wp-content\/uploads\/2017\/03\/DSCF6557.jpg\" alt=\"Reuni\u00e3o da C\u00e2mara adiada.\" width=\"750\" height=\"563\" srcset=\"https:\/\/www.polisrecreio.com.br\/site\/wp-content\/uploads\/2017\/03\/DSCF6557.jpg 750w, https:\/\/www.polisrecreio.com.br\/site\/wp-content\/uploads\/2017\/03\/DSCF6557-300x225.jpg 300w\" sizes=\"(max-width: 750px) 100vw, 750px\" \/><\/a><figcaption id=\"caption-attachment-4784\" class=\"wp-caption-text\">Reuni\u00e3o da C\u00e2mara adiada.<\/figcaption><\/figure>\n<p style=\"text-align: justify;\">Segundo o presidente da C\u00e2mara, Paulinho Pintor, \u201ctodos os vereadores, em comum acordo, decidiram adiar para quinta-feira (16). Pretendemos analisar junto com o prefeito a possibilidade de estender a revis\u00e3o salarial para funcion\u00e1rios que atualmente est\u00e3o recebendo o m\u00ednimo nacional, devido \u00e0 defasagem dos \u00faltimos anos\u201d, concluiu.<\/p>\n<p style=\"text-align: justify;\">H\u00e1 tr\u00eas anos que o funcionalismo municipal n\u00e3o recebia reajuste. Este fato acarretou a equipara\u00e7\u00e3o de alguns cargos ao sal\u00e1rio m\u00ednimo. Conforme o projeto enviado \u00e0 C\u00e2mara os servidores beneficiados pelo reajuste do sal\u00e1rio m\u00ednimo nacional n\u00e3o recebem a revis\u00e3o de 3,5%. Gratifica\u00e7\u00f5es para conselheiros tutelares; subs\u00eddios para prefeito, vice-prefeito e secret\u00e1rios municipais; sal\u00e1rios de agentes comunit\u00e1rios de sa\u00fade e de endemias; tamb\u00e9m n\u00e3o est\u00e3o inclu\u00eddos no projeto de lei n\u00ba 1.487\/2017 (veja abaixo), de autoria do executivo.<\/p>\n<p style=\"text-align: justify;\">A C\u00e2mara volta a reunir-se quinta-feira (16), quando ser\u00e1 votado tamb\u00e9m o repasse financeiro ao Lar dos Velhos, no valor de R$ 1.500 mensais e as indica\u00e7\u00f5es dos parlamentares.<\/p>\n<p style=\"text-align: justify;\">Caso seja aprovado no legislativo o reajuste dos servidores da Prefeitura ser\u00e1 pago este m\u00eas.<\/p>\n<p style=\"text-align: justify;\">Leia tamb\u00e9m:\u00a0<a href=\"http:\/\/www.polisrecreio.com.br\/site\/2017\/03\/13\/prefeito-de-recreio-paga-os-4-de-reajuste-dos-servidores-retroativo-a-janeiro\" target=\"_blank\">http:\/\/www.polisrecreio.com.br\/site\/2017\/03\/13\/prefeito-de-recreio-paga-os-4-de-reajuste-dos-servidores-retroativo-a-janeiro<\/a><\/p>\n<p style=\"text-align: justify;\"><a href=\"http:\/\/www.polisrecreio.com.br\/site\/wp-content\/uploads\/2017\/03\/DSCF6560.jpg\"><img loading=\"lazy\" class=\"alignleft wp-image-4786 size-large\" src=\"http:\/\/www.polisrecreio.com.br\/site\/wp-content\/uploads\/2017\/03\/DSCF6560-707x1024.jpg\" alt=\"DSCF6560\" width=\"650\" height=\"941\" srcset=\"https:\/\/www.polisrecreio.com.br\/site\/wp-content\/uploads\/2017\/03\/DSCF6560-707x1024.jpg 707w, https:\/\/www.polisrecreio.com.br\/site\/wp-content\/uploads\/2017\/03\/DSCF6560-207x300.jpg 207w, https:\/\/www.polisrecreio.com.br\/site\/wp-content\/uploads\/2017\/03\/DSCF6560.jpg 750w\" sizes=\"(max-width: 650px) 100vw, 650px\" \/><\/a><\/p>\n","protected":false},"excerpt":{"rendered":"<p>Os vereadores de Recreio resolveram adiar a reuni\u00e3o desta segunda-feira (13) que votaria o reajuste de 3,5% para os servidores da Prefeitura. \u201cVamos analisar com o prefeito, Z\u00e9 Maria Barros, a possibilidade de estender para outros cargos\u201d, disse o presidente da C\u00e2mara, Paulinho Pintor.<\/p>\n","protected":false},"author":3,"featured_media":4784,"comment_status":"open","ping_status":"open","sticky":false,"template":"","format":"standard","meta":[],"categories":[6],"tags":[],"yoast_head":"<!-- This site is optimized with the Yoast SEO plugin v15.6.2 - https:\/\/yoast.com\/wordpress\/plugins\/seo\/ -->\n<meta name=\"robots\" content=\"index, follow, max-snippet:-1, max-image-preview:large, max-video-preview:-1\" \/>\n<link rel=\"canonical\" href=\"http:\/\/www.polisrecreio.com.br\/site\/2017\/03\/13\/vereadores-de-recreio-adiam-reuniao-que-votaria-reajuste-dos-servidores-da-prefeitura\/\" \/>\n<meta property=\"og:locale\" content=\"pt_BR\" \/>\n<meta property=\"og:type\" content=\"article\" \/>\n<meta property=\"og:title\" content=\"Vereadores de Recreio adiam reuni\u00e3o que votaria reajuste dos servidores da Prefeitura - P\u00f3lis Recreio\" \/>\n<meta property=\"og:description\" content=\"Os vereadores de Recreio resolveram adiar a reuni\u00e3o desta segunda-feira (13) que votaria o reajuste de 3,5% para os servidores da Prefeitura. \u201cVamos analisar com o prefeito, Z\u00e9 Maria Barros, a possibilidade de estender para outros cargos\u201d, disse o presidente da C\u00e2mara, Paulinho Pintor.\" \/>\n<meta property=\"og:url\" content=\"http:\/\/www.polisrecreio.com.br\/site\/2017\/03\/13\/vereadores-de-recreio-adiam-reuniao-que-votaria-reajuste-dos-servidores-da-prefeitura\/\" \/>\n<meta property=\"og:site_name\" content=\"P\u00f3lis Recreio\" \/>\n<meta property=\"article:publisher\" content=\"https:\/\/www.facebook.com\/Site-P%c3%b3lis-Recreio-MG-181941708571019\/\" \/>\n<meta property=\"article:published_time\" content=\"2017-03-13T22:49:19+00:00\" \/>\n<meta property=\"article:modified_time\" content=\"2017-03-13T22:56:56+00:00\" \/>\n<meta property=\"og:image\" content=\"https:\/\/www.polisrecreio.com.br\/site\/wp-content\/uploads\/2017\/03\/DSCF6557.jpg\" \/>\n\t<meta property=\"og:image:width\" content=\"750\" \/>\n\t<meta property=\"og:image:height\" content=\"563\" \/>\n<meta name=\"twitter:card\" content=\"summary_large_image\" \/>\n<meta name=\"twitter:creator\" content=\"@PolisRecreio\" \/>\n<meta name=\"twitter:site\" content=\"@PolisRecreio\" \/>\n<meta name=\"twitter:label1\" content=\"Est. reading time\">\n\t<meta name=\"twitter:data1\" content=\"1 minuto\">\n<script type=\"application\/ld+json\" class=\"yoast-schema-graph\">{\"@context\":\"https:\/\/schema.org\",\"@graph\":[{\"@type\":\"WebSite\",\"@id\":\"https:\/\/www.polisrecreio.com.br\/site\/#website\",\"url\":\"https:\/\/www.polisrecreio.com.br\/site\/\",\"name\":\"P\\u00f3lis Recreio\",\"description\":\"\",\"potentialAction\":[{\"@type\":\"SearchAction\",\"target\":\"https:\/\/www.polisrecreio.com.br\/site\/?s={search_term_string}\",\"query-input\":\"required name=search_term_string\"}],\"inLanguage\":\"pt-BR\"},{\"@type\":\"ImageObject\",\"@id\":\"http:\/\/www.polisrecreio.com.br\/site\/2017\/03\/13\/vereadores-de-recreio-adiam-reuniao-que-votaria-reajuste-dos-servidores-da-prefeitura\/#primaryimage\",\"inLanguage\":\"pt-BR\",\"url\":\"https:\/\/www.polisrecreio.com.br\/site\/wp-content\/uploads\/2017\/03\/DSCF6557.jpg\",\"width\":750,\"height\":563,\"caption\":\"Reuni\\u00e3o da C\\u00e2mara adiada.\"},{\"@type\":\"WebPage\",\"@id\":\"http:\/\/www.polisrecreio.com.br\/site\/2017\/03\/13\/vereadores-de-recreio-adiam-reuniao-que-votaria-reajuste-dos-servidores-da-prefeitura\/#webpage\",\"url\":\"http:\/\/www.polisrecreio.com.br\/site\/2017\/03\/13\/vereadores-de-recreio-adiam-reuniao-que-votaria-reajuste-dos-servidores-da-prefeitura\/\",\"name\":\"Vereadores de Recreio adiam reuni\\u00e3o que votaria reajuste dos servidores da Prefeitura - P\\u00f3lis Recreio\",\"isPartOf\":{\"@id\":\"https:\/\/www.polisrecreio.com.br\/site\/#website\"},\"primaryImageOfPage\":{\"@id\":\"http:\/\/www.polisrecreio.com.br\/site\/2017\/03\/13\/vereadores-de-recreio-adiam-reuniao-que-votaria-reajuste-dos-servidores-da-prefeitura\/#primaryimage\"},\"datePublished\":\"2017-03-13T22:49:19+00:00\",\"dateModified\":\"2017-03-13T22:56:56+00:00\",\"author\":{\"@id\":\"https:\/\/www.polisrecreio.com.br\/site\/#\/schema\/person\/3363c1c78e1e28e1329d97adb387638e\"},\"inLanguage\":\"pt-BR\",\"potentialAction\":[{\"@type\":\"ReadAction\",\"target\":[\"http:\/\/www.polisrecreio.com.br\/site\/2017\/03\/13\/vereadores-de-recreio-adiam-reuniao-que-votaria-reajuste-dos-servidores-da-prefeitura\/\"]}]},{\"@type\":\"Person\",\"@id\":\"https:\/\/www.polisrecreio.com.br\/site\/#\/schema\/person\/3363c1c78e1e28e1329d97adb387638e\",\"name\":\"Leonardo Ribeiro\",\"image\":{\"@type\":\"ImageObject\",\"@id\":\"https:\/\/www.polisrecreio.com.br\/site\/#personlogo\",\"inLanguage\":\"pt-BR\",\"url\":\"https:\/\/secure.gravatar.com\/avatar\/6ba92a37d621e1a83e23710251178a12?s=96&d=mm&r=g\",\"caption\":\"Leonardo Ribeiro\"},\"sameAs\":[\"http:\/\/www.polisrecreio.com.br\"]}]}<\/script>\n<!-- \/ Yoast SEO plugin. -->","_links":{"self":[{"href":"https:\/\/www.polisrecreio.com.br\/site\/wp-json\/wp\/v2\/posts\/4783"}],"collection":[{"href":"https:\/\/www.polisrecreio.com.br\/site\/wp-json\/wp\/v2\/posts"}],"about":[{"href":"https:\/\/www.polisrecreio.com.br\/site\/wp-json\/wp\/v2\/types\/post"}],"author":[{"embeddable":true,"href":"https:\/\/www.polisrecreio.com.br\/site\/wp-json\/wp\/v2\/users\/3"}],"replies":[{"embeddable":true,"href":"https:\/\/www.polisrecreio.com.br\/site\/wp-json\/wp\/v2\/comments?post=4783"}],"version-history":[{"count":6,"href":"https:\/\/www.polisrecreio.com.br\/site\/wp-json\/wp\/v2\/posts\/4783\/revisions"}],"predecessor-version":[{"id":4791,"href":"https:\/\/www.polisrecreio.com.br\/site\/wp-json\/wp\/v2\/posts\/4783\/revisions\/4791"}],"wp:featuredmedia":[{"embeddable":true,"href":"https:\/\/www.polisrecreio.com.br\/site\/wp-json\/wp\/v2\/media\/4784"}],"wp:attachment":[{"href":"https:\/\/www.polisrecreio.com.br\/site\/wp-json\/wp\/v2\/media?parent=4783"}],"wp:term":[{"taxonomy":"category","embeddable":true,"href":"https:\/\/www.polisrecreio.com.br\/site\/wp-json\/wp\/v2\/categories?post=4783"},{"taxonomy":"post_tag","embeddable":true,"href":"https:\/\/www.polisrecreio.com.br\/site\/wp-json\/wp\/v2\/tags?post=4783"}],"curies":[{"name":"wp","href":"https:\/\/api.w.org\/{rel}","templated":true}]}}