{"id":4796,"date":"2017-03-14T21:19:24","date_gmt":"2017-03-15T00:19:24","guid":{"rendered":"http:\/\/www.polisrecreio.com.br\/site\/?p=4796"},"modified":"2017-03-14T21:22:33","modified_gmt":"2017-03-15T00:22:33","slug":"secretario-de-esportes-entrega-projeto-do-campo-do-ideal-ao-corpo-de-bombeiros","status":"publish","type":"post","link":"https:\/\/www.polisrecreio.com.br\/site\/2017\/03\/14\/secretario-de-esportes-entrega-projeto-do-campo-do-ideal-ao-corpo-de-bombeiros\/","title":{"rendered":"Secret\u00e1rio de Esportes entrega projeto do campo do Ideal ao Corpo de Bombeiros"},"content":{"rendered":"<p style=\"text-align: justify;\">Ap\u00f3s mais de oito meses de interdi\u00e7\u00e3o do Est\u00e1dio Alcides Campos \u2013 campo do Ideal E.C \u2013 o secret\u00e1rio de Esportes, Leandro Ferreira Medeiros \u201cLeo Medeiros\u201d, protocolou junto ao\u00a0Corpo de Bombeiros de Leopoldina o projeto que busca a libera\u00e7\u00e3o para iniciar as obras de seguran\u00e7a exigidas.<\/p>\n<p style=\"text-align: justify;\"><!--more--><\/p>\n<figure id=\"attachment_4797\" aria-describedby=\"caption-attachment-4797\" style=\"width: 700px\" class=\"wp-caption aligncenter\"><a href=\"http:\/\/www.polisrecreio.com.br\/site\/wp-content\/uploads\/2017\/03\/17309852_322758381459622_2559834142623391134_n.jpg\"><img loading=\"lazy\" class=\"size-full wp-image-4797\" src=\"http:\/\/www.polisrecreio.com.br\/site\/wp-content\/uploads\/2017\/03\/17309852_322758381459622_2559834142623391134_n.jpg\" alt=\"Secret\u00e1rio de Esportes entregando projeto ao Corpo de Bombeiros.\" width=\"700\" height=\"433\" srcset=\"https:\/\/www.polisrecreio.com.br\/site\/wp-content\/uploads\/2017\/03\/17309852_322758381459622_2559834142623391134_n.jpg 700w, https:\/\/www.polisrecreio.com.br\/site\/wp-content\/uploads\/2017\/03\/17309852_322758381459622_2559834142623391134_n-300x186.jpg 300w\" sizes=\"(max-width: 700px) 100vw, 700px\" \/><\/a><figcaption id=\"caption-attachment-4797\" class=\"wp-caption-text\">Secret\u00e1rio de Esportes entregando projeto ao Corpo de Bombeiros.<\/figcaption><\/figure>\n<p style=\"text-align: justify;\">Ao contr\u00e1rio do que ocorre\u00a0no Est\u00e1dio Euvaldo Lodi \u2013 campo do Recreio E.C \u2013 onde o campo de jogo pode ser utilizado, o Alcides Campos tem todo o espa\u00e7o interditado. Segundo o secret\u00e1rio Leo Medeiros, \u201cfoi pedido a libera\u00e7\u00e3o do gramado para o retorno dos treinamentos das categorias de base e o projeto encaminhado para Muria\u00e9, por\u00e9m, n\u00e3o h\u00e1 previs\u00e3o de resposta&#8221;, concluiu.<\/p>\n<p style=\"text-align: justify;\">O campo do Ideal est\u00e1 interditado desde junho de 2016. A a\u00e7\u00e3o fiscalizadora realizada na Vila constatou a exist\u00eancia de irregularidades que contraria o art. 5\u00ba da Lei 14.130\/01 e art. 11\u00ba do Decreto Estadual n\u00ba 44.746\/08. Na \u00e9poca o Azul\u00e3o estava disputando a Copa dos Campe\u00f5es e precisou disputar seus jogos em Laranjal.<\/p>\n<p style=\"text-align: justify;\">Em meio \u00e0 divulga\u00e7\u00e3o da Copa dos Campe\u00f5es de 2017, promovida pela Liga Esportiva de Cataguases, nas redes sociais campanhas para o retorno do Ideal ganharam for\u00e7a. A dire\u00e7\u00e3o descartou a possibilidade.<\/p>\n<p style=\"text-align: justify;\"><strong>Campo do Recreio est\u00e1 quase pronto<\/strong><\/p>\n<p style=\"text-align: justify;\">No Est\u00e1dio Euvaldo Lodi &#8211; campo do Recreio E.C &#8211; as obras de seguran\u00e7a exigidas est\u00e3o quase conclu\u00eddas. No espa\u00e7o apenas a arquibancada est\u00e3o com pequenas irregularidades.<\/p>\n<p style=\"text-align: justify;\">Ap\u00f3s as obras o Corpo de Bombeiros ser\u00e1 acionado para vistoriar.<\/p>\n","protected":false},"excerpt":{"rendered":"<p>Ap\u00f3s mais de oito meses de interdi\u00e7\u00e3o do Est\u00e1dio Alcides Campos \u2013 campo do Ideal E.C \u2013 o secret\u00e1rio de Esportes, Leandro Ferreira Medeiros \u201cLeo Medeiros\u201d, protocolou junto ao\u00a0Corpo de Bombeiros de Leopoldina o projeto que busca a libera\u00e7\u00e3o para iniciar as obras de seguran\u00e7a exigidas.<\/p>\n","protected":false},"author":3,"featured_media":4797,"comment_status":"open","ping_status":"open","sticky":false,"template":"","format":"standard","meta":[],"categories":[4],"tags":[],"yoast_head":"<!-- This site is optimized with the Yoast SEO plugin v15.6.2 - https:\/\/yoast.com\/wordpress\/plugins\/seo\/ -->\n<meta name=\"robots\" content=\"index, follow, max-snippet:-1, max-image-preview:large, max-video-preview:-1\" \/>\n<link rel=\"canonical\" href=\"http:\/\/www.polisrecreio.com.br\/site\/2017\/03\/14\/secretario-de-esportes-entrega-projeto-do-campo-do-ideal-ao-corpo-de-bombeiros\/\" \/>\n<meta property=\"og:locale\" content=\"pt_BR\" \/>\n<meta property=\"og:type\" content=\"article\" \/>\n<meta property=\"og:title\" content=\"Secret\u00e1rio de Esportes entrega projeto do campo do Ideal ao Corpo de Bombeiros - P\u00f3lis Recreio\" \/>\n<meta property=\"og:description\" content=\"Ap\u00f3s mais de oito meses de interdi\u00e7\u00e3o do Est\u00e1dio Alcides Campos \u2013 campo do Ideal E.C \u2013 o secret\u00e1rio de Esportes, Leandro Ferreira Medeiros \u201cLeo Medeiros\u201d, protocolou junto ao\u00a0Corpo de Bombeiros de Leopoldina o projeto que busca a libera\u00e7\u00e3o para iniciar as obras de seguran\u00e7a exigidas.\" \/>\n<meta property=\"og:url\" content=\"http:\/\/www.polisrecreio.com.br\/site\/2017\/03\/14\/secretario-de-esportes-entrega-projeto-do-campo-do-ideal-ao-corpo-de-bombeiros\/\" \/>\n<meta property=\"og:site_name\" content=\"P\u00f3lis Recreio\" \/>\n<meta property=\"article:publisher\" content=\"https:\/\/www.facebook.com\/Site-P%c3%b3lis-Recreio-MG-181941708571019\/\" \/>\n<meta property=\"article:published_time\" content=\"2017-03-15T00:19:24+00:00\" \/>\n<meta property=\"article:modified_time\" content=\"2017-03-15T00:22:33+00:00\" \/>\n<meta property=\"og:image\" content=\"https:\/\/www.polisrecreio.com.br\/site\/wp-content\/uploads\/2017\/03\/17309852_322758381459622_2559834142623391134_n.jpg\" \/>\n\t<meta property=\"og:image:width\" content=\"700\" \/>\n\t<meta property=\"og:image:height\" content=\"433\" \/>\n<meta name=\"twitter:card\" content=\"summary_large_image\" \/>\n<meta name=\"twitter:creator\" content=\"@PolisRecreio\" \/>\n<meta name=\"twitter:site\" content=\"@PolisRecreio\" \/>\n<meta name=\"twitter:label1\" content=\"Est. reading time\">\n\t<meta name=\"twitter:data1\" content=\"1 minuto\">\n<script type=\"application\/ld+json\" class=\"yoast-schema-graph\">{\"@context\":\"https:\/\/schema.org\",\"@graph\":[{\"@type\":\"WebSite\",\"@id\":\"https:\/\/www.polisrecreio.com.br\/site\/#website\",\"url\":\"https:\/\/www.polisrecreio.com.br\/site\/\",\"name\":\"P\\u00f3lis Recreio\",\"description\":\"\",\"potentialAction\":[{\"@type\":\"SearchAction\",\"target\":\"https:\/\/www.polisrecreio.com.br\/site\/?s={search_term_string}\",\"query-input\":\"required name=search_term_string\"}],\"inLanguage\":\"pt-BR\"},{\"@type\":\"ImageObject\",\"@id\":\"http:\/\/www.polisrecreio.com.br\/site\/2017\/03\/14\/secretario-de-esportes-entrega-projeto-do-campo-do-ideal-ao-corpo-de-bombeiros\/#primaryimage\",\"inLanguage\":\"pt-BR\",\"url\":\"https:\/\/www.polisrecreio.com.br\/site\/wp-content\/uploads\/2017\/03\/17309852_322758381459622_2559834142623391134_n.jpg\",\"width\":700,\"height\":433,\"caption\":\"Secret\\u00e1rio de Esportes entregando projeto ao Corpo de Bombeiros.\"},{\"@type\":\"WebPage\",\"@id\":\"http:\/\/www.polisrecreio.com.br\/site\/2017\/03\/14\/secretario-de-esportes-entrega-projeto-do-campo-do-ideal-ao-corpo-de-bombeiros\/#webpage\",\"url\":\"http:\/\/www.polisrecreio.com.br\/site\/2017\/03\/14\/secretario-de-esportes-entrega-projeto-do-campo-do-ideal-ao-corpo-de-bombeiros\/\",\"name\":\"Secret\\u00e1rio de Esportes entrega projeto do campo do Ideal ao Corpo de Bombeiros - P\\u00f3lis Recreio\",\"isPartOf\":{\"@id\":\"https:\/\/www.polisrecreio.com.br\/site\/#website\"},\"primaryImageOfPage\":{\"@id\":\"http:\/\/www.polisrecreio.com.br\/site\/2017\/03\/14\/secretario-de-esportes-entrega-projeto-do-campo-do-ideal-ao-corpo-de-bombeiros\/#primaryimage\"},\"datePublished\":\"2017-03-15T00:19:24+00:00\",\"dateModified\":\"2017-03-15T00:22:33+00:00\",\"author\":{\"@id\":\"https:\/\/www.polisrecreio.com.br\/site\/#\/schema\/person\/3363c1c78e1e28e1329d97adb387638e\"},\"inLanguage\":\"pt-BR\",\"potentialAction\":[{\"@type\":\"ReadAction\",\"target\":[\"http:\/\/www.polisrecreio.com.br\/site\/2017\/03\/14\/secretario-de-esportes-entrega-projeto-do-campo-do-ideal-ao-corpo-de-bombeiros\/\"]}]},{\"@type\":\"Person\",\"@id\":\"https:\/\/www.polisrecreio.com.br\/site\/#\/schema\/person\/3363c1c78e1e28e1329d97adb387638e\",\"name\":\"Leonardo Ribeiro\",\"image\":{\"@type\":\"ImageObject\",\"@id\":\"https:\/\/www.polisrecreio.com.br\/site\/#personlogo\",\"inLanguage\":\"pt-BR\",\"url\":\"https:\/\/secure.gravatar.com\/avatar\/6ba92a37d621e1a83e23710251178a12?s=96&d=mm&r=g\",\"caption\":\"Leonardo Ribeiro\"},\"sameAs\":[\"http:\/\/www.polisrecreio.com.br\"]}]}<\/script>\n<!-- \/ Yoast SEO plugin. -->","_links":{"self":[{"href":"https:\/\/www.polisrecreio.com.br\/site\/wp-json\/wp\/v2\/posts\/4796"}],"collection":[{"href":"https:\/\/www.polisrecreio.com.br\/site\/wp-json\/wp\/v2\/posts"}],"about":[{"href":"https:\/\/www.polisrecreio.com.br\/site\/wp-json\/wp\/v2\/types\/post"}],"author":[{"embeddable":true,"href":"https:\/\/www.polisrecreio.com.br\/site\/wp-json\/wp\/v2\/users\/3"}],"replies":[{"embeddable":true,"href":"https:\/\/www.polisrecreio.com.br\/site\/wp-json\/wp\/v2\/comments?post=4796"}],"version-history":[{"count":5,"href":"https:\/\/www.polisrecreio.com.br\/site\/wp-json\/wp\/v2\/posts\/4796\/revisions"}],"predecessor-version":[{"id":4802,"href":"https:\/\/www.polisrecreio.com.br\/site\/wp-json\/wp\/v2\/posts\/4796\/revisions\/4802"}],"wp:featuredmedia":[{"embeddable":true,"href":"https:\/\/www.polisrecreio.com.br\/site\/wp-json\/wp\/v2\/media\/4797"}],"wp:attachment":[{"href":"https:\/\/www.polisrecreio.com.br\/site\/wp-json\/wp\/v2\/media?parent=4796"}],"wp:term":[{"taxonomy":"category","embeddable":true,"href":"https:\/\/www.polisrecreio.com.br\/site\/wp-json\/wp\/v2\/categories?post=4796"},{"taxonomy":"post_tag","embeddable":true,"href":"https:\/\/www.polisrecreio.com.br\/site\/wp-json\/wp\/v2\/tags?post=4796"}],"curies":[{"name":"wp","href":"https:\/\/api.w.org\/{rel}","templated":true}]}}