{"id":4803,"date":"2017-03-15T10:48:20","date_gmt":"2017-03-15T13:48:20","guid":{"rendered":"http:\/\/www.polisrecreio.com.br\/site\/?p=4803"},"modified":"2017-03-15T10:48:20","modified_gmt":"2017-03-15T13:48:20","slug":"professores-de-recreio-aderem-paralisacao-e-manifestam-contra-a-reforma-da-previdencia","status":"publish","type":"post","link":"https:\/\/www.polisrecreio.com.br\/site\/2017\/03\/15\/professores-de-recreio-aderem-paralisacao-e-manifestam-contra-a-reforma-da-previdencia\/","title":{"rendered":"Professores de Recreio aderem paralisa\u00e7\u00e3o e manifestam contra a reforma da Previd\u00eancia"},"content":{"rendered":"<p style=\"text-align: justify;\">Os professores de Recreio aderiram \u00e0 paralisa\u00e7\u00e3o sugerida por movimentos sociais neste dia 15 contra a reforma da Previd\u00eancia proposta pelo governo Temer. Na E.E Olavo Bilac a greve aconteceu de maneira organizada com comunicado pr\u00e9vio ao gestor escolar. Na E.M Jo\u00e3o Damasceno Ferreira e na E.M Prof\u00aa. Nice Damasceno de Almeida Muniz os atos foram articulados nesta manh\u00e3, sem informar\u00a0as dire\u00e7\u00f5es com anteced\u00eancia.<\/p>\n<p style=\"text-align: justify;\"><!--more--><\/p>\n<figure id=\"attachment_4804\" aria-describedby=\"caption-attachment-4804\" style=\"width: 750px\" class=\"wp-caption aligncenter\"><a href=\"http:\/\/www.polisrecreio.com.br\/site\/wp-content\/uploads\/2017\/03\/DSCF6562.jpg\"><img loading=\"lazy\" class=\"wp-image-4804 size-full\" src=\"http:\/\/www.polisrecreio.com.br\/site\/wp-content\/uploads\/2017\/03\/DSCF6562.jpg\" alt=\"DSCF6562\" width=\"750\" height=\"563\" srcset=\"https:\/\/www.polisrecreio.com.br\/site\/wp-content\/uploads\/2017\/03\/DSCF6562.jpg 750w, https:\/\/www.polisrecreio.com.br\/site\/wp-content\/uploads\/2017\/03\/DSCF6562-300x225.jpg 300w\" sizes=\"(max-width: 750px) 100vw, 750px\" \/><\/a><figcaption id=\"caption-attachment-4804\" class=\"wp-caption-text\">Manifesta\u00e7\u00e3o pelas ruas de Recreio.<\/figcaption><\/figure>\n<p style=\"text-align: justify;\">Segundo o diretor do Olavo Bilac, Ruan Ferreira, \u201cos professores do turno da manh\u00e3, tarde e noite, organizaram a paralisa\u00e7\u00e3o durante esta semana. A \u00e1rea administrativa e de servi\u00e7os gerais est\u00e3o atuando normalmente\u201d, concluiu.<\/p>\n<p style=\"text-align: justify;\">Na rede municipal, Jo\u00e3o Damasceno Ferreira e Prof\u00aa. Nice Damasceno de Almeida Muniz, a classe articulou o movimento nesta manh\u00e3, enquanto os alunos aguardavam a entrada em sala de aula. Os professores aproveitaram e colocaram os estudantes do ensino fundamental, 6\u00ba ao 9\u00ba, na rua. O Centro Educacional Crian\u00e7a Feliz e os col\u00e9gios da zona rural n\u00e3o paralisaram.<\/p>\n<p style=\"text-align: justify;\">\u201cA dire\u00e7\u00e3o das escolas n\u00e3o foram informadas com anteced\u00eancia do ato\u201d, disse a secret\u00e1ria de Educa\u00e7\u00e3o de Recreio, Maria Jos\u00e9 Lacerda \u201cZez\u00e9\u201d. Em reuni\u00e3o (foto) com diretores e vice-diretores das escolas municipais a secret\u00e1ria Maria Jos\u00e9 \u201cZez\u00e9\u201d pediu que os gestores transmitam aos professores que \u201cquando houver estes tipos de movimentos que fa\u00e7am de maneira organizada, comunicando a dire\u00e7\u00e3o, pais, alunos e principalmente a Secret\u00e1ria, para que possamos unir as for\u00e7as e at\u00e9 solicitar as autoridades policiais um apoio\u201d.<\/p>\n<p style=\"text-align: justify;\"><a href=\"http:\/\/www.polisrecreio.com.br\/site\/wp-content\/uploads\/2017\/03\/DSCF6578.jpg\"><img loading=\"lazy\" class=\"aligncenter size-full wp-image-4807\" src=\"http:\/\/www.polisrecreio.com.br\/site\/wp-content\/uploads\/2017\/03\/DSCF6578.jpg\" alt=\"DSCF6578\" width=\"750\" height=\"433\" srcset=\"https:\/\/www.polisrecreio.com.br\/site\/wp-content\/uploads\/2017\/03\/DSCF6578.jpg 750w, https:\/\/www.polisrecreio.com.br\/site\/wp-content\/uploads\/2017\/03\/DSCF6578-300x173.jpg 300w\" sizes=\"(max-width: 750px) 100vw, 750px\" \/><\/a><\/p>\n<p style=\"text-align: justify;\">A passeata percorreu as ruas de Recreio, parando na Pra\u00e7a dos Ferrovi\u00e1rios, no Centro. Na \u00e1rea central alguns professores cantaram o Hino Nacional e estimularam os alunos a gritarem: \u201cSe a Previd\u00eancia passar, o Brasil vai parar! Fora Temer!.<\/p>\n<p style=\"text-align: justify;\">A paralisa\u00e7\u00e3o e a manifesta\u00e7\u00e3o deste dia 15 ser\u00e3o repostas com data a ser informada posteriormente, tanto no Olavo Bilac, como nas duas municipais.<\/p>\n<figure id=\"attachment_4806\" aria-describedby=\"caption-attachment-4806\" style=\"width: 750px\" class=\"wp-caption aligncenter\"><a href=\"http:\/\/www.polisrecreio.com.br\/site\/wp-content\/uploads\/2017\/03\/DSCF6574.jpg\"><img loading=\"lazy\" class=\"wp-image-4806 size-full\" src=\"http:\/\/www.polisrecreio.com.br\/site\/wp-content\/uploads\/2017\/03\/DSCF6574.jpg\" alt=\"DSCF6574\" width=\"750\" height=\"563\" srcset=\"https:\/\/www.polisrecreio.com.br\/site\/wp-content\/uploads\/2017\/03\/DSCF6574.jpg 750w, https:\/\/www.polisrecreio.com.br\/site\/wp-content\/uploads\/2017\/03\/DSCF6574-300x225.jpg 300w\" sizes=\"(max-width: 750px) 100vw, 750px\" \/><\/a><figcaption id=\"caption-attachment-4806\" class=\"wp-caption-text\">Ato na Pra\u00e7a dos Ferrovi\u00e1rios.<\/figcaption><\/figure>\n<figure id=\"attachment_4805\" aria-describedby=\"caption-attachment-4805\" style=\"width: 750px\" class=\"wp-caption aligncenter\"><a href=\"http:\/\/www.polisrecreio.com.br\/site\/wp-content\/uploads\/2017\/03\/DSCF6571.jpg\"><img loading=\"lazy\" class=\"wp-image-4805 size-full\" src=\"http:\/\/www.polisrecreio.com.br\/site\/wp-content\/uploads\/2017\/03\/DSCF6571.jpg\" alt=\"DSCF6571\" width=\"750\" height=\"563\" srcset=\"https:\/\/www.polisrecreio.com.br\/site\/wp-content\/uploads\/2017\/03\/DSCF6571.jpg 750w, https:\/\/www.polisrecreio.com.br\/site\/wp-content\/uploads\/2017\/03\/DSCF6571-300x225.jpg 300w\" sizes=\"(max-width: 750px) 100vw, 750px\" \/><\/a><figcaption id=\"caption-attachment-4805\" class=\"wp-caption-text\">Ato no Centro da Cidade.<\/figcaption><\/figure>\n","protected":false},"excerpt":{"rendered":"<p>Os professores de Recreio aderiram \u00e0 paralisa\u00e7\u00e3o sugerida por movimentos sociais neste dia 15 contra a reforma da Previd\u00eancia proposta pelo governo Temer. Na E.E Olavo Bilac a greve aconteceu de maneira organizada com comunicado pr\u00e9vio ao gestor escolar. Na E.M Jo\u00e3o Damasceno Ferreira e na E.M Prof\u00aa. Nice Damasceno de Almeida Muniz os atos [&hellip;]<\/p>\n","protected":false},"author":3,"featured_media":4805,"comment_status":"open","ping_status":"open","sticky":false,"template":"","format":"standard","meta":[],"categories":[9],"tags":[],"yoast_head":"<!-- This site is optimized with the Yoast SEO plugin v15.6.2 - https:\/\/yoast.com\/wordpress\/plugins\/seo\/ -->\n<meta name=\"robots\" content=\"index, follow, max-snippet:-1, max-image-preview:large, max-video-preview:-1\" \/>\n<link rel=\"canonical\" href=\"https:\/\/www.polisrecreio.com.br\/site\/2017\/03\/15\/professores-de-recreio-aderem-paralisacao-e-manifestam-contra-a-reforma-da-previdencia\/\" \/>\n<meta property=\"og:locale\" content=\"pt_BR\" \/>\n<meta property=\"og:type\" content=\"article\" \/>\n<meta property=\"og:title\" content=\"Professores de Recreio aderem paralisa\u00e7\u00e3o e manifestam contra a reforma da Previd\u00eancia - P\u00f3lis Recreio\" \/>\n<meta property=\"og:description\" content=\"Os professores de Recreio aderiram \u00e0 paralisa\u00e7\u00e3o sugerida por movimentos sociais neste dia 15 contra a reforma da Previd\u00eancia proposta pelo governo Temer. Na E.E Olavo Bilac a greve aconteceu de maneira organizada com comunicado pr\u00e9vio ao gestor escolar. Na E.M Jo\u00e3o Damasceno Ferreira e na E.M Prof\u00aa. Nice Damasceno de Almeida Muniz os atos [&hellip;]\" \/>\n<meta property=\"og:url\" content=\"https:\/\/www.polisrecreio.com.br\/site\/2017\/03\/15\/professores-de-recreio-aderem-paralisacao-e-manifestam-contra-a-reforma-da-previdencia\/\" \/>\n<meta property=\"og:site_name\" content=\"P\u00f3lis Recreio\" \/>\n<meta property=\"article:publisher\" content=\"https:\/\/www.facebook.com\/Site-P%c3%b3lis-Recreio-MG-181941708571019\/\" \/>\n<meta property=\"article:published_time\" content=\"2017-03-15T13:48:20+00:00\" \/>\n<meta property=\"og:image\" content=\"https:\/\/www.polisrecreio.com.br\/site\/wp-content\/uploads\/2017\/03\/DSCF6571.jpg\" \/>\n\t<meta property=\"og:image:width\" content=\"750\" \/>\n\t<meta property=\"og:image:height\" content=\"563\" \/>\n<meta name=\"twitter:card\" content=\"summary_large_image\" \/>\n<meta name=\"twitter:creator\" content=\"@PolisRecreio\" \/>\n<meta name=\"twitter:site\" content=\"@PolisRecreio\" \/>\n<meta name=\"twitter:label1\" content=\"Est. reading time\">\n\t<meta name=\"twitter:data1\" content=\"2 minutos\">\n<script type=\"application\/ld+json\" class=\"yoast-schema-graph\">{\"@context\":\"https:\/\/schema.org\",\"@graph\":[{\"@type\":\"WebSite\",\"@id\":\"https:\/\/www.polisrecreio.com.br\/site\/#website\",\"url\":\"https:\/\/www.polisrecreio.com.br\/site\/\",\"name\":\"P\\u00f3lis Recreio\",\"description\":\"\",\"potentialAction\":[{\"@type\":\"SearchAction\",\"target\":\"https:\/\/www.polisrecreio.com.br\/site\/?s={search_term_string}\",\"query-input\":\"required name=search_term_string\"}],\"inLanguage\":\"pt-BR\"},{\"@type\":\"ImageObject\",\"@id\":\"https:\/\/www.polisrecreio.com.br\/site\/2017\/03\/15\/professores-de-recreio-aderem-paralisacao-e-manifestam-contra-a-reforma-da-previdencia\/#primaryimage\",\"inLanguage\":\"pt-BR\",\"url\":\"https:\/\/www.polisrecreio.com.br\/site\/wp-content\/uploads\/2017\/03\/DSCF6571.jpg\",\"width\":750,\"height\":563},{\"@type\":\"WebPage\",\"@id\":\"https:\/\/www.polisrecreio.com.br\/site\/2017\/03\/15\/professores-de-recreio-aderem-paralisacao-e-manifestam-contra-a-reforma-da-previdencia\/#webpage\",\"url\":\"https:\/\/www.polisrecreio.com.br\/site\/2017\/03\/15\/professores-de-recreio-aderem-paralisacao-e-manifestam-contra-a-reforma-da-previdencia\/\",\"name\":\"Professores de Recreio aderem paralisa\\u00e7\\u00e3o e manifestam contra a reforma da Previd\\u00eancia - P\\u00f3lis Recreio\",\"isPartOf\":{\"@id\":\"https:\/\/www.polisrecreio.com.br\/site\/#website\"},\"primaryImageOfPage\":{\"@id\":\"https:\/\/www.polisrecreio.com.br\/site\/2017\/03\/15\/professores-de-recreio-aderem-paralisacao-e-manifestam-contra-a-reforma-da-previdencia\/#primaryimage\"},\"datePublished\":\"2017-03-15T13:48:20+00:00\",\"dateModified\":\"2017-03-15T13:48:20+00:00\",\"author\":{\"@id\":\"https:\/\/www.polisrecreio.com.br\/site\/#\/schema\/person\/3363c1c78e1e28e1329d97adb387638e\"},\"inLanguage\":\"pt-BR\",\"potentialAction\":[{\"@type\":\"ReadAction\",\"target\":[\"https:\/\/www.polisrecreio.com.br\/site\/2017\/03\/15\/professores-de-recreio-aderem-paralisacao-e-manifestam-contra-a-reforma-da-previdencia\/\"]}]},{\"@type\":\"Person\",\"@id\":\"https:\/\/www.polisrecreio.com.br\/site\/#\/schema\/person\/3363c1c78e1e28e1329d97adb387638e\",\"name\":\"Leonardo Ribeiro\",\"image\":{\"@type\":\"ImageObject\",\"@id\":\"https:\/\/www.polisrecreio.com.br\/site\/#personlogo\",\"inLanguage\":\"pt-BR\",\"url\":\"https:\/\/secure.gravatar.com\/avatar\/6ba92a37d621e1a83e23710251178a12?s=96&d=mm&r=g\",\"caption\":\"Leonardo Ribeiro\"},\"sameAs\":[\"http:\/\/www.polisrecreio.com.br\"]}]}<\/script>\n<!-- \/ Yoast SEO plugin. -->","_links":{"self":[{"href":"https:\/\/www.polisrecreio.com.br\/site\/wp-json\/wp\/v2\/posts\/4803"}],"collection":[{"href":"https:\/\/www.polisrecreio.com.br\/site\/wp-json\/wp\/v2\/posts"}],"about":[{"href":"https:\/\/www.polisrecreio.com.br\/site\/wp-json\/wp\/v2\/types\/post"}],"author":[{"embeddable":true,"href":"https:\/\/www.polisrecreio.com.br\/site\/wp-json\/wp\/v2\/users\/3"}],"replies":[{"embeddable":true,"href":"https:\/\/www.polisrecreio.com.br\/site\/wp-json\/wp\/v2\/comments?post=4803"}],"version-history":[{"count":2,"href":"https:\/\/www.polisrecreio.com.br\/site\/wp-json\/wp\/v2\/posts\/4803\/revisions"}],"predecessor-version":[{"id":4809,"href":"https:\/\/www.polisrecreio.com.br\/site\/wp-json\/wp\/v2\/posts\/4803\/revisions\/4809"}],"wp:featuredmedia":[{"embeddable":true,"href":"https:\/\/www.polisrecreio.com.br\/site\/wp-json\/wp\/v2\/media\/4805"}],"wp:attachment":[{"href":"https:\/\/www.polisrecreio.com.br\/site\/wp-json\/wp\/v2\/media?parent=4803"}],"wp:term":[{"taxonomy":"category","embeddable":true,"href":"https:\/\/www.polisrecreio.com.br\/site\/wp-json\/wp\/v2\/categories?post=4803"},{"taxonomy":"post_tag","embeddable":true,"href":"https:\/\/www.polisrecreio.com.br\/site\/wp-json\/wp\/v2\/tags?post=4803"}],"curies":[{"name":"wp","href":"https:\/\/api.w.org\/{rel}","templated":true}]}}