{"id":4810,"date":"2017-03-15T19:12:18","date_gmt":"2017-03-15T22:12:18","guid":{"rendered":"http:\/\/www.polisrecreio.com.br\/site\/?p=4810"},"modified":"2017-03-15T19:14:18","modified_gmt":"2017-03-15T22:14:18","slug":"defasagem-salarial-atrasa-revisao-proposta-pelo-prefeito-de-recreio","status":"publish","type":"post","link":"https:\/\/www.polisrecreio.com.br\/site\/2017\/03\/15\/defasagem-salarial-atrasa-revisao-proposta-pelo-prefeito-de-recreio\/","title":{"rendered":"Defasagem salarial atrasa revis\u00e3o proposta pelo prefeito de Recreio"},"content":{"rendered":"<p style=\"text-align: justify;\">A defasagem salarial dos servidores municipais, ocasionada desde 2014, acabou atrasando a vota\u00e7\u00e3o na C\u00e2mara Municipal da proposta do prefeito de Recreio, Z\u00e9 Maria Barros, de revisar os vencimentos em 3,5%.<\/p>\n<p style=\"text-align: justify;\"><!--more--><\/p>\n<figure id=\"attachment_3777\" aria-describedby=\"caption-attachment-3777\" style=\"width: 750px\" class=\"wp-caption aligncenter\"><a href=\"http:\/\/www.polisrecreio.com.br\/site\/wp-content\/uploads\/2017\/01\/DSCN3728.jpg\"><img loading=\"lazy\" class=\"size-full wp-image-3777\" src=\"http:\/\/www.polisrecreio.com.br\/site\/wp-content\/uploads\/2017\/01\/DSCN3728.jpg\" alt=\"Prefeito de Recreio e a C\u00e2mara Municipal.\" width=\"750\" height=\"563\" srcset=\"https:\/\/www.polisrecreio.com.br\/site\/wp-content\/uploads\/2017\/01\/DSCN3728.jpg 750w, https:\/\/www.polisrecreio.com.br\/site\/wp-content\/uploads\/2017\/01\/DSCN3728-300x225.jpg 300w\" sizes=\"(max-width: 750px) 100vw, 750px\" \/><\/a><figcaption id=\"caption-attachment-3777\" class=\"wp-caption-text\">Prefeito de Recreio e a C\u00e2mara Municipal.<\/figcaption><\/figure>\n<p style=\"text-align: justify;\">Segundo o projeto de lei do executivo, as gratifica\u00e7\u00f5es para conselheiros tutelares; os subs\u00eddios para prefeito, vice-prefeito e secret\u00e1rios municipais; os sal\u00e1rios de agentes comunit\u00e1rios de sa\u00fade e de endemias, n\u00e3o est\u00e3o inclu\u00eddos neste reajuste.<\/p>\n<p style=\"text-align: justify;\">Outra classe que n\u00e3o ser\u00e1 contemplada s\u00e3o os servidores beneficiados pelo reajuste do sal\u00e1rio m\u00ednimo nacional. Neste item \u00e9 que ocorre o impasse. Segundo informa\u00e7\u00f5es obtidas pelo Site P\u00f3lis, entorno de seis categorias\u00a0acabaram ficando com os seus sal\u00e1rios equiparados ao m\u00ednimo nacional por causa da falta de reajustes nos \u00faltimos tr\u00eas anos do governo do ex-prefeito \u00d4nio Fialho.<\/p>\n<p style=\"text-align: justify;\">O \u00faltimo aumento de sal\u00e1rio na Prefeitura de Recreio aconteceu em junho de 2013, quando houve uma revis\u00e3o de 5%, vigorando a partir de 1\u00ba de julho. Em setembro de 2015, o ex-prefeito prop\u00f4s uma revis\u00e3o de 20% do funcionalismo, escalonando em cinco etapas de 4%, por\u00e9m, os reajustes que seriam dados durante o seu mandato ele vetou, mantendo os dois do governo 2017\/2020. Na \u00e9poca a justificativa foi a dificuldade financeira.<\/p>\n<p style=\"text-align: justify;\">Caso consiga a aprova\u00e7\u00e3o da C\u00e2mara Municipal, o prefeito Z\u00e9 Maria (foto) ter\u00e1 concedido o maior reajuste salarial do funcionalismo dos \u00faltimos quatro anos, 7,5%.\u00a0<a href=\"http:\/\/www.polisrecreio.com.br\/site\/2017\/03\/13\/prefeito-de-recreio-paga-os-4-de-reajuste-dos-servidores-retroativo-a-janeiro\/\" target=\"_blank\">Sendo 4% por meio da Lei Municipal n\u00ba 1.568\/2015<\/a>\u00a0e mais 3,5% atrav\u00e9s da proposta atual.<\/p>\n<p style=\"text-align: justify;\">Na segunda-feira (13) a C\u00e2mara chegou a reunir-se para votar a proposta, mas, um consenso entre os vereadores (Paulinho, Leninha, Jovane, Valma, Chiquinho, Pororoca, Beto, Marcel e Fabr\u00edsio \u201cP\u00e3o Doce\u201d) <a href=\"http:\/\/www.polisrecreio.com.br\/site\/2017\/03\/13\/vereadores-de-recreio-adiam-reuniao-que-votaria-reajuste-dos-servidores-da-prefeitura\/\" target=\"_blank\">adiou a sess\u00e3o para esta quinta-feira (16)<\/a>. O objetivo do adiamento foi a tentativa de solucionar junto com o prefeito este problema das classes que est\u00e3o equiparadas ao sal\u00e1rio m\u00ednimo.<\/p>\n","protected":false},"excerpt":{"rendered":"<p>A defasagem salarial dos servidores municipais, ocasionada desde 2014, acabou atrasando a vota\u00e7\u00e3o na C\u00e2mara Municipal da proposta do prefeito de Recreio, Z\u00e9 Maria Barros, de revisar os vencimentos em 3,5%.<\/p>\n","protected":false},"author":3,"featured_media":3777,"comment_status":"open","ping_status":"open","sticky":false,"template":"","format":"standard","meta":[],"categories":[6],"tags":[],"yoast_head":"<!-- This site is optimized with the Yoast SEO plugin v15.6.2 - https:\/\/yoast.com\/wordpress\/plugins\/seo\/ -->\n<meta name=\"robots\" content=\"index, follow, max-snippet:-1, max-image-preview:large, max-video-preview:-1\" \/>\n<link rel=\"canonical\" href=\"https:\/\/www.polisrecreio.com.br\/site\/2017\/03\/15\/defasagem-salarial-atrasa-revisao-proposta-pelo-prefeito-de-recreio\/\" \/>\n<meta property=\"og:locale\" content=\"pt_BR\" \/>\n<meta property=\"og:type\" content=\"article\" \/>\n<meta property=\"og:title\" content=\"Defasagem salarial atrasa revis\u00e3o proposta pelo prefeito de Recreio - P\u00f3lis Recreio\" \/>\n<meta property=\"og:description\" content=\"A defasagem salarial dos servidores municipais, ocasionada desde 2014, acabou atrasando a vota\u00e7\u00e3o na C\u00e2mara Municipal da proposta do prefeito de Recreio, Z\u00e9 Maria Barros, de revisar os vencimentos em 3,5%.\" \/>\n<meta property=\"og:url\" content=\"https:\/\/www.polisrecreio.com.br\/site\/2017\/03\/15\/defasagem-salarial-atrasa-revisao-proposta-pelo-prefeito-de-recreio\/\" \/>\n<meta property=\"og:site_name\" content=\"P\u00f3lis Recreio\" \/>\n<meta property=\"article:publisher\" content=\"https:\/\/www.facebook.com\/Site-P%c3%b3lis-Recreio-MG-181941708571019\/\" \/>\n<meta property=\"article:published_time\" content=\"2017-03-15T22:12:18+00:00\" \/>\n<meta property=\"article:modified_time\" content=\"2017-03-15T22:14:18+00:00\" \/>\n<meta property=\"og:image\" content=\"https:\/\/www.polisrecreio.com.br\/site\/wp-content\/uploads\/2017\/01\/DSCN3728.jpg\" \/>\n\t<meta property=\"og:image:width\" content=\"750\" \/>\n\t<meta property=\"og:image:height\" content=\"563\" \/>\n<meta name=\"twitter:card\" content=\"summary_large_image\" \/>\n<meta name=\"twitter:creator\" content=\"@PolisRecreio\" \/>\n<meta name=\"twitter:site\" content=\"@PolisRecreio\" \/>\n<meta name=\"twitter:label1\" content=\"Est. reading time\">\n\t<meta name=\"twitter:data1\" content=\"2 minutos\">\n<script type=\"application\/ld+json\" class=\"yoast-schema-graph\">{\"@context\":\"https:\/\/schema.org\",\"@graph\":[{\"@type\":\"WebSite\",\"@id\":\"https:\/\/www.polisrecreio.com.br\/site\/#website\",\"url\":\"https:\/\/www.polisrecreio.com.br\/site\/\",\"name\":\"P\\u00f3lis Recreio\",\"description\":\"\",\"potentialAction\":[{\"@type\":\"SearchAction\",\"target\":\"https:\/\/www.polisrecreio.com.br\/site\/?s={search_term_string}\",\"query-input\":\"required name=search_term_string\"}],\"inLanguage\":\"pt-BR\"},{\"@type\":\"ImageObject\",\"@id\":\"https:\/\/www.polisrecreio.com.br\/site\/2017\/03\/15\/defasagem-salarial-atrasa-revisao-proposta-pelo-prefeito-de-recreio\/#primaryimage\",\"inLanguage\":\"pt-BR\",\"url\":\"https:\/\/www.polisrecreio.com.br\/site\/wp-content\/uploads\/2017\/01\/DSCN3728.jpg\",\"width\":750,\"height\":563,\"caption\":\"Prefeito de Recreio e a C\\u00e2mara Municipal.\"},{\"@type\":\"WebPage\",\"@id\":\"https:\/\/www.polisrecreio.com.br\/site\/2017\/03\/15\/defasagem-salarial-atrasa-revisao-proposta-pelo-prefeito-de-recreio\/#webpage\",\"url\":\"https:\/\/www.polisrecreio.com.br\/site\/2017\/03\/15\/defasagem-salarial-atrasa-revisao-proposta-pelo-prefeito-de-recreio\/\",\"name\":\"Defasagem salarial atrasa revis\\u00e3o proposta pelo prefeito de Recreio - P\\u00f3lis Recreio\",\"isPartOf\":{\"@id\":\"https:\/\/www.polisrecreio.com.br\/site\/#website\"},\"primaryImageOfPage\":{\"@id\":\"https:\/\/www.polisrecreio.com.br\/site\/2017\/03\/15\/defasagem-salarial-atrasa-revisao-proposta-pelo-prefeito-de-recreio\/#primaryimage\"},\"datePublished\":\"2017-03-15T22:12:18+00:00\",\"dateModified\":\"2017-03-15T22:14:18+00:00\",\"author\":{\"@id\":\"https:\/\/www.polisrecreio.com.br\/site\/#\/schema\/person\/3363c1c78e1e28e1329d97adb387638e\"},\"inLanguage\":\"pt-BR\",\"potentialAction\":[{\"@type\":\"ReadAction\",\"target\":[\"https:\/\/www.polisrecreio.com.br\/site\/2017\/03\/15\/defasagem-salarial-atrasa-revisao-proposta-pelo-prefeito-de-recreio\/\"]}]},{\"@type\":\"Person\",\"@id\":\"https:\/\/www.polisrecreio.com.br\/site\/#\/schema\/person\/3363c1c78e1e28e1329d97adb387638e\",\"name\":\"Leonardo Ribeiro\",\"image\":{\"@type\":\"ImageObject\",\"@id\":\"https:\/\/www.polisrecreio.com.br\/site\/#personlogo\",\"inLanguage\":\"pt-BR\",\"url\":\"https:\/\/secure.gravatar.com\/avatar\/6ba92a37d621e1a83e23710251178a12?s=96&d=mm&r=g\",\"caption\":\"Leonardo Ribeiro\"},\"sameAs\":[\"http:\/\/www.polisrecreio.com.br\"]}]}<\/script>\n<!-- \/ Yoast SEO plugin. -->","_links":{"self":[{"href":"https:\/\/www.polisrecreio.com.br\/site\/wp-json\/wp\/v2\/posts\/4810"}],"collection":[{"href":"https:\/\/www.polisrecreio.com.br\/site\/wp-json\/wp\/v2\/posts"}],"about":[{"href":"https:\/\/www.polisrecreio.com.br\/site\/wp-json\/wp\/v2\/types\/post"}],"author":[{"embeddable":true,"href":"https:\/\/www.polisrecreio.com.br\/site\/wp-json\/wp\/v2\/users\/3"}],"replies":[{"embeddable":true,"href":"https:\/\/www.polisrecreio.com.br\/site\/wp-json\/wp\/v2\/comments?post=4810"}],"version-history":[{"count":4,"href":"https:\/\/www.polisrecreio.com.br\/site\/wp-json\/wp\/v2\/posts\/4810\/revisions"}],"predecessor-version":[{"id":4814,"href":"https:\/\/www.polisrecreio.com.br\/site\/wp-json\/wp\/v2\/posts\/4810\/revisions\/4814"}],"wp:featuredmedia":[{"embeddable":true,"href":"https:\/\/www.polisrecreio.com.br\/site\/wp-json\/wp\/v2\/media\/3777"}],"wp:attachment":[{"href":"https:\/\/www.polisrecreio.com.br\/site\/wp-json\/wp\/v2\/media?parent=4810"}],"wp:term":[{"taxonomy":"category","embeddable":true,"href":"https:\/\/www.polisrecreio.com.br\/site\/wp-json\/wp\/v2\/categories?post=4810"},{"taxonomy":"post_tag","embeddable":true,"href":"https:\/\/www.polisrecreio.com.br\/site\/wp-json\/wp\/v2\/tags?post=4810"}],"curies":[{"name":"wp","href":"https:\/\/api.w.org\/{rel}","templated":true}]}}