{"id":4815,"date":"2017-03-16T09:47:05","date_gmt":"2017-03-16T12:47:05","guid":{"rendered":"http:\/\/www.polisrecreio.com.br\/site\/?p=4815"},"modified":"2017-03-16T09:52:06","modified_gmt":"2017-03-16T12:52:06","slug":"contrato-temporario-do-mutirao-de-limpeza-da-prefeitura-de-recreio-encerrou","status":"publish","type":"post","link":"https:\/\/www.polisrecreio.com.br\/site\/2017\/03\/16\/contrato-temporario-do-mutirao-de-limpeza-da-prefeitura-de-recreio-encerrou\/","title":{"rendered":"Contrato tempor\u00e1rio do mutir\u00e3o de limpeza da Prefeitura de Recreio encerrou"},"content":{"rendered":"<p style=\"text-align: justify;\">Esta semana um assunto tomou conta das redes sociais, a suposta demiss\u00e3o de 30 servidores da Prefeitura de Recreio. Segundo o secret\u00e1rio de Desenvolvimento Urbano, Juarez Ara\u00fajo, \u201co que houve foi o t\u00e9rmino do contrato tempor\u00e1rio de 22 funcion\u00e1rios do mutir\u00e3o de limpeza\u201d.<\/p>\n<p style=\"text-align: justify;\"><!--more--><\/p>\n<p style=\"text-align: justify;\"><a href=\"http:\/\/www.polisrecreio.com.br\/site\/wp-content\/uploads\/2017\/02\/14.jpg\"><img loading=\"lazy\" class=\"aligncenter size-full wp-image-4298\" src=\"http:\/\/www.polisrecreio.com.br\/site\/wp-content\/uploads\/2017\/02\/14.jpg\" alt=\"1\" width=\"750\" height=\"563\" srcset=\"https:\/\/www.polisrecreio.com.br\/site\/wp-content\/uploads\/2017\/02\/14.jpg 750w, https:\/\/www.polisrecreio.com.br\/site\/wp-content\/uploads\/2017\/02\/14-300x225.jpg 300w\" sizes=\"(max-width: 750px) 100vw, 750px\" \/><\/a><\/p>\n<p style=\"text-align: justify;\">\u201cEm janeiro, assim que iniciou o governo do prefeito Z\u00e9 Maria Barros, encontramos uma cidade totalmente abandonada, com lixos jogados por todos os cantos, ruas cheias de mato, entulhos de obras, dentre outros. Para sanar de forma emergencial este problema, o prefeito decidiu contratar de maneira tempor\u00e1ria, 60 dias, uma equipe para realizar um mutir\u00e3o de limpeza\u201d, disse o secret\u00e1rio Juarez Ara\u00fajo. Ele ressaltou tamb\u00e9m que &#8220;todos foram avisados que o servi\u00e7o seria por tempo determinado&#8221;.<\/p>\n<figure id=\"attachment_4087\" aria-describedby=\"caption-attachment-4087\" style=\"width: 750px\" class=\"wp-caption aligncenter\"><a href=\"http:\/\/www.polisrecreio.com.br\/site\/wp-content\/uploads\/2017\/01\/210.jpg\"><img loading=\"lazy\" class=\"size-full wp-image-4087\" src=\"http:\/\/www.polisrecreio.com.br\/site\/wp-content\/uploads\/2017\/01\/210.jpg\" alt=\"Secret\u00e1rio Juarez conversando com a equipe.\" width=\"750\" height=\"563\" srcset=\"https:\/\/www.polisrecreio.com.br\/site\/wp-content\/uploads\/2017\/01\/210.jpg 750w, https:\/\/www.polisrecreio.com.br\/site\/wp-content\/uploads\/2017\/01\/210-300x225.jpg 300w\" sizes=\"(max-width: 750px) 100vw, 750px\" \/><\/a><figcaption id=\"caption-attachment-4087\" class=\"wp-caption-text\">Secret\u00e1rio Juarez conversando com a equipe.<\/figcaption><\/figure>\n<p style=\"text-align: justify;\">Neste m\u00eas de mar\u00e7o os contratos encerraram-se. Juarez informou que \u201cexistem alguns casos que o servidor foi novamente contratado por meio de aprova\u00e7\u00e3o em processo seletivo\u201d.<\/p>\n","protected":false},"excerpt":{"rendered":"<p>Esta semana um assunto tomou conta das redes sociais, a suposta demiss\u00e3o de 30 servidores da Prefeitura de Recreio. Segundo o secret\u00e1rio de Desenvolvimento Urbano, Juarez Ara\u00fajo, \u201co que houve foi o t\u00e9rmino do contrato tempor\u00e1rio de 22 funcion\u00e1rios do mutir\u00e3o de limpeza\u201d.<\/p>\n","protected":false},"author":3,"featured_media":4298,"comment_status":"open","ping_status":"open","sticky":false,"template":"","format":"standard","meta":[],"categories":[6],"tags":[],"yoast_head":"<!-- This site is optimized with the Yoast SEO plugin v15.6.2 - https:\/\/yoast.com\/wordpress\/plugins\/seo\/ -->\n<meta name=\"robots\" content=\"index, follow, max-snippet:-1, max-image-preview:large, max-video-preview:-1\" \/>\n<link rel=\"canonical\" href=\"https:\/\/www.polisrecreio.com.br\/site\/2017\/03\/16\/contrato-temporario-do-mutirao-de-limpeza-da-prefeitura-de-recreio-encerrou\/\" \/>\n<meta property=\"og:locale\" content=\"pt_BR\" \/>\n<meta property=\"og:type\" content=\"article\" \/>\n<meta property=\"og:title\" content=\"Contrato tempor\u00e1rio do mutir\u00e3o de limpeza da Prefeitura de Recreio encerrou - P\u00f3lis Recreio\" \/>\n<meta property=\"og:description\" content=\"Esta semana um assunto tomou conta das redes sociais, a suposta demiss\u00e3o de 30 servidores da Prefeitura de Recreio. Segundo o secret\u00e1rio de Desenvolvimento Urbano, Juarez Ara\u00fajo, \u201co que houve foi o t\u00e9rmino do contrato tempor\u00e1rio de 22 funcion\u00e1rios do mutir\u00e3o de limpeza\u201d.\" \/>\n<meta property=\"og:url\" content=\"https:\/\/www.polisrecreio.com.br\/site\/2017\/03\/16\/contrato-temporario-do-mutirao-de-limpeza-da-prefeitura-de-recreio-encerrou\/\" \/>\n<meta property=\"og:site_name\" content=\"P\u00f3lis Recreio\" \/>\n<meta property=\"article:publisher\" content=\"https:\/\/www.facebook.com\/Site-P%c3%b3lis-Recreio-MG-181941708571019\/\" \/>\n<meta property=\"article:published_time\" content=\"2017-03-16T12:47:05+00:00\" \/>\n<meta property=\"article:modified_time\" content=\"2017-03-16T12:52:06+00:00\" \/>\n<meta property=\"og:image\" content=\"https:\/\/www.polisrecreio.com.br\/site\/wp-content\/uploads\/2017\/02\/14.jpg\" \/>\n\t<meta property=\"og:image:width\" content=\"750\" \/>\n\t<meta property=\"og:image:height\" content=\"563\" \/>\n<meta name=\"twitter:card\" content=\"summary_large_image\" \/>\n<meta name=\"twitter:creator\" content=\"@PolisRecreio\" \/>\n<meta name=\"twitter:site\" content=\"@PolisRecreio\" \/>\n<meta name=\"twitter:label1\" content=\"Est. reading time\">\n\t<meta name=\"twitter:data1\" content=\"1 minuto\">\n<script type=\"application\/ld+json\" class=\"yoast-schema-graph\">{\"@context\":\"https:\/\/schema.org\",\"@graph\":[{\"@type\":\"WebSite\",\"@id\":\"https:\/\/www.polisrecreio.com.br\/site\/#website\",\"url\":\"https:\/\/www.polisrecreio.com.br\/site\/\",\"name\":\"P\\u00f3lis Recreio\",\"description\":\"\",\"potentialAction\":[{\"@type\":\"SearchAction\",\"target\":\"https:\/\/www.polisrecreio.com.br\/site\/?s={search_term_string}\",\"query-input\":\"required name=search_term_string\"}],\"inLanguage\":\"pt-BR\"},{\"@type\":\"ImageObject\",\"@id\":\"https:\/\/www.polisrecreio.com.br\/site\/2017\/03\/16\/contrato-temporario-do-mutirao-de-limpeza-da-prefeitura-de-recreio-encerrou\/#primaryimage\",\"inLanguage\":\"pt-BR\",\"url\":\"https:\/\/www.polisrecreio.com.br\/site\/wp-content\/uploads\/2017\/02\/14.jpg\",\"width\":750,\"height\":563},{\"@type\":\"WebPage\",\"@id\":\"https:\/\/www.polisrecreio.com.br\/site\/2017\/03\/16\/contrato-temporario-do-mutirao-de-limpeza-da-prefeitura-de-recreio-encerrou\/#webpage\",\"url\":\"https:\/\/www.polisrecreio.com.br\/site\/2017\/03\/16\/contrato-temporario-do-mutirao-de-limpeza-da-prefeitura-de-recreio-encerrou\/\",\"name\":\"Contrato tempor\\u00e1rio do mutir\\u00e3o de limpeza da Prefeitura de Recreio encerrou - P\\u00f3lis Recreio\",\"isPartOf\":{\"@id\":\"https:\/\/www.polisrecreio.com.br\/site\/#website\"},\"primaryImageOfPage\":{\"@id\":\"https:\/\/www.polisrecreio.com.br\/site\/2017\/03\/16\/contrato-temporario-do-mutirao-de-limpeza-da-prefeitura-de-recreio-encerrou\/#primaryimage\"},\"datePublished\":\"2017-03-16T12:47:05+00:00\",\"dateModified\":\"2017-03-16T12:52:06+00:00\",\"author\":{\"@id\":\"https:\/\/www.polisrecreio.com.br\/site\/#\/schema\/person\/3363c1c78e1e28e1329d97adb387638e\"},\"inLanguage\":\"pt-BR\",\"potentialAction\":[{\"@type\":\"ReadAction\",\"target\":[\"https:\/\/www.polisrecreio.com.br\/site\/2017\/03\/16\/contrato-temporario-do-mutirao-de-limpeza-da-prefeitura-de-recreio-encerrou\/\"]}]},{\"@type\":\"Person\",\"@id\":\"https:\/\/www.polisrecreio.com.br\/site\/#\/schema\/person\/3363c1c78e1e28e1329d97adb387638e\",\"name\":\"Leonardo Ribeiro\",\"image\":{\"@type\":\"ImageObject\",\"@id\":\"https:\/\/www.polisrecreio.com.br\/site\/#personlogo\",\"inLanguage\":\"pt-BR\",\"url\":\"https:\/\/secure.gravatar.com\/avatar\/6ba92a37d621e1a83e23710251178a12?s=96&d=mm&r=g\",\"caption\":\"Leonardo Ribeiro\"},\"sameAs\":[\"http:\/\/www.polisrecreio.com.br\"]}]}<\/script>\n<!-- \/ Yoast SEO plugin. -->","_links":{"self":[{"href":"https:\/\/www.polisrecreio.com.br\/site\/wp-json\/wp\/v2\/posts\/4815"}],"collection":[{"href":"https:\/\/www.polisrecreio.com.br\/site\/wp-json\/wp\/v2\/posts"}],"about":[{"href":"https:\/\/www.polisrecreio.com.br\/site\/wp-json\/wp\/v2\/types\/post"}],"author":[{"embeddable":true,"href":"https:\/\/www.polisrecreio.com.br\/site\/wp-json\/wp\/v2\/users\/3"}],"replies":[{"embeddable":true,"href":"https:\/\/www.polisrecreio.com.br\/site\/wp-json\/wp\/v2\/comments?post=4815"}],"version-history":[{"count":4,"href":"https:\/\/www.polisrecreio.com.br\/site\/wp-json\/wp\/v2\/posts\/4815\/revisions"}],"predecessor-version":[{"id":4819,"href":"https:\/\/www.polisrecreio.com.br\/site\/wp-json\/wp\/v2\/posts\/4815\/revisions\/4819"}],"wp:featuredmedia":[{"embeddable":true,"href":"https:\/\/www.polisrecreio.com.br\/site\/wp-json\/wp\/v2\/media\/4298"}],"wp:attachment":[{"href":"https:\/\/www.polisrecreio.com.br\/site\/wp-json\/wp\/v2\/media?parent=4815"}],"wp:term":[{"taxonomy":"category","embeddable":true,"href":"https:\/\/www.polisrecreio.com.br\/site\/wp-json\/wp\/v2\/categories?post=4815"},{"taxonomy":"post_tag","embeddable":true,"href":"https:\/\/www.polisrecreio.com.br\/site\/wp-json\/wp\/v2\/tags?post=4815"}],"curies":[{"name":"wp","href":"https:\/\/api.w.org\/{rel}","templated":true}]}}