{"id":4820,"date":"2017-03-16T13:06:42","date_gmt":"2017-03-16T16:06:42","guid":{"rendered":"http:\/\/www.polisrecreio.com.br\/site\/?p=4820"},"modified":"2017-03-16T13:06:42","modified_gmt":"2017-03-16T16:06:42","slug":"ex-diretor-do-ideal-devera-trabalhar-no-ribeiro-junqueira-na-copa-dos-campeoes","status":"publish","type":"post","link":"https:\/\/www.polisrecreio.com.br\/site\/2017\/03\/16\/ex-diretor-do-ideal-devera-trabalhar-no-ribeiro-junqueira-na-copa-dos-campeoes\/","title":{"rendered":"Ex-diretor do Ideal dever\u00e1 trabalhar no Ribeiro Junqueira na Copa dos Campe\u00f5es"},"content":{"rendered":"<p style=\"text-align: justify;\">O ex-diretor do Ideal E.C, Ca\u00edque Willians, foi convidado pelo presidente do Ribeiro Junqueira, Ben\u00e9 Guedes, para trabalhar no clube na busca pelo bicampeonato da Copa dos Campe\u00f5es da Liga Esportiva de Cataguases. Segundo informa\u00e7\u00f5es ele dever\u00e1 aceitar. <!--more--><\/p>\n<figure id=\"attachment_4821\" aria-describedby=\"caption-attachment-4821\" style=\"width: 720px\" class=\"wp-caption aligncenter\"><a href=\"http:\/\/www.polisrecreio.com.br\/site\/wp-content\/uploads\/2017\/03\/12932552_1091987074195742_4368719372126092580_n.jpg\"><img loading=\"lazy\" class=\"size-full wp-image-4821\" src=\"http:\/\/www.polisrecreio.com.br\/site\/wp-content\/uploads\/2017\/03\/12932552_1091987074195742_4368719372126092580_n.jpg\" alt=\"Ca\u00edque Willians com diretor do Ribeiro Junqueira. Foto: Arquivo.\" width=\"720\" height=\"476\" srcset=\"https:\/\/www.polisrecreio.com.br\/site\/wp-content\/uploads\/2017\/03\/12932552_1091987074195742_4368719372126092580_n.jpg 720w, https:\/\/www.polisrecreio.com.br\/site\/wp-content\/uploads\/2017\/03\/12932552_1091987074195742_4368719372126092580_n-300x198.jpg 300w\" sizes=\"(max-width: 720px) 100vw, 720px\" \/><\/a><figcaption id=\"caption-attachment-4821\" class=\"wp-caption-text\">Ca\u00edque Willians com ex-diretor do Ribeiro Junqueira, Juquinha. Foto: Arquivo.<\/figcaption><\/figure>\n<p style=\"text-align: justify;\">Ribeiro Junqueira X Ideal \u00e9 a maior rivalidade atual da regi\u00e3o. Nos \u00faltimos dois anos eles estiveram no mesmo grupo da Copa dos Campe\u00f5es e ambos n\u00e3o atingiram o objetivo principal, a conquista da ta\u00e7a. Ca\u00edque trabalhou como diretor t\u00e9cnico nas duas edi\u00e7\u00f5es.<\/p>\n<p style=\"text-align: justify;\">Na edi\u00e7\u00e3o de 2017 da competi\u00e7\u00e3o organizada pela Liga Esportiva de Cataguases o Ideal estar\u00e1 de fora por causa da interdi\u00e7\u00e3o do Est\u00e1dio Alcides Campos. J\u00e1, o RJ confirmou presen\u00e7a. O time de Leopoldina vai em busca do bicampeonato. A primeira conquista foi em 2014.<\/p>\n<p style=\"text-align: justify;\">Apesar de n\u00e3o ter se posicionado sobre o assunto, Ca\u00edque Willians, que deixou o Ideal este ano, dever\u00e1 aceitar o convite. Ele disse ao Site P\u00f3lis que pretende dar uma resposta ao presidente do Ribeiro Junqueira no s\u00e1bado (18).<\/p>\n<p style=\"text-align: justify;\">\n<p style=\"text-align: justify;\">\n","protected":false},"excerpt":{"rendered":"<p>O ex-diretor do Ideal E.C, Ca\u00edque Willians, foi convidado pelo presidente do Ribeiro Junqueira, Ben\u00e9 Guedes, para trabalhar no clube na busca pelo bicampeonato da Copa dos Campe\u00f5es da Liga Esportiva de Cataguases. Segundo informa\u00e7\u00f5es ele dever\u00e1 aceitar.<\/p>\n","protected":false},"author":3,"featured_media":4821,"comment_status":"open","ping_status":"open","sticky":false,"template":"","format":"standard","meta":[],"categories":[4],"tags":[],"yoast_head":"<!-- This site is optimized with the Yoast SEO plugin v15.6.2 - https:\/\/yoast.com\/wordpress\/plugins\/seo\/ -->\n<meta name=\"robots\" content=\"index, follow, max-snippet:-1, max-image-preview:large, max-video-preview:-1\" \/>\n<link rel=\"canonical\" href=\"https:\/\/www.polisrecreio.com.br\/site\/2017\/03\/16\/ex-diretor-do-ideal-devera-trabalhar-no-ribeiro-junqueira-na-copa-dos-campeoes\/\" \/>\n<meta property=\"og:locale\" content=\"pt_BR\" \/>\n<meta property=\"og:type\" content=\"article\" \/>\n<meta property=\"og:title\" content=\"Ex-diretor do Ideal dever\u00e1 trabalhar no Ribeiro Junqueira na Copa dos Campe\u00f5es - P\u00f3lis Recreio\" \/>\n<meta property=\"og:description\" content=\"O ex-diretor do Ideal E.C, Ca\u00edque Willians, foi convidado pelo presidente do Ribeiro Junqueira, Ben\u00e9 Guedes, para trabalhar no clube na busca pelo bicampeonato da Copa dos Campe\u00f5es da Liga Esportiva de Cataguases. Segundo informa\u00e7\u00f5es ele dever\u00e1 aceitar.\" \/>\n<meta property=\"og:url\" content=\"https:\/\/www.polisrecreio.com.br\/site\/2017\/03\/16\/ex-diretor-do-ideal-devera-trabalhar-no-ribeiro-junqueira-na-copa-dos-campeoes\/\" \/>\n<meta property=\"og:site_name\" content=\"P\u00f3lis Recreio\" \/>\n<meta property=\"article:publisher\" content=\"https:\/\/www.facebook.com\/Site-P%c3%b3lis-Recreio-MG-181941708571019\/\" \/>\n<meta property=\"article:published_time\" content=\"2017-03-16T16:06:42+00:00\" \/>\n<meta property=\"og:image\" content=\"https:\/\/www.polisrecreio.com.br\/site\/wp-content\/uploads\/2017\/03\/12932552_1091987074195742_4368719372126092580_n.jpg\" \/>\n\t<meta property=\"og:image:width\" content=\"720\" \/>\n\t<meta property=\"og:image:height\" content=\"476\" \/>\n<meta name=\"twitter:card\" content=\"summary_large_image\" \/>\n<meta name=\"twitter:creator\" content=\"@PolisRecreio\" \/>\n<meta name=\"twitter:site\" content=\"@PolisRecreio\" \/>\n<meta name=\"twitter:label1\" content=\"Est. reading time\">\n\t<meta name=\"twitter:data1\" content=\"1 minuto\">\n<script type=\"application\/ld+json\" class=\"yoast-schema-graph\">{\"@context\":\"https:\/\/schema.org\",\"@graph\":[{\"@type\":\"WebSite\",\"@id\":\"https:\/\/www.polisrecreio.com.br\/site\/#website\",\"url\":\"https:\/\/www.polisrecreio.com.br\/site\/\",\"name\":\"P\\u00f3lis Recreio\",\"description\":\"\",\"potentialAction\":[{\"@type\":\"SearchAction\",\"target\":\"https:\/\/www.polisrecreio.com.br\/site\/?s={search_term_string}\",\"query-input\":\"required name=search_term_string\"}],\"inLanguage\":\"pt-BR\"},{\"@type\":\"ImageObject\",\"@id\":\"https:\/\/www.polisrecreio.com.br\/site\/2017\/03\/16\/ex-diretor-do-ideal-devera-trabalhar-no-ribeiro-junqueira-na-copa-dos-campeoes\/#primaryimage\",\"inLanguage\":\"pt-BR\",\"url\":\"https:\/\/www.polisrecreio.com.br\/site\/wp-content\/uploads\/2017\/03\/12932552_1091987074195742_4368719372126092580_n.jpg\",\"width\":720,\"height\":476,\"caption\":\"Ca\\u00edque Willians com diretor do Ribeiro Junqueira. Foto: Arquivo.\"},{\"@type\":\"WebPage\",\"@id\":\"https:\/\/www.polisrecreio.com.br\/site\/2017\/03\/16\/ex-diretor-do-ideal-devera-trabalhar-no-ribeiro-junqueira-na-copa-dos-campeoes\/#webpage\",\"url\":\"https:\/\/www.polisrecreio.com.br\/site\/2017\/03\/16\/ex-diretor-do-ideal-devera-trabalhar-no-ribeiro-junqueira-na-copa-dos-campeoes\/\",\"name\":\"Ex-diretor do Ideal dever\\u00e1 trabalhar no Ribeiro Junqueira na Copa dos Campe\\u00f5es - P\\u00f3lis Recreio\",\"isPartOf\":{\"@id\":\"https:\/\/www.polisrecreio.com.br\/site\/#website\"},\"primaryImageOfPage\":{\"@id\":\"https:\/\/www.polisrecreio.com.br\/site\/2017\/03\/16\/ex-diretor-do-ideal-devera-trabalhar-no-ribeiro-junqueira-na-copa-dos-campeoes\/#primaryimage\"},\"datePublished\":\"2017-03-16T16:06:42+00:00\",\"dateModified\":\"2017-03-16T16:06:42+00:00\",\"author\":{\"@id\":\"https:\/\/www.polisrecreio.com.br\/site\/#\/schema\/person\/3363c1c78e1e28e1329d97adb387638e\"},\"inLanguage\":\"pt-BR\",\"potentialAction\":[{\"@type\":\"ReadAction\",\"target\":[\"https:\/\/www.polisrecreio.com.br\/site\/2017\/03\/16\/ex-diretor-do-ideal-devera-trabalhar-no-ribeiro-junqueira-na-copa-dos-campeoes\/\"]}]},{\"@type\":\"Person\",\"@id\":\"https:\/\/www.polisrecreio.com.br\/site\/#\/schema\/person\/3363c1c78e1e28e1329d97adb387638e\",\"name\":\"Leonardo Ribeiro\",\"image\":{\"@type\":\"ImageObject\",\"@id\":\"https:\/\/www.polisrecreio.com.br\/site\/#personlogo\",\"inLanguage\":\"pt-BR\",\"url\":\"https:\/\/secure.gravatar.com\/avatar\/6ba92a37d621e1a83e23710251178a12?s=96&d=mm&r=g\",\"caption\":\"Leonardo Ribeiro\"},\"sameAs\":[\"http:\/\/www.polisrecreio.com.br\"]}]}<\/script>\n<!-- \/ Yoast SEO plugin. -->","_links":{"self":[{"href":"https:\/\/www.polisrecreio.com.br\/site\/wp-json\/wp\/v2\/posts\/4820"}],"collection":[{"href":"https:\/\/www.polisrecreio.com.br\/site\/wp-json\/wp\/v2\/posts"}],"about":[{"href":"https:\/\/www.polisrecreio.com.br\/site\/wp-json\/wp\/v2\/types\/post"}],"author":[{"embeddable":true,"href":"https:\/\/www.polisrecreio.com.br\/site\/wp-json\/wp\/v2\/users\/3"}],"replies":[{"embeddable":true,"href":"https:\/\/www.polisrecreio.com.br\/site\/wp-json\/wp\/v2\/comments?post=4820"}],"version-history":[{"count":1,"href":"https:\/\/www.polisrecreio.com.br\/site\/wp-json\/wp\/v2\/posts\/4820\/revisions"}],"predecessor-version":[{"id":4822,"href":"https:\/\/www.polisrecreio.com.br\/site\/wp-json\/wp\/v2\/posts\/4820\/revisions\/4822"}],"wp:featuredmedia":[{"embeddable":true,"href":"https:\/\/www.polisrecreio.com.br\/site\/wp-json\/wp\/v2\/media\/4821"}],"wp:attachment":[{"href":"https:\/\/www.polisrecreio.com.br\/site\/wp-json\/wp\/v2\/media?parent=4820"}],"wp:term":[{"taxonomy":"category","embeddable":true,"href":"https:\/\/www.polisrecreio.com.br\/site\/wp-json\/wp\/v2\/categories?post=4820"},{"taxonomy":"post_tag","embeddable":true,"href":"https:\/\/www.polisrecreio.com.br\/site\/wp-json\/wp\/v2\/tags?post=4820"}],"curies":[{"name":"wp","href":"https:\/\/api.w.org\/{rel}","templated":true}]}}