{"id":5066,"date":"2017-03-31T20:40:27","date_gmt":"2017-03-31T23:40:27","guid":{"rendered":"http:\/\/www.polisrecreio.com.br\/site\/?p=5066"},"modified":"2017-03-31T20:42:34","modified_gmt":"2017-03-31T23:42:34","slug":"cerca-de-300-pessoas-vao-as-ruas-de-recreio-alertar-sobre-o-aedes","status":"publish","type":"post","link":"https:\/\/www.polisrecreio.com.br\/site\/2017\/03\/31\/cerca-de-300-pessoas-vao-as-ruas-de-recreio-alertar-sobre-o-aedes\/","title":{"rendered":"Cerca de 300 pessoas v\u00e3o \u00e0s ruas de Recreio alertar sobre o Aedes"},"content":{"rendered":"<p style=\"text-align: justify;\">Nesta sexta-feira (31) uma manifesta\u00e7\u00e3o levou \u00e0s ruas de Recreio cerca de 300 pessoas, entre eles estudantes, professores e profissionais da sa\u00fade, com objetivo de alertar a todos sobre o Aedes aegypti. O mosquito \u00e9 o transmissor da dengue, da febre chikungunya, do zika v\u00edrus e da febre amarela em \u00e1rea urbana.<\/p>\n<p style=\"text-align: justify;\"><!--more--><\/p>\n<p style=\"text-align: justify;\"><a href=\"http:\/\/www.polisrecreio.com.br\/site\/wp-content\/uploads\/2017\/03\/38.jpg\"><img loading=\"lazy\" class=\"aligncenter size-full wp-image-5069\" src=\"http:\/\/www.polisrecreio.com.br\/site\/wp-content\/uploads\/2017\/03\/38.jpg\" alt=\"3\" width=\"750\" height=\"563\" srcset=\"https:\/\/www.polisrecreio.com.br\/site\/wp-content\/uploads\/2017\/03\/38.jpg 750w, https:\/\/www.polisrecreio.com.br\/site\/wp-content\/uploads\/2017\/03\/38-300x225.jpg 300w\" sizes=\"(max-width: 750px) 100vw, 750px\" \/><\/a><\/p>\n<p style=\"text-align: justify;\">A passeata organizada pela Secretaria Municipal de Sa\u00fade, atrav\u00e9s da Vigil\u00e2ncia Epidemiol\u00f3gica, contou com a participa\u00e7\u00e3o da E.M Jo\u00e3o Damasceno Ferreira, E.M Professora Nice Damasceno de Almeida Muniz, E.E Olavo Bilac, Cento Educacional Castelo das Letras e APAE de Recreio, al\u00e9m de secret\u00e1rios municipais e do prefeito Z\u00e9 Maria Barros.<\/p>\n<p style=\"text-align: justify;\">O objetivo da manifesta\u00e7\u00e3o foi alertar a cidade de Recreio sobre os perigos da prolifera\u00e7\u00e3o do Aedes aegypti, que na \u00e1rea urbana j\u00e1 est\u00e1 em n\u00edvel preocupante de 3,4% de infesta\u00e7\u00e3o, conforme levantamento epidemiol\u00f3gico realizado no m\u00eas de mar\u00e7o.<\/p>\n<p style=\"text-align: justify;\">A manifesta\u00e7\u00e3o contou com apoio da Pol\u00edcia Militar de Minas Gerais.<\/p>\n<figure id=\"attachment_5071\" aria-describedby=\"caption-attachment-5071\" style=\"width: 750px\" class=\"wp-caption aligncenter\"><a href=\"http:\/\/www.polisrecreio.com.br\/site\/wp-content\/uploads\/2017\/03\/55.jpg\"><img loading=\"lazy\" class=\"wp-image-5071 size-full\" src=\"http:\/\/www.polisrecreio.com.br\/site\/wp-content\/uploads\/2017\/03\/55.jpg\" alt=\"5\" width=\"750\" height=\"563\" srcset=\"https:\/\/www.polisrecreio.com.br\/site\/wp-content\/uploads\/2017\/03\/55.jpg 750w, https:\/\/www.polisrecreio.com.br\/site\/wp-content\/uploads\/2017\/03\/55-300x225.jpg 300w\" sizes=\"(max-width: 750px) 100vw, 750px\" \/><\/a><figcaption id=\"caption-attachment-5071\" class=\"wp-caption-text\">Pol\u00edcia Militar dando apoio a manifesta\u00e7\u00e3o.<\/figcaption><\/figure>\n<figure id=\"attachment_5072\" aria-describedby=\"caption-attachment-5072\" style=\"width: 750px\" class=\"wp-caption aligncenter\"><a href=\"http:\/\/www.polisrecreio.com.br\/site\/wp-content\/uploads\/2017\/03\/63.jpg\"><img loading=\"lazy\" class=\"wp-image-5072 size-full\" src=\"http:\/\/www.polisrecreio.com.br\/site\/wp-content\/uploads\/2017\/03\/63.jpg\" alt=\"6\" width=\"750\" height=\"563\" srcset=\"https:\/\/www.polisrecreio.com.br\/site\/wp-content\/uploads\/2017\/03\/63.jpg 750w, https:\/\/www.polisrecreio.com.br\/site\/wp-content\/uploads\/2017\/03\/63-300x225.jpg 300w\" sizes=\"(max-width: 750px) 100vw, 750px\" \/><\/a><figcaption id=\"caption-attachment-5072\" class=\"wp-caption-text\">Prefeito e demais autoridades na manifesta\u00e7\u00e3o.<\/figcaption><\/figure>\n<figure id=\"attachment_5070\" aria-describedby=\"caption-attachment-5070\" style=\"width: 750px\" class=\"wp-caption aligncenter\"><a href=\"http:\/\/www.polisrecreio.com.br\/site\/wp-content\/uploads\/2017\/03\/45.jpg\"><img loading=\"lazy\" class=\"wp-image-5070 size-full\" src=\"http:\/\/www.polisrecreio.com.br\/site\/wp-content\/uploads\/2017\/03\/45.jpg\" alt=\"4\" width=\"750\" height=\"563\" srcset=\"https:\/\/www.polisrecreio.com.br\/site\/wp-content\/uploads\/2017\/03\/45.jpg 750w, https:\/\/www.polisrecreio.com.br\/site\/wp-content\/uploads\/2017\/03\/45-300x225.jpg 300w\" sizes=\"(max-width: 750px) 100vw, 750px\" \/><\/a><figcaption id=\"caption-attachment-5070\" class=\"wp-caption-text\">Manifesta\u00e7\u00e3o contra o Aedes.<\/figcaption><\/figure>\n<figure id=\"attachment_5068\" aria-describedby=\"caption-attachment-5068\" style=\"width: 750px\" class=\"wp-caption aligncenter\"><a href=\"http:\/\/www.polisrecreio.com.br\/site\/wp-content\/uploads\/2017\/03\/29.jpg\"><img loading=\"lazy\" class=\"wp-image-5068 size-full\" src=\"http:\/\/www.polisrecreio.com.br\/site\/wp-content\/uploads\/2017\/03\/29.jpg\" alt=\"2\" width=\"750\" height=\"563\" srcset=\"https:\/\/www.polisrecreio.com.br\/site\/wp-content\/uploads\/2017\/03\/29.jpg 750w, https:\/\/www.polisrecreio.com.br\/site\/wp-content\/uploads\/2017\/03\/29-300x225.jpg 300w\" sizes=\"(max-width: 750px) 100vw, 750px\" \/><\/a><figcaption id=\"caption-attachment-5068\" class=\"wp-caption-text\">Manifesta\u00e7\u00e3o pelas ruas de Recreio.<\/figcaption><\/figure>\n<figure id=\"attachment_5067\" aria-describedby=\"caption-attachment-5067\" style=\"width: 750px\" class=\"wp-caption aligncenter\"><a href=\"http:\/\/www.polisrecreio.com.br\/site\/wp-content\/uploads\/2017\/03\/112.jpg\"><img loading=\"lazy\" class=\"wp-image-5067 size-full\" src=\"http:\/\/www.polisrecreio.com.br\/site\/wp-content\/uploads\/2017\/03\/112.jpg\" alt=\"1\" width=\"750\" height=\"563\" srcset=\"https:\/\/www.polisrecreio.com.br\/site\/wp-content\/uploads\/2017\/03\/112.jpg 750w, https:\/\/www.polisrecreio.com.br\/site\/wp-content\/uploads\/2017\/03\/112-300x225.jpg 300w\" sizes=\"(max-width: 750px) 100vw, 750px\" \/><\/a><figcaption id=\"caption-attachment-5067\" class=\"wp-caption-text\">Manifesta\u00e7\u00e3o chegando a Pra\u00e7a dos Ferrovi\u00e1rios.<\/figcaption><\/figure>\n","protected":false},"excerpt":{"rendered":"<p>Nesta sexta-feira (31) uma manifesta\u00e7\u00e3o levou \u00e0s ruas de Recreio cerca de 300 pessoas, entre eles estudantes, professores e profissionais da sa\u00fade, com objetivo de alertar a todos sobre o Aedes aegypti. O mosquito \u00e9 o transmissor da dengue, da febre chikungunya, do zika v\u00edrus e da febre amarela em \u00e1rea urbana.<\/p>\n","protected":false},"author":3,"featured_media":5069,"comment_status":"open","ping_status":"open","sticky":false,"template":"","format":"standard","meta":[],"categories":[7],"tags":[],"yoast_head":"<!-- This site is optimized with the Yoast SEO plugin v15.6.2 - https:\/\/yoast.com\/wordpress\/plugins\/seo\/ -->\n<meta name=\"robots\" content=\"index, follow, max-snippet:-1, max-image-preview:large, max-video-preview:-1\" \/>\n<link rel=\"canonical\" href=\"https:\/\/www.polisrecreio.com.br\/site\/2017\/03\/31\/cerca-de-300-pessoas-vao-as-ruas-de-recreio-alertar-sobre-o-aedes\/\" \/>\n<meta property=\"og:locale\" content=\"pt_BR\" \/>\n<meta property=\"og:type\" content=\"article\" \/>\n<meta property=\"og:title\" content=\"Cerca de 300 pessoas v\u00e3o \u00e0s ruas de Recreio alertar sobre o Aedes - P\u00f3lis Recreio\" \/>\n<meta property=\"og:description\" content=\"Nesta sexta-feira (31) uma manifesta\u00e7\u00e3o levou \u00e0s ruas de Recreio cerca de 300 pessoas, entre eles estudantes, professores e profissionais da sa\u00fade, com objetivo de alertar a todos sobre o Aedes aegypti. O mosquito \u00e9 o transmissor da dengue, da febre chikungunya, do zika v\u00edrus e da febre amarela em \u00e1rea urbana.\" \/>\n<meta property=\"og:url\" content=\"https:\/\/www.polisrecreio.com.br\/site\/2017\/03\/31\/cerca-de-300-pessoas-vao-as-ruas-de-recreio-alertar-sobre-o-aedes\/\" \/>\n<meta property=\"og:site_name\" content=\"P\u00f3lis Recreio\" \/>\n<meta property=\"article:publisher\" content=\"https:\/\/www.facebook.com\/Site-P%c3%b3lis-Recreio-MG-181941708571019\/\" \/>\n<meta property=\"article:published_time\" content=\"2017-03-31T23:40:27+00:00\" \/>\n<meta property=\"article:modified_time\" content=\"2017-03-31T23:42:34+00:00\" \/>\n<meta property=\"og:image\" content=\"https:\/\/www.polisrecreio.com.br\/site\/wp-content\/uploads\/2017\/03\/38.jpg\" \/>\n\t<meta property=\"og:image:width\" content=\"750\" \/>\n\t<meta property=\"og:image:height\" content=\"563\" \/>\n<meta name=\"twitter:card\" content=\"summary_large_image\" \/>\n<meta name=\"twitter:creator\" content=\"@PolisRecreio\" \/>\n<meta name=\"twitter:site\" content=\"@PolisRecreio\" \/>\n<meta name=\"twitter:label1\" content=\"Est. reading time\">\n\t<meta name=\"twitter:data1\" content=\"1 minuto\">\n<script type=\"application\/ld+json\" class=\"yoast-schema-graph\">{\"@context\":\"https:\/\/schema.org\",\"@graph\":[{\"@type\":\"WebSite\",\"@id\":\"https:\/\/www.polisrecreio.com.br\/site\/#website\",\"url\":\"https:\/\/www.polisrecreio.com.br\/site\/\",\"name\":\"P\\u00f3lis Recreio\",\"description\":\"\",\"potentialAction\":[{\"@type\":\"SearchAction\",\"target\":\"https:\/\/www.polisrecreio.com.br\/site\/?s={search_term_string}\",\"query-input\":\"required name=search_term_string\"}],\"inLanguage\":\"pt-BR\"},{\"@type\":\"ImageObject\",\"@id\":\"https:\/\/www.polisrecreio.com.br\/site\/2017\/03\/31\/cerca-de-300-pessoas-vao-as-ruas-de-recreio-alertar-sobre-o-aedes\/#primaryimage\",\"inLanguage\":\"pt-BR\",\"url\":\"https:\/\/www.polisrecreio.com.br\/site\/wp-content\/uploads\/2017\/03\/38.jpg\",\"width\":750,\"height\":563},{\"@type\":\"WebPage\",\"@id\":\"https:\/\/www.polisrecreio.com.br\/site\/2017\/03\/31\/cerca-de-300-pessoas-vao-as-ruas-de-recreio-alertar-sobre-o-aedes\/#webpage\",\"url\":\"https:\/\/www.polisrecreio.com.br\/site\/2017\/03\/31\/cerca-de-300-pessoas-vao-as-ruas-de-recreio-alertar-sobre-o-aedes\/\",\"name\":\"Cerca de 300 pessoas v\\u00e3o \\u00e0s ruas de Recreio alertar sobre o Aedes - P\\u00f3lis Recreio\",\"isPartOf\":{\"@id\":\"https:\/\/www.polisrecreio.com.br\/site\/#website\"},\"primaryImageOfPage\":{\"@id\":\"https:\/\/www.polisrecreio.com.br\/site\/2017\/03\/31\/cerca-de-300-pessoas-vao-as-ruas-de-recreio-alertar-sobre-o-aedes\/#primaryimage\"},\"datePublished\":\"2017-03-31T23:40:27+00:00\",\"dateModified\":\"2017-03-31T23:42:34+00:00\",\"author\":{\"@id\":\"https:\/\/www.polisrecreio.com.br\/site\/#\/schema\/person\/3363c1c78e1e28e1329d97adb387638e\"},\"inLanguage\":\"pt-BR\",\"potentialAction\":[{\"@type\":\"ReadAction\",\"target\":[\"https:\/\/www.polisrecreio.com.br\/site\/2017\/03\/31\/cerca-de-300-pessoas-vao-as-ruas-de-recreio-alertar-sobre-o-aedes\/\"]}]},{\"@type\":\"Person\",\"@id\":\"https:\/\/www.polisrecreio.com.br\/site\/#\/schema\/person\/3363c1c78e1e28e1329d97adb387638e\",\"name\":\"Leonardo Ribeiro\",\"image\":{\"@type\":\"ImageObject\",\"@id\":\"https:\/\/www.polisrecreio.com.br\/site\/#personlogo\",\"inLanguage\":\"pt-BR\",\"url\":\"https:\/\/secure.gravatar.com\/avatar\/6ba92a37d621e1a83e23710251178a12?s=96&d=mm&r=g\",\"caption\":\"Leonardo Ribeiro\"},\"sameAs\":[\"http:\/\/www.polisrecreio.com.br\"]}]}<\/script>\n<!-- \/ Yoast SEO plugin. -->","_links":{"self":[{"href":"https:\/\/www.polisrecreio.com.br\/site\/wp-json\/wp\/v2\/posts\/5066"}],"collection":[{"href":"https:\/\/www.polisrecreio.com.br\/site\/wp-json\/wp\/v2\/posts"}],"about":[{"href":"https:\/\/www.polisrecreio.com.br\/site\/wp-json\/wp\/v2\/types\/post"}],"author":[{"embeddable":true,"href":"https:\/\/www.polisrecreio.com.br\/site\/wp-json\/wp\/v2\/users\/3"}],"replies":[{"embeddable":true,"href":"https:\/\/www.polisrecreio.com.br\/site\/wp-json\/wp\/v2\/comments?post=5066"}],"version-history":[{"count":3,"href":"https:\/\/www.polisrecreio.com.br\/site\/wp-json\/wp\/v2\/posts\/5066\/revisions"}],"predecessor-version":[{"id":5075,"href":"https:\/\/www.polisrecreio.com.br\/site\/wp-json\/wp\/v2\/posts\/5066\/revisions\/5075"}],"wp:featuredmedia":[{"embeddable":true,"href":"https:\/\/www.polisrecreio.com.br\/site\/wp-json\/wp\/v2\/media\/5069"}],"wp:attachment":[{"href":"https:\/\/www.polisrecreio.com.br\/site\/wp-json\/wp\/v2\/media?parent=5066"}],"wp:term":[{"taxonomy":"category","embeddable":true,"href":"https:\/\/www.polisrecreio.com.br\/site\/wp-json\/wp\/v2\/categories?post=5066"},{"taxonomy":"post_tag","embeddable":true,"href":"https:\/\/www.polisrecreio.com.br\/site\/wp-json\/wp\/v2\/tags?post=5066"}],"curies":[{"name":"wp","href":"https:\/\/api.w.org\/{rel}","templated":true}]}}