{"id":5215,"date":"2017-04-11T21:20:40","date_gmt":"2017-04-12T00:20:40","guid":{"rendered":"http:\/\/www.polisrecreio.com.br\/site\/?p=5215"},"modified":"2017-04-11T21:20:40","modified_gmt":"2017-04-12T00:20:40","slug":"trem-rio-minas-esta-a-procura-de-apoio-da-iniciativa-privada","status":"publish","type":"post","link":"https:\/\/www.polisrecreio.com.br\/site\/2017\/04\/11\/trem-rio-minas-esta-a-procura-de-apoio-da-iniciativa-privada\/","title":{"rendered":"Trem Rio Minas est\u00e1 \u00e0 procura de apoio da iniciativa privada"},"content":{"rendered":"<p style=\"text-align: justify;\">Com previs\u00e3o de iniciar as viagens do trem tur\u00edstico, Trem Rio Minas, em 2018, entre Cataguases (MG) e Tr\u00eas Rios (RJ), o projeto idealizado pela ONG Amigos do Trem est\u00e1 \u00e0 procura de apoio da iniciativa privada.<\/p>\n<p style=\"text-align: justify;\"><!--more--><\/p>\n<figure id=\"attachment_4063\" aria-describedby=\"caption-attachment-4063\" style=\"width: 750px\" class=\"wp-caption aligncenter\"><a href=\"http:\/\/www.polisrecreio.com.br\/site\/wp-content\/uploads\/2017\/01\/64.jpg\"><img loading=\"lazy\" class=\"wp-image-4063 size-full\" src=\"http:\/\/www.polisrecreio.com.br\/site\/wp-content\/uploads\/2017\/01\/64.jpg\" alt=\"6\" width=\"750\" height=\"563\" srcset=\"https:\/\/www.polisrecreio.com.br\/site\/wp-content\/uploads\/2017\/01\/64.jpg 750w, https:\/\/www.polisrecreio.com.br\/site\/wp-content\/uploads\/2017\/01\/64-300x225.jpg 300w\" sizes=\"(max-width: 750px) 100vw, 750px\" \/><\/a><figcaption id=\"caption-attachment-4063\" class=\"wp-caption-text\">Prefeito de Recreio, presidente da Amigos do Trem e volunt\u00e1rios do projeto na oficina de Recreio.<\/figcaption><\/figure>\n<p style=\"text-align: justify;\">O projeto criado em 2015 tem o objetivo de reativar o movimento ferrovi\u00e1rio na zona da mata mineira e no sul fluminense atrav\u00e9s do turismo em um trecho de 120 km, passando pelos munic\u00edpios de Cataguases, Leopoldina, Recreio, Volta Grande, Al\u00e9m Para\u00edba e Chiador, em Minas, e, Sapucaia e Tr\u00eas Rios, no Estado do Rio.<\/p>\n<p style=\"text-align: justify;\">Segundo informa\u00e7\u00f5es do presidente da ONG Amigos do Trem, Paulo Henrique do Nascimento, \u201co projeto contar\u00e1 com duas locomotivas, quatro vag\u00f5es e dois carros-restaurantes. Os equipamentos s\u00e3o da d\u00e9cada de 1970, oriundos da F\u00e1brica de Santa Matilde, est\u00e3o sem utilidade, foram cedidas pelo DNIT e ser\u00e3o recuperadas em parceria com a iniciativa privada\u201d.<\/p>\n<p style=\"text-align: justify;\">No in\u00edcio deste ano a ONG recebeu a cess\u00e3o da oficina de Recreio por meio da VLI, controladora da Ferrovia Centro Atl\u00e2ntica, e pelo Departamento Nacional de Infraestrutura de Transportes \u201cDNIT\u201d. \u201cNa oficina j\u00e1 est\u00e3o sete macacos eletromec\u00e2nicos que ser\u00e3o utilizados para reparos e manuten\u00e7\u00f5es de locomotivas e vag\u00f5es, al\u00e9m de tr\u00eas autos de linha que passar\u00e3o por reformas e moderniza\u00e7\u00f5es em parceria com o DNIT, prefeituras da regi\u00e3o e apoio t\u00e9cnico da VLI\u201d, disse Paulo Henrique.<\/p>\n<figure id=\"attachment_5216\" aria-describedby=\"caption-attachment-5216\" style=\"width: 709px\" class=\"wp-caption aligncenter\"><a href=\"http:\/\/www.polisrecreio.com.br\/site\/wp-content\/uploads\/2017\/04\/TREM-TURISMO-RIO-MINAS-FOTO-DIVULGA\u00c7\u00c3O.jpg\"><img loading=\"lazy\" class=\"size-full wp-image-5216\" src=\"http:\/\/www.polisrecreio.com.br\/site\/wp-content\/uploads\/2017\/04\/TREM-TURISMO-RIO-MINAS-FOTO-DIVULGA\u00c7\u00c3O.jpg\" alt=\"Autos de linha na oficina de Recreio.\" width=\"709\" height=\"407\" srcset=\"https:\/\/www.polisrecreio.com.br\/site\/wp-content\/uploads\/2017\/04\/TREM-TURISMO-RIO-MINAS-FOTO-DIVULGA\u00c7\u00c3O.jpg 709w, https:\/\/www.polisrecreio.com.br\/site\/wp-content\/uploads\/2017\/04\/TREM-TURISMO-RIO-MINAS-FOTO-DIVULGA\u00c7\u00c3O-300x172.jpg 300w\" sizes=\"(max-width: 709px) 100vw, 709px\" \/><\/a><figcaption id=\"caption-attachment-5216\" class=\"wp-caption-text\">Autos de linha na oficina de Recreio.<\/figcaption><\/figure>\n<p style=\"text-align: justify;\">A respeito das locomotivas que ser\u00e3o utilizadas, Paulo Henrique contou que a proje\u00e7\u00e3o da ONG \u00e9 conseguir traz\u00ea-las durante este m\u00eas de abril. \u201cAs locomotivas vir\u00e3o de Lavras (MG), v\u00e3o passar por Vit\u00f3ria (ES); de Vit\u00f3ria at\u00e9 Campos (RJ) e de Campos at\u00e9 a oficina de Recreio\u201d, destacou.<\/p>\n<p style=\"text-align: justify;\">Em janeiro o prefeito de Recreio, Z\u00e9 Maria Barros, encontrou-se com o presidente da Organiza\u00e7\u00e3o Amigos do Trem e firmou total apoio a reativa\u00e7\u00e3o do movimento ferrovi\u00e1rio.<\/p>\n<p style=\"text-align: justify;\">Os interessados em apoiar o Trem Rio Minas podem entrar em contato e conhecer o projeto pelo site\u00a0<a href=\"http:\/\/www.amigosdotrem.org\/.\" target=\"_blank\">http:\/\/www.amigosdotrem.org\/.<\/a><\/p>\n<figure id=\"attachment_4064\" aria-describedby=\"caption-attachment-4064\" style=\"width: 750px\" class=\"wp-caption aligncenter\"><a href=\"http:\/\/www.polisrecreio.com.br\/site\/wp-content\/uploads\/2017\/01\/73.jpg\"><img loading=\"lazy\" class=\"wp-image-4064 size-full\" src=\"http:\/\/www.polisrecreio.com.br\/site\/wp-content\/uploads\/2017\/01\/73.jpg\" alt=\"7\" width=\"750\" height=\"563\" srcset=\"https:\/\/www.polisrecreio.com.br\/site\/wp-content\/uploads\/2017\/01\/73.jpg 750w, https:\/\/www.polisrecreio.com.br\/site\/wp-content\/uploads\/2017\/01\/73-300x225.jpg 300w\" sizes=\"(max-width: 750px) 100vw, 750px\" \/><\/a><figcaption id=\"caption-attachment-4064\" class=\"wp-caption-text\">Amigos do Trem, prefeito de Recreio e volunt\u00e1rios na oficina de Recreio.<\/figcaption><\/figure>\n","protected":false},"excerpt":{"rendered":"<p>Com previs\u00e3o de iniciar as viagens do trem tur\u00edstico, Trem Rio Minas, em 2018, entre Cataguases (MG) e Tr\u00eas Rios (RJ), o projeto idealizado pela ONG Amigos do Trem est\u00e1 \u00e0 procura de apoio da iniciativa privada.<\/p>\n","protected":false},"author":3,"featured_media":5216,"comment_status":"open","ping_status":"open","sticky":false,"template":"","format":"standard","meta":[],"categories":[6],"tags":[],"yoast_head":"<!-- This site is optimized with the Yoast SEO plugin v15.6.2 - https:\/\/yoast.com\/wordpress\/plugins\/seo\/ -->\n<meta name=\"robots\" content=\"index, follow, max-snippet:-1, max-image-preview:large, max-video-preview:-1\" \/>\n<link rel=\"canonical\" href=\"http:\/\/www.polisrecreio.com.br\/site\/2017\/04\/11\/trem-rio-minas-esta-a-procura-de-apoio-da-iniciativa-privada\/\" \/>\n<meta property=\"og:locale\" content=\"pt_BR\" \/>\n<meta property=\"og:type\" content=\"article\" \/>\n<meta property=\"og:title\" content=\"Trem Rio Minas est\u00e1 \u00e0 procura de apoio da iniciativa privada - P\u00f3lis Recreio\" \/>\n<meta property=\"og:description\" content=\"Com previs\u00e3o de iniciar as viagens do trem tur\u00edstico, Trem Rio Minas, em 2018, entre Cataguases (MG) e Tr\u00eas Rios (RJ), o projeto idealizado pela ONG Amigos do Trem est\u00e1 \u00e0 procura de apoio da iniciativa privada.\" \/>\n<meta property=\"og:url\" content=\"http:\/\/www.polisrecreio.com.br\/site\/2017\/04\/11\/trem-rio-minas-esta-a-procura-de-apoio-da-iniciativa-privada\/\" \/>\n<meta property=\"og:site_name\" content=\"P\u00f3lis Recreio\" \/>\n<meta property=\"article:publisher\" content=\"https:\/\/www.facebook.com\/Site-P%c3%b3lis-Recreio-MG-181941708571019\/\" \/>\n<meta property=\"article:published_time\" content=\"2017-04-12T00:20:40+00:00\" \/>\n<meta property=\"og:image\" content=\"https:\/\/www.polisrecreio.com.br\/site\/wp-content\/uploads\/2017\/04\/TREM-TURISMO-RIO-MINAS-FOTO-DIVULGA\u00c7\u00c3O.jpg\" \/>\n\t<meta property=\"og:image:width\" content=\"709\" \/>\n\t<meta property=\"og:image:height\" content=\"407\" \/>\n<meta name=\"twitter:card\" content=\"summary_large_image\" \/>\n<meta name=\"twitter:creator\" content=\"@PolisRecreio\" \/>\n<meta name=\"twitter:site\" content=\"@PolisRecreio\" \/>\n<meta name=\"twitter:label1\" content=\"Est. reading time\">\n\t<meta name=\"twitter:data1\" content=\"2 minutos\">\n<script type=\"application\/ld+json\" class=\"yoast-schema-graph\">{\"@context\":\"https:\/\/schema.org\",\"@graph\":[{\"@type\":\"WebSite\",\"@id\":\"https:\/\/www.polisrecreio.com.br\/site\/#website\",\"url\":\"https:\/\/www.polisrecreio.com.br\/site\/\",\"name\":\"P\\u00f3lis Recreio\",\"description\":\"\",\"potentialAction\":[{\"@type\":\"SearchAction\",\"target\":\"https:\/\/www.polisrecreio.com.br\/site\/?s={search_term_string}\",\"query-input\":\"required name=search_term_string\"}],\"inLanguage\":\"pt-BR\"},{\"@type\":\"ImageObject\",\"@id\":\"http:\/\/www.polisrecreio.com.br\/site\/2017\/04\/11\/trem-rio-minas-esta-a-procura-de-apoio-da-iniciativa-privada\/#primaryimage\",\"inLanguage\":\"pt-BR\",\"url\":\"https:\/\/www.polisrecreio.com.br\/site\/wp-content\/uploads\/2017\/04\/TREM-TURISMO-RIO-MINAS-FOTO-DIVULGA\\u00c7\\u00c3O.jpg\",\"width\":709,\"height\":407,\"caption\":\"Autos de linha na oficina de Recreio.\"},{\"@type\":\"WebPage\",\"@id\":\"http:\/\/www.polisrecreio.com.br\/site\/2017\/04\/11\/trem-rio-minas-esta-a-procura-de-apoio-da-iniciativa-privada\/#webpage\",\"url\":\"http:\/\/www.polisrecreio.com.br\/site\/2017\/04\/11\/trem-rio-minas-esta-a-procura-de-apoio-da-iniciativa-privada\/\",\"name\":\"Trem Rio Minas est\\u00e1 \\u00e0 procura de apoio da iniciativa privada - P\\u00f3lis Recreio\",\"isPartOf\":{\"@id\":\"https:\/\/www.polisrecreio.com.br\/site\/#website\"},\"primaryImageOfPage\":{\"@id\":\"http:\/\/www.polisrecreio.com.br\/site\/2017\/04\/11\/trem-rio-minas-esta-a-procura-de-apoio-da-iniciativa-privada\/#primaryimage\"},\"datePublished\":\"2017-04-12T00:20:40+00:00\",\"dateModified\":\"2017-04-12T00:20:40+00:00\",\"author\":{\"@id\":\"https:\/\/www.polisrecreio.com.br\/site\/#\/schema\/person\/3363c1c78e1e28e1329d97adb387638e\"},\"inLanguage\":\"pt-BR\",\"potentialAction\":[{\"@type\":\"ReadAction\",\"target\":[\"http:\/\/www.polisrecreio.com.br\/site\/2017\/04\/11\/trem-rio-minas-esta-a-procura-de-apoio-da-iniciativa-privada\/\"]}]},{\"@type\":\"Person\",\"@id\":\"https:\/\/www.polisrecreio.com.br\/site\/#\/schema\/person\/3363c1c78e1e28e1329d97adb387638e\",\"name\":\"Leonardo Ribeiro\",\"image\":{\"@type\":\"ImageObject\",\"@id\":\"https:\/\/www.polisrecreio.com.br\/site\/#personlogo\",\"inLanguage\":\"pt-BR\",\"url\":\"https:\/\/secure.gravatar.com\/avatar\/6ba92a37d621e1a83e23710251178a12?s=96&d=mm&r=g\",\"caption\":\"Leonardo Ribeiro\"},\"sameAs\":[\"http:\/\/www.polisrecreio.com.br\"]}]}<\/script>\n<!-- \/ Yoast SEO plugin. -->","_links":{"self":[{"href":"https:\/\/www.polisrecreio.com.br\/site\/wp-json\/wp\/v2\/posts\/5215"}],"collection":[{"href":"https:\/\/www.polisrecreio.com.br\/site\/wp-json\/wp\/v2\/posts"}],"about":[{"href":"https:\/\/www.polisrecreio.com.br\/site\/wp-json\/wp\/v2\/types\/post"}],"author":[{"embeddable":true,"href":"https:\/\/www.polisrecreio.com.br\/site\/wp-json\/wp\/v2\/users\/3"}],"replies":[{"embeddable":true,"href":"https:\/\/www.polisrecreio.com.br\/site\/wp-json\/wp\/v2\/comments?post=5215"}],"version-history":[{"count":1,"href":"https:\/\/www.polisrecreio.com.br\/site\/wp-json\/wp\/v2\/posts\/5215\/revisions"}],"predecessor-version":[{"id":5217,"href":"https:\/\/www.polisrecreio.com.br\/site\/wp-json\/wp\/v2\/posts\/5215\/revisions\/5217"}],"wp:featuredmedia":[{"embeddable":true,"href":"https:\/\/www.polisrecreio.com.br\/site\/wp-json\/wp\/v2\/media\/5216"}],"wp:attachment":[{"href":"https:\/\/www.polisrecreio.com.br\/site\/wp-json\/wp\/v2\/media?parent=5215"}],"wp:term":[{"taxonomy":"category","embeddable":true,"href":"https:\/\/www.polisrecreio.com.br\/site\/wp-json\/wp\/v2\/categories?post=5215"},{"taxonomy":"post_tag","embeddable":true,"href":"https:\/\/www.polisrecreio.com.br\/site\/wp-json\/wp\/v2\/tags?post=5215"}],"curies":[{"name":"wp","href":"https:\/\/api.w.org\/{rel}","templated":true}]}}