{"id":533,"date":"2015-02-10T12:20:22","date_gmt":"2015-02-10T15:20:22","guid":{"rendered":"http:\/\/www.polisrecreio.com.br\/site\/?p=533"},"modified":"2017-02-23T09:50:52","modified_gmt":"2017-02-23T12:50:52","slug":"em-laranjal-bandidos-explodem-caixa-eletronica-e-fogem-com-r-25-mil","status":"publish","type":"post","link":"https:\/\/www.polisrecreio.com.br\/site\/2015\/02\/10\/em-laranjal-bandidos-explodem-caixa-eletronica-e-fogem-com-r-25-mil\/","title":{"rendered":"Em Laranjal, bandidos explodem caixa eletr\u00f4nico e fogem com R$ 25 mil"},"content":{"rendered":"<p style=\"text-align: justify;\">O munic\u00edpio de Laranjal, com 6.799 hab.\/IBGE 2015, a margem da BR-116 e distante de Recreio a aproximadamente 25 km foi alvo de um roubo que estamos acostumados a assistir nos notici\u00e1rios das grandes cidades, \u201ca explos\u00e3o de caixa eletr\u00f4nico\u201d.<\/p>\n<p style=\"text-align: justify;\"><!--more--><\/p>\n<figure id=\"attachment_537\" aria-describedby=\"caption-attachment-537\" style=\"width: 800px\" class=\"wp-caption aligncenter\"><a href=\"http:\/\/www.polisrecreio.com.br\/site\/wp-content\/uploads\/2015\/12\/25f92c698a35d02e7b40454ee2146e0d.01.jpg\"><img loading=\"lazy\" class=\"wp-image-537\" src=\"http:\/\/www.polisrecreio.com.br\/site\/wp-content\/uploads\/2015\/12\/25f92c698a35d02e7b40454ee2146e0d.01.jpg\" alt=\"25f92c698a35d02e7b40454ee2146e0d.01\" width=\"800\" height=\"600\" srcset=\"https:\/\/www.polisrecreio.com.br\/site\/wp-content\/uploads\/2015\/12\/25f92c698a35d02e7b40454ee2146e0d.01.jpg 600w, https:\/\/www.polisrecreio.com.br\/site\/wp-content\/uploads\/2015\/12\/25f92c698a35d02e7b40454ee2146e0d.01-300x225.jpg 300w\" sizes=\"(max-width: 800px) 100vw, 800px\" \/><\/a><figcaption id=\"caption-attachment-537\" class=\"wp-caption-text\">Caixa eletr\u00f4nico destru\u00eddo. (Foto: www.radiomuriae.com.br).<\/figcaption><\/figure>\n<p style=\"text-align: justify;\">Quatro homens encapuzados, fortemente armados e usando coletes \u00e0 prova de balas explodiram o caixa eletr\u00f4nico da Ag\u00eancia do Bradesco, localizada \u00e0 Rua Norberto Berno, s\/n\u00ba, pr\u00f3ximo a sede da Prefeitura Municipal, por volta das 3:40h da madrugada desta quinta-feira (10).<\/p>\n<figure id=\"attachment_536\" aria-describedby=\"caption-attachment-536\" style=\"width: 300px\" class=\"wp-caption alignleft\"><a href=\"http:\/\/www.polisrecreio.com.br\/site\/wp-content\/uploads\/2015\/12\/03.jpg\"><img loading=\"lazy\" class=\"wp-image-536 size-medium\" src=\"http:\/\/www.polisrecreio.com.br\/site\/wp-content\/uploads\/2015\/12\/03-300x225.jpg\" alt=\"03\" width=\"300\" height=\"225\" srcset=\"https:\/\/www.polisrecreio.com.br\/site\/wp-content\/uploads\/2015\/12\/03-300x225.jpg 300w, https:\/\/www.polisrecreio.com.br\/site\/wp-content\/uploads\/2015\/12\/03.jpg 600w\" sizes=\"(max-width: 300px) 100vw, 300px\" \/><\/a><figcaption id=\"caption-attachment-536\" class=\"wp-caption-text\">Ag\u00eancia destru\u00edda. (Foto: www.radiomuriae.com.br).<\/figcaption><\/figure>\n<p style=\"text-align: justify;\">Segundo informa\u00e7\u00f5es, os moradores ouviram 3 explos\u00f5es e quando sa\u00edram de suas resid\u00eancias pra ver o que estava acontecendo, eles receberam ordens dos assaltantes para voltarem para o interior de suas casas se n\u00e3o quisessem morrer. A explos\u00e3o foi t\u00e3o forte que destruiu praticamente toda a Ag\u00eancia do Bradesco.<\/p>\n<p style=\"text-align: justify;\">Os homens fugiram em um autom\u00f3vel de cor prata pela estrada vicinal que d\u00e1 acesso a BR-116 e de acordo com informa\u00e7\u00f5es da Pol\u00edcia Militar de Muria\u00e9 o valor roubado \u00e9 de aproximadamente R$ 25 mil.<\/p>\n<figure id=\"attachment_534\" aria-describedby=\"caption-attachment-534\" style=\"width: 800px\" class=\"wp-caption aligncenter\"><a href=\"http:\/\/www.polisrecreio.com.br\/site\/wp-content\/uploads\/2015\/12\/051.jpg\"><img loading=\"lazy\" class=\"wp-image-534\" src=\"http:\/\/www.polisrecreio.com.br\/site\/wp-content\/uploads\/2015\/12\/051.jpg\" alt=\"051\" width=\"800\" height=\"600\" srcset=\"https:\/\/www.polisrecreio.com.br\/site\/wp-content\/uploads\/2015\/12\/051.jpg 600w, https:\/\/www.polisrecreio.com.br\/site\/wp-content\/uploads\/2015\/12\/051-300x225.jpg 300w\" sizes=\"(max-width: 800px) 100vw, 800px\" \/><\/a><figcaption id=\"caption-attachment-534\" class=\"wp-caption-text\">Interior da Ag\u00eancia. (Foto: www.radiomuriae.com.br).<\/figcaption><\/figure>\n<p>&nbsp;<\/p>\n<p><em>Com informa\u00e7\u00f5es: http:\/\/ovigilanteonline.com<\/em><\/p>\n","protected":false},"excerpt":{"rendered":"<p>O munic\u00edpio de Laranjal, com 6.799 hab.\/IBGE 2015, a margem da BR-116 e distante de Recreio a aproximadamente 25 km foi alvo de um roubo que estamos acostumados a assistir nos notici\u00e1rios das grandes cidades, \u201ca explos\u00e3o de caixa eletr\u00f4nico\u201d.<\/p>\n","protected":false},"author":3,"featured_media":541,"comment_status":"closed","ping_status":"closed","sticky":false,"template":"","format":"standard","meta":[],"categories":[1],"tags":[],"yoast_head":"<!-- This site is optimized with the Yoast SEO plugin v15.6.2 - https:\/\/yoast.com\/wordpress\/plugins\/seo\/ -->\n<meta name=\"robots\" content=\"index, follow, max-snippet:-1, max-image-preview:large, max-video-preview:-1\" \/>\n<link rel=\"canonical\" href=\"https:\/\/www.polisrecreio.com.br\/site\/2015\/02\/10\/em-laranjal-bandidos-explodem-caixa-eletronica-e-fogem-com-r-25-mil\/\" \/>\n<meta property=\"og:locale\" content=\"pt_BR\" \/>\n<meta property=\"og:type\" content=\"article\" \/>\n<meta property=\"og:title\" content=\"Em Laranjal, bandidos explodem caixa eletr\u00f4nico e fogem com R$ 25 mil - P\u00f3lis Recreio\" \/>\n<meta property=\"og:description\" content=\"O munic\u00edpio de Laranjal, com 6.799 hab.\/IBGE 2015, a margem da BR-116 e distante de Recreio a aproximadamente 25 km foi alvo de um roubo que estamos acostumados a assistir nos notici\u00e1rios das grandes cidades, \u201ca explos\u00e3o de caixa eletr\u00f4nico\u201d.\" \/>\n<meta property=\"og:url\" content=\"https:\/\/www.polisrecreio.com.br\/site\/2015\/02\/10\/em-laranjal-bandidos-explodem-caixa-eletronica-e-fogem-com-r-25-mil\/\" \/>\n<meta property=\"og:site_name\" content=\"P\u00f3lis Recreio\" \/>\n<meta property=\"article:publisher\" content=\"https:\/\/www.facebook.com\/Site-P%c3%b3lis-Recreio-MG-181941708571019\/\" \/>\n<meta property=\"article:published_time\" content=\"2015-02-10T15:20:22+00:00\" \/>\n<meta property=\"article:modified_time\" content=\"2017-02-23T12:50:52+00:00\" \/>\n<meta property=\"og:image\" content=\"https:\/\/www.polisrecreio.com.br\/site\/wp-content\/uploads\/2015\/12\/banco.jpg\" \/>\n\t<meta property=\"og:image:width\" content=\"800\" \/>\n\t<meta property=\"og:image:height\" content=\"370\" \/>\n<meta name=\"twitter:card\" content=\"summary_large_image\" \/>\n<meta name=\"twitter:creator\" content=\"@PolisRecreio\" \/>\n<meta name=\"twitter:site\" content=\"@PolisRecreio\" \/>\n<meta name=\"twitter:label1\" content=\"Est. reading time\">\n\t<meta name=\"twitter:data1\" content=\"1 minuto\">\n<script type=\"application\/ld+json\" class=\"yoast-schema-graph\">{\"@context\":\"https:\/\/schema.org\",\"@graph\":[{\"@type\":\"WebSite\",\"@id\":\"https:\/\/www.polisrecreio.com.br\/site\/#website\",\"url\":\"https:\/\/www.polisrecreio.com.br\/site\/\",\"name\":\"P\\u00f3lis Recreio\",\"description\":\"\",\"potentialAction\":[{\"@type\":\"SearchAction\",\"target\":\"https:\/\/www.polisrecreio.com.br\/site\/?s={search_term_string}\",\"query-input\":\"required name=search_term_string\"}],\"inLanguage\":\"pt-BR\"},{\"@type\":\"ImageObject\",\"@id\":\"https:\/\/www.polisrecreio.com.br\/site\/2015\/02\/10\/em-laranjal-bandidos-explodem-caixa-eletronica-e-fogem-com-r-25-mil\/#primaryimage\",\"inLanguage\":\"pt-BR\",\"url\":\"https:\/\/www.polisrecreio.com.br\/site\/wp-content\/uploads\/2015\/12\/banco.jpg\",\"width\":800,\"height\":370},{\"@type\":\"WebPage\",\"@id\":\"https:\/\/www.polisrecreio.com.br\/site\/2015\/02\/10\/em-laranjal-bandidos-explodem-caixa-eletronica-e-fogem-com-r-25-mil\/#webpage\",\"url\":\"https:\/\/www.polisrecreio.com.br\/site\/2015\/02\/10\/em-laranjal-bandidos-explodem-caixa-eletronica-e-fogem-com-r-25-mil\/\",\"name\":\"Em Laranjal, bandidos explodem caixa eletr\\u00f4nico e fogem com R$ 25 mil - P\\u00f3lis Recreio\",\"isPartOf\":{\"@id\":\"https:\/\/www.polisrecreio.com.br\/site\/#website\"},\"primaryImageOfPage\":{\"@id\":\"https:\/\/www.polisrecreio.com.br\/site\/2015\/02\/10\/em-laranjal-bandidos-explodem-caixa-eletronica-e-fogem-com-r-25-mil\/#primaryimage\"},\"datePublished\":\"2015-02-10T15:20:22+00:00\",\"dateModified\":\"2017-02-23T12:50:52+00:00\",\"author\":{\"@id\":\"https:\/\/www.polisrecreio.com.br\/site\/#\/schema\/person\/3363c1c78e1e28e1329d97adb387638e\"},\"inLanguage\":\"pt-BR\",\"potentialAction\":[{\"@type\":\"ReadAction\",\"target\":[\"https:\/\/www.polisrecreio.com.br\/site\/2015\/02\/10\/em-laranjal-bandidos-explodem-caixa-eletronica-e-fogem-com-r-25-mil\/\"]}]},{\"@type\":\"Person\",\"@id\":\"https:\/\/www.polisrecreio.com.br\/site\/#\/schema\/person\/3363c1c78e1e28e1329d97adb387638e\",\"name\":\"Leonardo Ribeiro\",\"image\":{\"@type\":\"ImageObject\",\"@id\":\"https:\/\/www.polisrecreio.com.br\/site\/#personlogo\",\"inLanguage\":\"pt-BR\",\"url\":\"https:\/\/secure.gravatar.com\/avatar\/6ba92a37d621e1a83e23710251178a12?s=96&d=mm&r=g\",\"caption\":\"Leonardo Ribeiro\"},\"sameAs\":[\"http:\/\/www.polisrecreio.com.br\"]}]}<\/script>\n<!-- \/ Yoast SEO plugin. -->","_links":{"self":[{"href":"https:\/\/www.polisrecreio.com.br\/site\/wp-json\/wp\/v2\/posts\/533"}],"collection":[{"href":"https:\/\/www.polisrecreio.com.br\/site\/wp-json\/wp\/v2\/posts"}],"about":[{"href":"https:\/\/www.polisrecreio.com.br\/site\/wp-json\/wp\/v2\/types\/post"}],"author":[{"embeddable":true,"href":"https:\/\/www.polisrecreio.com.br\/site\/wp-json\/wp\/v2\/users\/3"}],"replies":[{"embeddable":true,"href":"https:\/\/www.polisrecreio.com.br\/site\/wp-json\/wp\/v2\/comments?post=533"}],"version-history":[{"count":7,"href":"https:\/\/www.polisrecreio.com.br\/site\/wp-json\/wp\/v2\/posts\/533\/revisions"}],"predecessor-version":[{"id":4533,"href":"https:\/\/www.polisrecreio.com.br\/site\/wp-json\/wp\/v2\/posts\/533\/revisions\/4533"}],"wp:featuredmedia":[{"embeddable":true,"href":"https:\/\/www.polisrecreio.com.br\/site\/wp-json\/wp\/v2\/media\/541"}],"wp:attachment":[{"href":"https:\/\/www.polisrecreio.com.br\/site\/wp-json\/wp\/v2\/media?parent=533"}],"wp:term":[{"taxonomy":"category","embeddable":true,"href":"https:\/\/www.polisrecreio.com.br\/site\/wp-json\/wp\/v2\/categories?post=533"},{"taxonomy":"post_tag","embeddable":true,"href":"https:\/\/www.polisrecreio.com.br\/site\/wp-json\/wp\/v2\/tags?post=533"}],"curies":[{"name":"wp","href":"https:\/\/api.w.org\/{rel}","templated":true}]}}