{"id":5461,"date":"2017-05-04T10:14:24","date_gmt":"2017-05-04T13:14:24","guid":{"rendered":"http:\/\/www.polisrecreio.com.br\/site\/?p=5461"},"modified":"2017-05-04T10:15:51","modified_gmt":"2017-05-04T13:15:51","slug":"mobilizacao-de-combate-ao-aedes-sera-realizada-em-conceicao-da-boa-vista","status":"publish","type":"post","link":"https:\/\/www.polisrecreio.com.br\/site\/2017\/05\/04\/mobilizacao-de-combate-ao-aedes-sera-realizada-em-conceicao-da-boa-vista\/","title":{"rendered":"Mobiliza\u00e7\u00e3o de combate ao Aedes ser\u00e1 realizada em Concei\u00e7\u00e3o da Boa Vista"},"content":{"rendered":"<p style=\"text-align: justify;\">Diante dos n\u00fameros assustadores do \u00edndice de infesta\u00e7\u00e3o do Aedes aegypti em Concei\u00e7\u00e3o da Boa Vista, a Secretaria Municipal de Sa\u00fade atrav\u00e9s da Vigil\u00e2ncia Epidemiol\u00f3gica, realizar\u00e1 uma mobiliza\u00e7\u00e3o de combate ao mosquito, dia 13 de maio, s\u00e1bado, a partir das 9h, na Pra\u00e7a Dom Prud\u00eancio.<\/p>\n<p style=\"text-align: justify;\"><!--more--><\/p>\n<figure id=\"attachment_5462\" aria-describedby=\"caption-attachment-5462\" style=\"width: 3072px\" class=\"wp-caption aligncenter\"><a href=\"http:\/\/www.polisrecreio.com.br\/site\/wp-content\/uploads\/2017\/05\/DSCF8626.jpg\"><img loading=\"lazy\" class=\"size-full wp-image-5462\" src=\"http:\/\/www.polisrecreio.com.br\/site\/wp-content\/uploads\/2017\/05\/DSCF8626.jpg\" alt=\"Pra\u00e7a Dom Prud\u00eancio, Concei\u00e7\u00e3o da Boa Vista.\" width=\"3072\" height=\"2048\" srcset=\"https:\/\/www.polisrecreio.com.br\/site\/wp-content\/uploads\/2017\/05\/DSCF8626.jpg 3072w, https:\/\/www.polisrecreio.com.br\/site\/wp-content\/uploads\/2017\/05\/DSCF8626-300x200.jpg 300w, https:\/\/www.polisrecreio.com.br\/site\/wp-content\/uploads\/2017\/05\/DSCF8626-1024x683.jpg 1024w\" sizes=\"(max-width: 3072px) 100vw, 3072px\" \/><\/a><figcaption id=\"caption-attachment-5462\" class=\"wp-caption-text\">Pra\u00e7a Dom Prud\u00eancio, Concei\u00e7\u00e3o da Boa Vista.<\/figcaption><\/figure>\n<p style=\"text-align: justify;\">O foco principal da atividade ser\u00e1 incentivar o recolhimento de inserv\u00edveis, entre eles, latinhas, garrafas, pneus, potes e outros materiais que possam acumular \u00e1gua. Todos os moradores do distrito que participarem da retirada destes inserv\u00edveis ganhar\u00e3o cupons para concorrer a v\u00e1rios brindes. Durante o evento haver\u00e1 m\u00fasica, rua de lazer (pula-pula, piscina de bolinha e escorrega) e distribui\u00e7\u00e3o de guloseimas.<\/p>\n<p style=\"text-align: justify;\">A previs\u00e3o \u00e9 que a mobiliza\u00e7\u00e3o seja conclu\u00edda \u00e0s 13h.<\/p>\n<p><strong>\u00cdndice de infesta\u00e7\u00e3o<\/strong><\/p>\n<p style=\"text-align: justify;\">Entre os dias 10 e 12 de abril os agentes municipais de endemias estiveram no distrito realizando o levantamento do \u00edndice de infesta\u00e7\u00e3o do Aedes aegypti e o resultado \u00e9 consideravelmente amea\u00e7ador, 30%. O Minist\u00e9rio da Sa\u00fade diz que a porcentagem aceit\u00e1vel \u00e9 de 1%.<\/p>\n<p><strong>Mutir\u00e3o de 22 a 26 de maio<\/strong><\/p>\n<p style=\"text-align: justify;\">Na semana do dia 22 a 26 de maio os agentes estar\u00e3o trabalhando em um mutir\u00e3o de limpeza em Concei\u00e7\u00e3o da Boa Vista, no hor\u00e1rio de 9h \u00e0s 15h. A equipe pede o apoio dos moradores no ato da chegada dos agentes em suas resid\u00eancias.<\/p>\n<p style=\"text-align: justify;\"><a href=\"http:\/\/www.polisrecreio.com.br\/site\/wp-content\/uploads\/2017\/05\/18052604_1346906622059019_1695469769_n.jpg\"><img loading=\"lazy\" class=\"alignleft size-full wp-image-5463\" src=\"http:\/\/www.polisrecreio.com.br\/site\/wp-content\/uploads\/2017\/05\/18052604_1346906622059019_1695469769_n.jpg\" alt=\"18052604_1346906622059019_1695469769_n\" width=\"534\" height=\"960\" srcset=\"https:\/\/www.polisrecreio.com.br\/site\/wp-content\/uploads\/2017\/05\/18052604_1346906622059019_1695469769_n.jpg 534w, https:\/\/www.polisrecreio.com.br\/site\/wp-content\/uploads\/2017\/05\/18052604_1346906622059019_1695469769_n-167x300.jpg 167w\" sizes=\"(max-width: 534px) 100vw, 534px\" \/><\/a><\/p>\n","protected":false},"excerpt":{"rendered":"<p>Diante dos n\u00fameros assustadores do \u00edndice de infesta\u00e7\u00e3o do Aedes aegypti em Concei\u00e7\u00e3o da Boa Vista, a Secretaria Municipal de Sa\u00fade atrav\u00e9s da Vigil\u00e2ncia Epidemiol\u00f3gica, realizar\u00e1 uma mobiliza\u00e7\u00e3o de combate ao mosquito, dia 13 de maio, s\u00e1bado, a partir das 9h, na Pra\u00e7a Dom Prud\u00eancio.<\/p>\n","protected":false},"author":3,"featured_media":5462,"comment_status":"open","ping_status":"open","sticky":false,"template":"","format":"standard","meta":[],"categories":[7],"tags":[],"yoast_head":"<!-- This site is optimized with the Yoast SEO plugin v15.6.2 - https:\/\/yoast.com\/wordpress\/plugins\/seo\/ -->\n<meta name=\"robots\" content=\"index, follow, max-snippet:-1, max-image-preview:large, max-video-preview:-1\" \/>\n<link rel=\"canonical\" href=\"https:\/\/www.polisrecreio.com.br\/site\/2017\/05\/04\/mobilizacao-de-combate-ao-aedes-sera-realizada-em-conceicao-da-boa-vista\/\" \/>\n<meta property=\"og:locale\" content=\"pt_BR\" \/>\n<meta property=\"og:type\" content=\"article\" \/>\n<meta property=\"og:title\" content=\"Mobiliza\u00e7\u00e3o de combate ao Aedes ser\u00e1 realizada em Concei\u00e7\u00e3o da Boa Vista - P\u00f3lis Recreio\" \/>\n<meta property=\"og:description\" content=\"Diante dos n\u00fameros assustadores do \u00edndice de infesta\u00e7\u00e3o do Aedes aegypti em Concei\u00e7\u00e3o da Boa Vista, a Secretaria Municipal de Sa\u00fade atrav\u00e9s da Vigil\u00e2ncia Epidemiol\u00f3gica, realizar\u00e1 uma mobiliza\u00e7\u00e3o de combate ao mosquito, dia 13 de maio, s\u00e1bado, a partir das 9h, na Pra\u00e7a Dom Prud\u00eancio.\" \/>\n<meta property=\"og:url\" content=\"https:\/\/www.polisrecreio.com.br\/site\/2017\/05\/04\/mobilizacao-de-combate-ao-aedes-sera-realizada-em-conceicao-da-boa-vista\/\" \/>\n<meta property=\"og:site_name\" content=\"P\u00f3lis Recreio\" \/>\n<meta property=\"article:publisher\" content=\"https:\/\/www.facebook.com\/Site-P%c3%b3lis-Recreio-MG-181941708571019\/\" \/>\n<meta property=\"article:published_time\" content=\"2017-05-04T13:14:24+00:00\" \/>\n<meta property=\"article:modified_time\" content=\"2017-05-04T13:15:51+00:00\" \/>\n<meta property=\"og:image\" content=\"https:\/\/www.polisrecreio.com.br\/site\/wp-content\/uploads\/2017\/05\/DSCF8626.jpg\" \/>\n\t<meta property=\"og:image:width\" content=\"3072\" \/>\n\t<meta property=\"og:image:height\" content=\"2048\" \/>\n<meta name=\"twitter:card\" content=\"summary_large_image\" \/>\n<meta name=\"twitter:creator\" content=\"@PolisRecreio\" \/>\n<meta name=\"twitter:site\" content=\"@PolisRecreio\" \/>\n<meta name=\"twitter:label1\" content=\"Est. reading time\">\n\t<meta name=\"twitter:data1\" content=\"1 minuto\">\n<script type=\"application\/ld+json\" class=\"yoast-schema-graph\">{\"@context\":\"https:\/\/schema.org\",\"@graph\":[{\"@type\":\"WebSite\",\"@id\":\"https:\/\/www.polisrecreio.com.br\/site\/#website\",\"url\":\"https:\/\/www.polisrecreio.com.br\/site\/\",\"name\":\"P\\u00f3lis Recreio\",\"description\":\"\",\"potentialAction\":[{\"@type\":\"SearchAction\",\"target\":\"https:\/\/www.polisrecreio.com.br\/site\/?s={search_term_string}\",\"query-input\":\"required name=search_term_string\"}],\"inLanguage\":\"pt-BR\"},{\"@type\":\"ImageObject\",\"@id\":\"https:\/\/www.polisrecreio.com.br\/site\/2017\/05\/04\/mobilizacao-de-combate-ao-aedes-sera-realizada-em-conceicao-da-boa-vista\/#primaryimage\",\"inLanguage\":\"pt-BR\",\"url\":\"https:\/\/www.polisrecreio.com.br\/site\/wp-content\/uploads\/2017\/05\/DSCF8626.jpg\",\"width\":3072,\"height\":2048,\"caption\":\"Pra\\u00e7a Dom Prud\\u00eancio, Concei\\u00e7\\u00e3o da Boa Vista.\"},{\"@type\":\"WebPage\",\"@id\":\"https:\/\/www.polisrecreio.com.br\/site\/2017\/05\/04\/mobilizacao-de-combate-ao-aedes-sera-realizada-em-conceicao-da-boa-vista\/#webpage\",\"url\":\"https:\/\/www.polisrecreio.com.br\/site\/2017\/05\/04\/mobilizacao-de-combate-ao-aedes-sera-realizada-em-conceicao-da-boa-vista\/\",\"name\":\"Mobiliza\\u00e7\\u00e3o de combate ao Aedes ser\\u00e1 realizada em Concei\\u00e7\\u00e3o da Boa Vista - P\\u00f3lis Recreio\",\"isPartOf\":{\"@id\":\"https:\/\/www.polisrecreio.com.br\/site\/#website\"},\"primaryImageOfPage\":{\"@id\":\"https:\/\/www.polisrecreio.com.br\/site\/2017\/05\/04\/mobilizacao-de-combate-ao-aedes-sera-realizada-em-conceicao-da-boa-vista\/#primaryimage\"},\"datePublished\":\"2017-05-04T13:14:24+00:00\",\"dateModified\":\"2017-05-04T13:15:51+00:00\",\"author\":{\"@id\":\"https:\/\/www.polisrecreio.com.br\/site\/#\/schema\/person\/3363c1c78e1e28e1329d97adb387638e\"},\"inLanguage\":\"pt-BR\",\"potentialAction\":[{\"@type\":\"ReadAction\",\"target\":[\"https:\/\/www.polisrecreio.com.br\/site\/2017\/05\/04\/mobilizacao-de-combate-ao-aedes-sera-realizada-em-conceicao-da-boa-vista\/\"]}]},{\"@type\":\"Person\",\"@id\":\"https:\/\/www.polisrecreio.com.br\/site\/#\/schema\/person\/3363c1c78e1e28e1329d97adb387638e\",\"name\":\"Leonardo Ribeiro\",\"image\":{\"@type\":\"ImageObject\",\"@id\":\"https:\/\/www.polisrecreio.com.br\/site\/#personlogo\",\"inLanguage\":\"pt-BR\",\"url\":\"https:\/\/secure.gravatar.com\/avatar\/6ba92a37d621e1a83e23710251178a12?s=96&d=mm&r=g\",\"caption\":\"Leonardo Ribeiro\"},\"sameAs\":[\"http:\/\/www.polisrecreio.com.br\"]}]}<\/script>\n<!-- \/ Yoast SEO plugin. -->","_links":{"self":[{"href":"https:\/\/www.polisrecreio.com.br\/site\/wp-json\/wp\/v2\/posts\/5461"}],"collection":[{"href":"https:\/\/www.polisrecreio.com.br\/site\/wp-json\/wp\/v2\/posts"}],"about":[{"href":"https:\/\/www.polisrecreio.com.br\/site\/wp-json\/wp\/v2\/types\/post"}],"author":[{"embeddable":true,"href":"https:\/\/www.polisrecreio.com.br\/site\/wp-json\/wp\/v2\/users\/3"}],"replies":[{"embeddable":true,"href":"https:\/\/www.polisrecreio.com.br\/site\/wp-json\/wp\/v2\/comments?post=5461"}],"version-history":[{"count":3,"href":"https:\/\/www.polisrecreio.com.br\/site\/wp-json\/wp\/v2\/posts\/5461\/revisions"}],"predecessor-version":[{"id":5466,"href":"https:\/\/www.polisrecreio.com.br\/site\/wp-json\/wp\/v2\/posts\/5461\/revisions\/5466"}],"wp:featuredmedia":[{"embeddable":true,"href":"https:\/\/www.polisrecreio.com.br\/site\/wp-json\/wp\/v2\/media\/5462"}],"wp:attachment":[{"href":"https:\/\/www.polisrecreio.com.br\/site\/wp-json\/wp\/v2\/media?parent=5461"}],"wp:term":[{"taxonomy":"category","embeddable":true,"href":"https:\/\/www.polisrecreio.com.br\/site\/wp-json\/wp\/v2\/categories?post=5461"},{"taxonomy":"post_tag","embeddable":true,"href":"https:\/\/www.polisrecreio.com.br\/site\/wp-json\/wp\/v2\/tags?post=5461"}],"curies":[{"name":"wp","href":"https:\/\/api.w.org\/{rel}","templated":true}]}}