{"id":5559,"date":"2017-05-14T19:09:47","date_gmt":"2017-05-14T22:09:47","guid":{"rendered":"http:\/\/www.polisrecreio.com.br\/site\/?p=5559"},"modified":"2017-05-14T19:13:18","modified_gmt":"2017-05-14T22:13:18","slug":"recreio-e-c-empata-a-terceira-seguida-e-deixa-zona-de-classificacao-na-copa-dos-campeoes","status":"publish","type":"post","link":"https:\/\/www.polisrecreio.com.br\/site\/2017\/05\/14\/recreio-e-c-empata-a-terceira-seguida-e-deixa-zona-de-classificacao-na-copa-dos-campeoes\/","title":{"rendered":"Recreio E.C empata a terceira seguida e deixa zona de classifica\u00e7\u00e3o na Copa dos Campe\u00f5es"},"content":{"rendered":"<p style=\"text-align: justify;\">O Recreio E.C recebeu no Est\u00e1dio Euvaldo Lodi o Esporte de Laranjal neste domingo (14) e o empate em 1X1, o terceiro seguido, deixou o time recreiense fora da zona de classifica\u00e7\u00e3o na V Copa dos Campe\u00f5es da Liga Esportiva de Cataguases.<\/p>\n<p style=\"text-align: justify;\"><!--more--><\/p>\n<figure id=\"attachment_5560\" aria-describedby=\"caption-attachment-5560\" style=\"width: 750px\" class=\"wp-caption aligncenter\"><a href=\"http:\/\/www.polisrecreio.com.br\/site\/wp-content\/uploads\/2017\/05\/14.jpg\"><img loading=\"lazy\" class=\"size-full wp-image-5560\" src=\"http:\/\/www.polisrecreio.com.br\/site\/wp-content\/uploads\/2017\/05\/14.jpg\" alt=\"Recreio Esporte Clube.\" width=\"750\" height=\"378\" srcset=\"https:\/\/www.polisrecreio.com.br\/site\/wp-content\/uploads\/2017\/05\/14.jpg 750w, https:\/\/www.polisrecreio.com.br\/site\/wp-content\/uploads\/2017\/05\/14-300x151.jpg 300w\" sizes=\"(max-width: 750px) 100vw, 750px\" \/><\/a><figcaption id=\"caption-attachment-5560\" class=\"wp-caption-text\">Recreio Esporte Clube.<\/figcaption><\/figure>\n<p style=\"text-align: justify;\">A equipe de Recreio perdia o jogo por 1X0 at\u00e9 os minutos finais e um lance de cruzamento de escanteio o Le\u00e3o da Zona da Mata marcou o gol que evitou a derrota em casa, por\u00e9m, o empate n\u00e3o foi o resultado almejado pelo time.<\/p>\n<p style=\"text-align: justify;\">Nas \u00faltimas tr\u00eas rodadas o alvinegro empatou em 0X0 contra o Esporte de Laranjal, em Laranjal; com o Ribeiro Junqueira, em Recreio, em 1X1, e agora mais um resultado igual em casa. A \u00fanica vit\u00f3ria na competi\u00e7\u00e3o aconteceu na primeira rodada contra o Laje E.C por 2X0.<\/p>\n<p style=\"text-align: justify;\">O REC deixou a zona de classifica\u00e7\u00e3o para a pr\u00f3xima fase da Copa dos Campe\u00f5es, caindo para terceiro no grupo B. Confira a classifica\u00e7\u00e3o:<\/p>\n<p style=\"text-align: justify;\">Esporte de Laranjal&#8230;..8 pontos&#8230;2 vit\u00f3rias&#8230;2 empates<\/p>\n<p style=\"text-align: justify;\">Ribeiro Junqueira&#8230;&#8230;.7 pontos&#8230;.2 vit\u00f3rias..1 empate&#8230;1 derrota<\/p>\n<p style=\"text-align: justify;\">Recreio E.C&#8230;&#8230;&#8230;&#8230;&#8230;.6 pontos&#8230;..1 vit\u00f3ria&#8230;3 empates<\/p>\n<p style=\"text-align: justify;\">Laje E.C&#8230;&#8230;&#8230;&#8230;&#8230;&#8230;&#8230;.0 ponto&#8230;&#8230;4 derrotas<\/p>\n<p style=\"text-align: justify;\">Na pr\u00f3xima rodada o Le\u00e3o da Zona da Mata decide a classifica\u00e7\u00e3o em Leopoldina contra o Ribeiro Junqueira. Vencendo poder\u00e1 garantir a vaga, empatando vai depender de outro resultado e a derrota elimina o time.<\/p>\n<figure id=\"attachment_5561\" aria-describedby=\"caption-attachment-5561\" style=\"width: 750px\" class=\"wp-caption aligncenter\"><a href=\"http:\/\/www.polisrecreio.com.br\/site\/wp-content\/uploads\/2017\/05\/24.jpg\"><img loading=\"lazy\" class=\"size-full wp-image-5561\" src=\"http:\/\/www.polisrecreio.com.br\/site\/wp-content\/uploads\/2017\/05\/24.jpg\" alt=\"\u00c1rbitro, auxiliares e os capit\u00e3es.\" width=\"750\" height=\"452\" srcset=\"https:\/\/www.polisrecreio.com.br\/site\/wp-content\/uploads\/2017\/05\/24.jpg 750w, https:\/\/www.polisrecreio.com.br\/site\/wp-content\/uploads\/2017\/05\/24-300x181.jpg 300w\" sizes=\"(max-width: 750px) 100vw, 750px\" \/><\/a><figcaption id=\"caption-attachment-5561\" class=\"wp-caption-text\">\u00c1rbitro, auxiliares e os capit\u00e3es.<\/figcaption><\/figure>\n<figure id=\"attachment_5562\" aria-describedby=\"caption-attachment-5562\" style=\"width: 750px\" class=\"wp-caption aligncenter\"><a href=\"http:\/\/www.polisrecreio.com.br\/site\/wp-content\/uploads\/2017\/05\/32.jpg\"><img loading=\"lazy\" class=\"size-full wp-image-5562\" src=\"http:\/\/www.polisrecreio.com.br\/site\/wp-content\/uploads\/2017\/05\/32.jpg\" alt=\"In\u00edcio do jogo.\" width=\"750\" height=\"495\" srcset=\"https:\/\/www.polisrecreio.com.br\/site\/wp-content\/uploads\/2017\/05\/32.jpg 750w, https:\/\/www.polisrecreio.com.br\/site\/wp-content\/uploads\/2017\/05\/32-300x198.jpg 300w\" sizes=\"(max-width: 750px) 100vw, 750px\" \/><\/a><figcaption id=\"caption-attachment-5562\" class=\"wp-caption-text\">In\u00edcio do jogo.<\/figcaption><\/figure>\n","protected":false},"excerpt":{"rendered":"<p>O Recreio E.C recebeu no Est\u00e1dio Euvaldo Lodi o Esporte de Laranjal neste domingo (14) e o empate em 1X1, o terceiro seguido, deixou o time recreiense fora da zona de classifica\u00e7\u00e3o na V Copa dos Campe\u00f5es da Liga Esportiva de Cataguases.<\/p>\n","protected":false},"author":3,"featured_media":5560,"comment_status":"open","ping_status":"open","sticky":false,"template":"","format":"standard","meta":[],"categories":[4],"tags":[],"yoast_head":"<!-- This site is optimized with the Yoast SEO plugin v15.6.2 - https:\/\/yoast.com\/wordpress\/plugins\/seo\/ -->\n<meta name=\"robots\" content=\"index, follow, max-snippet:-1, max-image-preview:large, max-video-preview:-1\" \/>\n<link rel=\"canonical\" href=\"https:\/\/www.polisrecreio.com.br\/site\/2017\/05\/14\/recreio-e-c-empata-a-terceira-seguida-e-deixa-zona-de-classificacao-na-copa-dos-campeoes\/\" \/>\n<meta property=\"og:locale\" content=\"pt_BR\" \/>\n<meta property=\"og:type\" content=\"article\" \/>\n<meta property=\"og:title\" content=\"Recreio E.C empata a terceira seguida e deixa zona de classifica\u00e7\u00e3o na Copa dos Campe\u00f5es - P\u00f3lis Recreio\" \/>\n<meta property=\"og:description\" content=\"O Recreio E.C recebeu no Est\u00e1dio Euvaldo Lodi o Esporte de Laranjal neste domingo (14) e o empate em 1X1, o terceiro seguido, deixou o time recreiense fora da zona de classifica\u00e7\u00e3o na V Copa dos Campe\u00f5es da Liga Esportiva de Cataguases.\" \/>\n<meta property=\"og:url\" content=\"https:\/\/www.polisrecreio.com.br\/site\/2017\/05\/14\/recreio-e-c-empata-a-terceira-seguida-e-deixa-zona-de-classificacao-na-copa-dos-campeoes\/\" \/>\n<meta property=\"og:site_name\" content=\"P\u00f3lis Recreio\" \/>\n<meta property=\"article:publisher\" content=\"https:\/\/www.facebook.com\/Site-P%c3%b3lis-Recreio-MG-181941708571019\/\" \/>\n<meta property=\"article:published_time\" content=\"2017-05-14T22:09:47+00:00\" \/>\n<meta property=\"article:modified_time\" content=\"2017-05-14T22:13:18+00:00\" \/>\n<meta property=\"og:image\" content=\"https:\/\/www.polisrecreio.com.br\/site\/wp-content\/uploads\/2017\/05\/14.jpg\" \/>\n\t<meta property=\"og:image:width\" content=\"750\" \/>\n\t<meta property=\"og:image:height\" content=\"378\" \/>\n<meta name=\"twitter:card\" content=\"summary_large_image\" \/>\n<meta name=\"twitter:creator\" content=\"@PolisRecreio\" \/>\n<meta name=\"twitter:site\" content=\"@PolisRecreio\" \/>\n<meta name=\"twitter:label1\" content=\"Est. reading time\">\n\t<meta name=\"twitter:data1\" content=\"1 minuto\">\n<script type=\"application\/ld+json\" class=\"yoast-schema-graph\">{\"@context\":\"https:\/\/schema.org\",\"@graph\":[{\"@type\":\"WebSite\",\"@id\":\"https:\/\/www.polisrecreio.com.br\/site\/#website\",\"url\":\"https:\/\/www.polisrecreio.com.br\/site\/\",\"name\":\"P\\u00f3lis Recreio\",\"description\":\"\",\"potentialAction\":[{\"@type\":\"SearchAction\",\"target\":\"https:\/\/www.polisrecreio.com.br\/site\/?s={search_term_string}\",\"query-input\":\"required name=search_term_string\"}],\"inLanguage\":\"pt-BR\"},{\"@type\":\"ImageObject\",\"@id\":\"https:\/\/www.polisrecreio.com.br\/site\/2017\/05\/14\/recreio-e-c-empata-a-terceira-seguida-e-deixa-zona-de-classificacao-na-copa-dos-campeoes\/#primaryimage\",\"inLanguage\":\"pt-BR\",\"url\":\"https:\/\/www.polisrecreio.com.br\/site\/wp-content\/uploads\/2017\/05\/14.jpg\",\"width\":750,\"height\":378,\"caption\":\"Recreio Esporte Clube.\"},{\"@type\":\"WebPage\",\"@id\":\"https:\/\/www.polisrecreio.com.br\/site\/2017\/05\/14\/recreio-e-c-empata-a-terceira-seguida-e-deixa-zona-de-classificacao-na-copa-dos-campeoes\/#webpage\",\"url\":\"https:\/\/www.polisrecreio.com.br\/site\/2017\/05\/14\/recreio-e-c-empata-a-terceira-seguida-e-deixa-zona-de-classificacao-na-copa-dos-campeoes\/\",\"name\":\"Recreio E.C empata a terceira seguida e deixa zona de classifica\\u00e7\\u00e3o na Copa dos Campe\\u00f5es - P\\u00f3lis Recreio\",\"isPartOf\":{\"@id\":\"https:\/\/www.polisrecreio.com.br\/site\/#website\"},\"primaryImageOfPage\":{\"@id\":\"https:\/\/www.polisrecreio.com.br\/site\/2017\/05\/14\/recreio-e-c-empata-a-terceira-seguida-e-deixa-zona-de-classificacao-na-copa-dos-campeoes\/#primaryimage\"},\"datePublished\":\"2017-05-14T22:09:47+00:00\",\"dateModified\":\"2017-05-14T22:13:18+00:00\",\"author\":{\"@id\":\"https:\/\/www.polisrecreio.com.br\/site\/#\/schema\/person\/3363c1c78e1e28e1329d97adb387638e\"},\"inLanguage\":\"pt-BR\",\"potentialAction\":[{\"@type\":\"ReadAction\",\"target\":[\"https:\/\/www.polisrecreio.com.br\/site\/2017\/05\/14\/recreio-e-c-empata-a-terceira-seguida-e-deixa-zona-de-classificacao-na-copa-dos-campeoes\/\"]}]},{\"@type\":\"Person\",\"@id\":\"https:\/\/www.polisrecreio.com.br\/site\/#\/schema\/person\/3363c1c78e1e28e1329d97adb387638e\",\"name\":\"Leonardo Ribeiro\",\"image\":{\"@type\":\"ImageObject\",\"@id\":\"https:\/\/www.polisrecreio.com.br\/site\/#personlogo\",\"inLanguage\":\"pt-BR\",\"url\":\"https:\/\/secure.gravatar.com\/avatar\/6ba92a37d621e1a83e23710251178a12?s=96&d=mm&r=g\",\"caption\":\"Leonardo Ribeiro\"},\"sameAs\":[\"http:\/\/www.polisrecreio.com.br\"]}]}<\/script>\n<!-- \/ Yoast SEO plugin. -->","_links":{"self":[{"href":"https:\/\/www.polisrecreio.com.br\/site\/wp-json\/wp\/v2\/posts\/5559"}],"collection":[{"href":"https:\/\/www.polisrecreio.com.br\/site\/wp-json\/wp\/v2\/posts"}],"about":[{"href":"https:\/\/www.polisrecreio.com.br\/site\/wp-json\/wp\/v2\/types\/post"}],"author":[{"embeddable":true,"href":"https:\/\/www.polisrecreio.com.br\/site\/wp-json\/wp\/v2\/users\/3"}],"replies":[{"embeddable":true,"href":"https:\/\/www.polisrecreio.com.br\/site\/wp-json\/wp\/v2\/comments?post=5559"}],"version-history":[{"count":3,"href":"https:\/\/www.polisrecreio.com.br\/site\/wp-json\/wp\/v2\/posts\/5559\/revisions"}],"predecessor-version":[{"id":5565,"href":"https:\/\/www.polisrecreio.com.br\/site\/wp-json\/wp\/v2\/posts\/5559\/revisions\/5565"}],"wp:featuredmedia":[{"embeddable":true,"href":"https:\/\/www.polisrecreio.com.br\/site\/wp-json\/wp\/v2\/media\/5560"}],"wp:attachment":[{"href":"https:\/\/www.polisrecreio.com.br\/site\/wp-json\/wp\/v2\/media?parent=5559"}],"wp:term":[{"taxonomy":"category","embeddable":true,"href":"https:\/\/www.polisrecreio.com.br\/site\/wp-json\/wp\/v2\/categories?post=5559"},{"taxonomy":"post_tag","embeddable":true,"href":"https:\/\/www.polisrecreio.com.br\/site\/wp-json\/wp\/v2\/tags?post=5559"}],"curies":[{"name":"wp","href":"https:\/\/api.w.org\/{rel}","templated":true}]}}