{"id":5566,"date":"2017-05-15T09:44:15","date_gmt":"2017-05-15T12:44:15","guid":{"rendered":"http:\/\/www.polisrecreio.com.br\/site\/?p=5566"},"modified":"2017-05-15T09:45:43","modified_gmt":"2017-05-15T12:45:43","slug":"campanha-de-vacinacao-contra-a-gripe-continua-em-recreio","status":"publish","type":"post","link":"https:\/\/www.polisrecreio.com.br\/site\/2017\/05\/15\/campanha-de-vacinacao-contra-a-gripe-continua-em-recreio\/","title":{"rendered":"Campanha de vacina\u00e7\u00e3o contra a gripe continua em Recreio"},"content":{"rendered":"<p style=\"text-align: justify;\">A campanha nacional de vacina\u00e7\u00e3o contra a gripe continua em Recreio, gestantes e m\u00e3es at\u00e9 45 dias ap\u00f3s o parto, crian\u00e7as a partir de 6 meses e menores de 5 anos, adultos com mais de 60 anos e professores da rede p\u00fablica e privada, devem procurar uma unidade de sa\u00fade no hor\u00e1rio de 7h \u00e0s 16h.<\/p>\n<p style=\"text-align: justify;\"><!--more--><\/p>\n<p style=\"text-align: justify;\"><a href=\"http:\/\/www.polisrecreio.com.br\/site\/wp-content\/uploads\/2017\/05\/20170417084624178565o.jpg\"><img loading=\"lazy\" class=\"aligncenter size-full wp-image-5567\" src=\"http:\/\/www.polisrecreio.com.br\/site\/wp-content\/uploads\/2017\/05\/20170417084624178565o.jpg\" alt=\"20170417084624178565o\" width=\"750\" height=\"411\" srcset=\"https:\/\/www.polisrecreio.com.br\/site\/wp-content\/uploads\/2017\/05\/20170417084624178565o.jpg 750w, https:\/\/www.polisrecreio.com.br\/site\/wp-content\/uploads\/2017\/05\/20170417084624178565o-300x164.jpg 300w\" sizes=\"(max-width: 750px) 100vw, 750px\" \/><\/a><\/p>\n<p style=\"text-align: justify;\">No s\u00e1bado (13) aconteceu o Dia D da campanha e segundo informa\u00e7\u00f5es a procura pela vacina n\u00e3o atingiu\u00a0as expectativas da Secretaria Municipal de Sa\u00fade. O cronograma da imuniza\u00e7\u00e3o contra a gripe est\u00e1 previsto para terminar dia 26 deste m\u00eas.<\/p>\n<p style=\"text-align: justify;\">Em todas as unidades de sa\u00fade de Recreio e dos distritos h\u00e1 doses da vacina.<\/p>\n","protected":false},"excerpt":{"rendered":"<p>A campanha nacional de vacina\u00e7\u00e3o contra a gripe continua em Recreio, gestantes e m\u00e3es at\u00e9 45 dias ap\u00f3s o parto, crian\u00e7as a partir de 6 meses e menores de 5 anos, adultos com mais de 60 anos e professores da rede p\u00fablica e privada, devem procurar uma unidade de sa\u00fade no hor\u00e1rio de 7h \u00e0s [&hellip;]<\/p>\n","protected":false},"author":3,"featured_media":5567,"comment_status":"open","ping_status":"open","sticky":false,"template":"","format":"standard","meta":[],"categories":[7],"tags":[],"yoast_head":"<!-- This site is optimized with the Yoast SEO plugin v15.6.2 - https:\/\/yoast.com\/wordpress\/plugins\/seo\/ -->\n<meta name=\"robots\" content=\"index, follow, max-snippet:-1, max-image-preview:large, max-video-preview:-1\" \/>\n<link rel=\"canonical\" href=\"https:\/\/www.polisrecreio.com.br\/site\/2017\/05\/15\/campanha-de-vacinacao-contra-a-gripe-continua-em-recreio\/\" \/>\n<meta property=\"og:locale\" content=\"pt_BR\" \/>\n<meta property=\"og:type\" content=\"article\" \/>\n<meta property=\"og:title\" content=\"Campanha de vacina\u00e7\u00e3o contra a gripe continua em Recreio - P\u00f3lis Recreio\" \/>\n<meta property=\"og:description\" content=\"A campanha nacional de vacina\u00e7\u00e3o contra a gripe continua em Recreio, gestantes e m\u00e3es at\u00e9 45 dias ap\u00f3s o parto, crian\u00e7as a partir de 6 meses e menores de 5 anos, adultos com mais de 60 anos e professores da rede p\u00fablica e privada, devem procurar uma unidade de sa\u00fade no hor\u00e1rio de 7h \u00e0s [&hellip;]\" \/>\n<meta property=\"og:url\" content=\"https:\/\/www.polisrecreio.com.br\/site\/2017\/05\/15\/campanha-de-vacinacao-contra-a-gripe-continua-em-recreio\/\" \/>\n<meta property=\"og:site_name\" content=\"P\u00f3lis Recreio\" \/>\n<meta property=\"article:publisher\" content=\"https:\/\/www.facebook.com\/Site-P%c3%b3lis-Recreio-MG-181941708571019\/\" \/>\n<meta property=\"article:published_time\" content=\"2017-05-15T12:44:15+00:00\" \/>\n<meta property=\"article:modified_time\" content=\"2017-05-15T12:45:43+00:00\" \/>\n<meta property=\"og:image\" content=\"https:\/\/www.polisrecreio.com.br\/site\/wp-content\/uploads\/2017\/05\/20170417084624178565o.jpg\" \/>\n\t<meta property=\"og:image:width\" content=\"750\" \/>\n\t<meta property=\"og:image:height\" content=\"411\" \/>\n<meta name=\"twitter:card\" content=\"summary_large_image\" \/>\n<meta name=\"twitter:creator\" content=\"@PolisRecreio\" \/>\n<meta name=\"twitter:site\" content=\"@PolisRecreio\" \/>\n<meta name=\"twitter:label1\" content=\"Est. reading time\">\n\t<meta name=\"twitter:data1\" content=\"1 minuto\">\n<script type=\"application\/ld+json\" class=\"yoast-schema-graph\">{\"@context\":\"https:\/\/schema.org\",\"@graph\":[{\"@type\":\"WebSite\",\"@id\":\"https:\/\/www.polisrecreio.com.br\/site\/#website\",\"url\":\"https:\/\/www.polisrecreio.com.br\/site\/\",\"name\":\"P\\u00f3lis Recreio\",\"description\":\"\",\"potentialAction\":[{\"@type\":\"SearchAction\",\"target\":\"https:\/\/www.polisrecreio.com.br\/site\/?s={search_term_string}\",\"query-input\":\"required name=search_term_string\"}],\"inLanguage\":\"pt-BR\"},{\"@type\":\"ImageObject\",\"@id\":\"https:\/\/www.polisrecreio.com.br\/site\/2017\/05\/15\/campanha-de-vacinacao-contra-a-gripe-continua-em-recreio\/#primaryimage\",\"inLanguage\":\"pt-BR\",\"url\":\"https:\/\/www.polisrecreio.com.br\/site\/wp-content\/uploads\/2017\/05\/20170417084624178565o.jpg\",\"width\":750,\"height\":411},{\"@type\":\"WebPage\",\"@id\":\"https:\/\/www.polisrecreio.com.br\/site\/2017\/05\/15\/campanha-de-vacinacao-contra-a-gripe-continua-em-recreio\/#webpage\",\"url\":\"https:\/\/www.polisrecreio.com.br\/site\/2017\/05\/15\/campanha-de-vacinacao-contra-a-gripe-continua-em-recreio\/\",\"name\":\"Campanha de vacina\\u00e7\\u00e3o contra a gripe continua em Recreio - P\\u00f3lis Recreio\",\"isPartOf\":{\"@id\":\"https:\/\/www.polisrecreio.com.br\/site\/#website\"},\"primaryImageOfPage\":{\"@id\":\"https:\/\/www.polisrecreio.com.br\/site\/2017\/05\/15\/campanha-de-vacinacao-contra-a-gripe-continua-em-recreio\/#primaryimage\"},\"datePublished\":\"2017-05-15T12:44:15+00:00\",\"dateModified\":\"2017-05-15T12:45:43+00:00\",\"author\":{\"@id\":\"https:\/\/www.polisrecreio.com.br\/site\/#\/schema\/person\/3363c1c78e1e28e1329d97adb387638e\"},\"inLanguage\":\"pt-BR\",\"potentialAction\":[{\"@type\":\"ReadAction\",\"target\":[\"https:\/\/www.polisrecreio.com.br\/site\/2017\/05\/15\/campanha-de-vacinacao-contra-a-gripe-continua-em-recreio\/\"]}]},{\"@type\":\"Person\",\"@id\":\"https:\/\/www.polisrecreio.com.br\/site\/#\/schema\/person\/3363c1c78e1e28e1329d97adb387638e\",\"name\":\"Leonardo Ribeiro\",\"image\":{\"@type\":\"ImageObject\",\"@id\":\"https:\/\/www.polisrecreio.com.br\/site\/#personlogo\",\"inLanguage\":\"pt-BR\",\"url\":\"https:\/\/secure.gravatar.com\/avatar\/6ba92a37d621e1a83e23710251178a12?s=96&d=mm&r=g\",\"caption\":\"Leonardo Ribeiro\"},\"sameAs\":[\"http:\/\/www.polisrecreio.com.br\"]}]}<\/script>\n<!-- \/ Yoast SEO plugin. -->","_links":{"self":[{"href":"https:\/\/www.polisrecreio.com.br\/site\/wp-json\/wp\/v2\/posts\/5566"}],"collection":[{"href":"https:\/\/www.polisrecreio.com.br\/site\/wp-json\/wp\/v2\/posts"}],"about":[{"href":"https:\/\/www.polisrecreio.com.br\/site\/wp-json\/wp\/v2\/types\/post"}],"author":[{"embeddable":true,"href":"https:\/\/www.polisrecreio.com.br\/site\/wp-json\/wp\/v2\/users\/3"}],"replies":[{"embeddable":true,"href":"https:\/\/www.polisrecreio.com.br\/site\/wp-json\/wp\/v2\/comments?post=5566"}],"version-history":[{"count":2,"href":"https:\/\/www.polisrecreio.com.br\/site\/wp-json\/wp\/v2\/posts\/5566\/revisions"}],"predecessor-version":[{"id":5569,"href":"https:\/\/www.polisrecreio.com.br\/site\/wp-json\/wp\/v2\/posts\/5566\/revisions\/5569"}],"wp:featuredmedia":[{"embeddable":true,"href":"https:\/\/www.polisrecreio.com.br\/site\/wp-json\/wp\/v2\/media\/5567"}],"wp:attachment":[{"href":"https:\/\/www.polisrecreio.com.br\/site\/wp-json\/wp\/v2\/media?parent=5566"}],"wp:term":[{"taxonomy":"category","embeddable":true,"href":"https:\/\/www.polisrecreio.com.br\/site\/wp-json\/wp\/v2\/categories?post=5566"},{"taxonomy":"post_tag","embeddable":true,"href":"https:\/\/www.polisrecreio.com.br\/site\/wp-json\/wp\/v2\/tags?post=5566"}],"curies":[{"name":"wp","href":"https:\/\/api.w.org\/{rel}","templated":true}]}}