{"id":5570,"date":"2017-05-15T15:17:57","date_gmt":"2017-05-15T18:17:57","guid":{"rendered":"http:\/\/www.polisrecreio.com.br\/site\/?p=5570"},"modified":"2017-05-15T15:17:57","modified_gmt":"2017-05-15T18:17:57","slug":"assalto-a-mao-armada-na-manha-desta-segunda-feira-em-recreio","status":"publish","type":"post","link":"https:\/\/www.polisrecreio.com.br\/site\/2017\/05\/15\/assalto-a-mao-armada-na-manha-desta-segunda-feira-em-recreio\/","title":{"rendered":"Assalto a m\u00e3o armada na manh\u00e3 desta segunda-feira em Recreio"},"content":{"rendered":"<p style=\"text-align: justify;\">Na manh\u00e3 desta segunda-feira (15) um assalto a m\u00e3o armada a um empres\u00e1rio no Centro de Recreio terminou com aproximadamente R$ 18 mil roubados, tiros e persegui\u00e7\u00e3o ao assaltante. Ningu\u00e9m ficou ferido.<\/p>\n<p style=\"text-align: justify;\"><!--more--><\/p>\n<figure id=\"attachment_5571\" aria-describedby=\"caption-attachment-5571\" style=\"width: 750px\" class=\"wp-caption aligncenter\"><a href=\"http:\/\/www.polisrecreio.com.br\/site\/wp-content\/uploads\/2017\/05\/IMG-20170515-WA0000.jpg\"><img loading=\"lazy\" class=\"size-full wp-image-5571\" src=\"http:\/\/www.polisrecreio.com.br\/site\/wp-content\/uploads\/2017\/05\/IMG-20170515-WA0000.jpg\" alt=\"Rua Arag\u00e3o, local onde houve a fuga do assaltante.\" width=\"750\" height=\"687\" srcset=\"https:\/\/www.polisrecreio.com.br\/site\/wp-content\/uploads\/2017\/05\/IMG-20170515-WA0000.jpg 750w, https:\/\/www.polisrecreio.com.br\/site\/wp-content\/uploads\/2017\/05\/IMG-20170515-WA0000-300x275.jpg 300w\" sizes=\"(max-width: 750px) 100vw, 750px\" \/><\/a><figcaption id=\"caption-attachment-5571\" class=\"wp-caption-text\">Rua Arag\u00e3o, local onde houve a fuga do assaltante.<\/figcaption><\/figure>\n<p style=\"text-align: justify;\">O roubo aconteceu por volta de 8h na Travessa Fernandes, em frente \u00e0 Ag\u00eancia do SICOOB, quando um motociclista rendeu o propriet\u00e1rio do Auto Posto Amig\u00e3o, popularmente conhecido em Recreio como Z\u00e9 do Amig\u00e3o e levou o dinheiro que estava em suas m\u00e3os. O empres\u00e1rio perseguiu de autom\u00f3vel o assaltante e houve tiros.<\/p>\n<p style=\"text-align: justify;\">Na fuga o ladr\u00e3o caiu da moto na Rua Francisco Uffer de Freitas \u201cRua Arag\u00e3o\u201d e continuou a escapada correndo, nas proximidades da estrada vicinal Recreio-Angaturama ele sumiu. As pol\u00edcias Militar e Civil est\u00e3o na busca do assaltante.<\/p>\n<figure id=\"attachment_5572\" aria-describedby=\"caption-attachment-5572\" style=\"width: 750px\" class=\"wp-caption aligncenter\"><a href=\"http:\/\/www.polisrecreio.com.br\/site\/wp-content\/uploads\/2017\/05\/IMG-20170515-WA0001.jpg\"><img loading=\"lazy\" class=\"wp-image-5572 size-full\" src=\"http:\/\/www.polisrecreio.com.br\/site\/wp-content\/uploads\/2017\/05\/IMG-20170515-WA0001.jpg\" alt=\"IMG-20170515-WA0001\" width=\"750\" height=\"714\" srcset=\"https:\/\/www.polisrecreio.com.br\/site\/wp-content\/uploads\/2017\/05\/IMG-20170515-WA0001.jpg 750w, https:\/\/www.polisrecreio.com.br\/site\/wp-content\/uploads\/2017\/05\/IMG-20170515-WA0001-300x286.jpg 300w\" sizes=\"(max-width: 750px) 100vw, 750px\" \/><\/a><figcaption id=\"caption-attachment-5572\" class=\"wp-caption-text\">C\u00e1psulas das balas que ca\u00edram pela rua na troca de tiros.<\/figcaption><\/figure>\n","protected":false},"excerpt":{"rendered":"<p>Na manh\u00e3 desta segunda-feira (15) um assalto a m\u00e3o armada a um empres\u00e1rio no Centro de Recreio terminou com aproximadamente R$ 18 mil roubados, tiros e persegui\u00e7\u00e3o ao assaltante. Ningu\u00e9m ficou ferido.<\/p>\n","protected":false},"author":3,"featured_media":5571,"comment_status":"open","ping_status":"open","sticky":false,"template":"","format":"standard","meta":[],"categories":[6],"tags":[],"yoast_head":"<!-- This site is optimized with the Yoast SEO plugin v15.6.2 - https:\/\/yoast.com\/wordpress\/plugins\/seo\/ -->\n<meta name=\"robots\" content=\"index, follow, max-snippet:-1, max-image-preview:large, max-video-preview:-1\" \/>\n<link rel=\"canonical\" href=\"https:\/\/www.polisrecreio.com.br\/site\/2017\/05\/15\/assalto-a-mao-armada-na-manha-desta-segunda-feira-em-recreio\/\" \/>\n<meta property=\"og:locale\" content=\"pt_BR\" \/>\n<meta property=\"og:type\" content=\"article\" \/>\n<meta property=\"og:title\" content=\"Assalto a m\u00e3o armada na manh\u00e3 desta segunda-feira em Recreio - P\u00f3lis Recreio\" \/>\n<meta property=\"og:description\" content=\"Na manh\u00e3 desta segunda-feira (15) um assalto a m\u00e3o armada a um empres\u00e1rio no Centro de Recreio terminou com aproximadamente R$ 18 mil roubados, tiros e persegui\u00e7\u00e3o ao assaltante. Ningu\u00e9m ficou ferido.\" \/>\n<meta property=\"og:url\" content=\"https:\/\/www.polisrecreio.com.br\/site\/2017\/05\/15\/assalto-a-mao-armada-na-manha-desta-segunda-feira-em-recreio\/\" \/>\n<meta property=\"og:site_name\" content=\"P\u00f3lis Recreio\" \/>\n<meta property=\"article:publisher\" content=\"https:\/\/www.facebook.com\/Site-P%c3%b3lis-Recreio-MG-181941708571019\/\" \/>\n<meta property=\"article:published_time\" content=\"2017-05-15T18:17:57+00:00\" \/>\n<meta property=\"og:image\" content=\"https:\/\/www.polisrecreio.com.br\/site\/wp-content\/uploads\/2017\/05\/IMG-20170515-WA0000.jpg\" \/>\n\t<meta property=\"og:image:width\" content=\"750\" \/>\n\t<meta property=\"og:image:height\" content=\"687\" \/>\n<meta name=\"twitter:card\" content=\"summary_large_image\" \/>\n<meta name=\"twitter:creator\" content=\"@PolisRecreio\" \/>\n<meta name=\"twitter:site\" content=\"@PolisRecreio\" \/>\n<meta name=\"twitter:label1\" content=\"Est. reading time\">\n\t<meta name=\"twitter:data1\" content=\"1 minuto\">\n<script type=\"application\/ld+json\" class=\"yoast-schema-graph\">{\"@context\":\"https:\/\/schema.org\",\"@graph\":[{\"@type\":\"WebSite\",\"@id\":\"https:\/\/www.polisrecreio.com.br\/site\/#website\",\"url\":\"https:\/\/www.polisrecreio.com.br\/site\/\",\"name\":\"P\\u00f3lis Recreio\",\"description\":\"\",\"potentialAction\":[{\"@type\":\"SearchAction\",\"target\":\"https:\/\/www.polisrecreio.com.br\/site\/?s={search_term_string}\",\"query-input\":\"required name=search_term_string\"}],\"inLanguage\":\"pt-BR\"},{\"@type\":\"ImageObject\",\"@id\":\"https:\/\/www.polisrecreio.com.br\/site\/2017\/05\/15\/assalto-a-mao-armada-na-manha-desta-segunda-feira-em-recreio\/#primaryimage\",\"inLanguage\":\"pt-BR\",\"url\":\"https:\/\/www.polisrecreio.com.br\/site\/wp-content\/uploads\/2017\/05\/IMG-20170515-WA0000.jpg\",\"width\":750,\"height\":687,\"caption\":\"Rua Arag\\u00e3o, local onde houve a fuga do assaltante.\"},{\"@type\":\"WebPage\",\"@id\":\"https:\/\/www.polisrecreio.com.br\/site\/2017\/05\/15\/assalto-a-mao-armada-na-manha-desta-segunda-feira-em-recreio\/#webpage\",\"url\":\"https:\/\/www.polisrecreio.com.br\/site\/2017\/05\/15\/assalto-a-mao-armada-na-manha-desta-segunda-feira-em-recreio\/\",\"name\":\"Assalto a m\\u00e3o armada na manh\\u00e3 desta segunda-feira em Recreio - P\\u00f3lis Recreio\",\"isPartOf\":{\"@id\":\"https:\/\/www.polisrecreio.com.br\/site\/#website\"},\"primaryImageOfPage\":{\"@id\":\"https:\/\/www.polisrecreio.com.br\/site\/2017\/05\/15\/assalto-a-mao-armada-na-manha-desta-segunda-feira-em-recreio\/#primaryimage\"},\"datePublished\":\"2017-05-15T18:17:57+00:00\",\"dateModified\":\"2017-05-15T18:17:57+00:00\",\"author\":{\"@id\":\"https:\/\/www.polisrecreio.com.br\/site\/#\/schema\/person\/3363c1c78e1e28e1329d97adb387638e\"},\"inLanguage\":\"pt-BR\",\"potentialAction\":[{\"@type\":\"ReadAction\",\"target\":[\"https:\/\/www.polisrecreio.com.br\/site\/2017\/05\/15\/assalto-a-mao-armada-na-manha-desta-segunda-feira-em-recreio\/\"]}]},{\"@type\":\"Person\",\"@id\":\"https:\/\/www.polisrecreio.com.br\/site\/#\/schema\/person\/3363c1c78e1e28e1329d97adb387638e\",\"name\":\"Leonardo Ribeiro\",\"image\":{\"@type\":\"ImageObject\",\"@id\":\"https:\/\/www.polisrecreio.com.br\/site\/#personlogo\",\"inLanguage\":\"pt-BR\",\"url\":\"https:\/\/secure.gravatar.com\/avatar\/6ba92a37d621e1a83e23710251178a12?s=96&d=mm&r=g\",\"caption\":\"Leonardo Ribeiro\"},\"sameAs\":[\"http:\/\/www.polisrecreio.com.br\"]}]}<\/script>\n<!-- \/ Yoast SEO plugin. -->","_links":{"self":[{"href":"https:\/\/www.polisrecreio.com.br\/site\/wp-json\/wp\/v2\/posts\/5570"}],"collection":[{"href":"https:\/\/www.polisrecreio.com.br\/site\/wp-json\/wp\/v2\/posts"}],"about":[{"href":"https:\/\/www.polisrecreio.com.br\/site\/wp-json\/wp\/v2\/types\/post"}],"author":[{"embeddable":true,"href":"https:\/\/www.polisrecreio.com.br\/site\/wp-json\/wp\/v2\/users\/3"}],"replies":[{"embeddable":true,"href":"https:\/\/www.polisrecreio.com.br\/site\/wp-json\/wp\/v2\/comments?post=5570"}],"version-history":[{"count":1,"href":"https:\/\/www.polisrecreio.com.br\/site\/wp-json\/wp\/v2\/posts\/5570\/revisions"}],"predecessor-version":[{"id":5573,"href":"https:\/\/www.polisrecreio.com.br\/site\/wp-json\/wp\/v2\/posts\/5570\/revisions\/5573"}],"wp:featuredmedia":[{"embeddable":true,"href":"https:\/\/www.polisrecreio.com.br\/site\/wp-json\/wp\/v2\/media\/5571"}],"wp:attachment":[{"href":"https:\/\/www.polisrecreio.com.br\/site\/wp-json\/wp\/v2\/media?parent=5570"}],"wp:term":[{"taxonomy":"category","embeddable":true,"href":"https:\/\/www.polisrecreio.com.br\/site\/wp-json\/wp\/v2\/categories?post=5570"},{"taxonomy":"post_tag","embeddable":true,"href":"https:\/\/www.polisrecreio.com.br\/site\/wp-json\/wp\/v2\/tags?post=5570"}],"curies":[{"name":"wp","href":"https:\/\/api.w.org\/{rel}","templated":true}]}}