{"id":5576,"date":"2017-05-16T08:44:29","date_gmt":"2017-05-16T11:44:29","guid":{"rendered":"http:\/\/www.polisrecreio.com.br\/site\/?p=5576"},"modified":"2017-05-16T08:44:29","modified_gmt":"2017-05-16T11:44:29","slug":"sr-guaraci-tesoureiro-do-recreio-e-c-recebe-homenagem-da-lec","status":"publish","type":"post","link":"https:\/\/www.polisrecreio.com.br\/site\/2017\/05\/16\/sr-guaraci-tesoureiro-do-recreio-e-c-recebe-homenagem-da-lec\/","title":{"rendered":"Sr. Guaraci, tesoureiro do Recreio E.C, recebe homenagem da LEC"},"content":{"rendered":"<p style=\"text-align: justify;\">O tesoureiro do Recreio E.C, Jos\u00e9 Faria de Freitas, o popular \u201cSr. Guaraci, recebeu uma homenagem da Liga Esportiva de Cataguases \u201cLEC\u201d, por meio do presidente Paulo Santana, pelos relevantes servi\u00e7os prestados ao esporte municipal e regional.<\/p>\n<p style=\"text-align: justify;\"><!--more--><\/p>\n<figure id=\"attachment_5578\" aria-describedby=\"caption-attachment-5578\" style=\"width: 750px\" class=\"wp-caption aligncenter\"><a href=\"http:\/\/www.polisrecreio.com.br\/site\/wp-content\/uploads\/2017\/05\/25.jpg\"><img loading=\"lazy\" class=\"size-full wp-image-5578\" src=\"http:\/\/www.polisrecreio.com.br\/site\/wp-content\/uploads\/2017\/05\/25.jpg\" alt=\"Carlos S\u00e9rgio &quot;Da\u00fa&quot;, Sr. Guaraci, Paulo Santana e Manoel Ant\u00f4nio.\" width=\"750\" height=\"444\" srcset=\"https:\/\/www.polisrecreio.com.br\/site\/wp-content\/uploads\/2017\/05\/25.jpg 750w, https:\/\/www.polisrecreio.com.br\/site\/wp-content\/uploads\/2017\/05\/25-300x178.jpg 300w\" sizes=\"(max-width: 750px) 100vw, 750px\" \/><\/a><figcaption id=\"caption-attachment-5578\" class=\"wp-caption-text\">Carlos S\u00e9rgio &#8220;Da\u00fa&#8221;, Sr. Guaraci, Paulo Santana e Manoel Ant\u00f4nio.<\/figcaption><\/figure>\n<p style=\"text-align: justify;\">No intervalo do jogo do \u00faltimo domingo (14) no Est\u00e1dio Euvaldo Lodi entre Recreio E.C X Esporte de Laranjal, a placa de homenagem foi entregue ao Sr. Guaraci com os seguintes dizeres: <em>\u201cA Liga Esportiva de Cataguases tem a honra de conferir ao ilustre desportista e tesoureiro do Recreio E.C, Jos\u00e9 Faria de Freitas o t\u00edtulo de Honra ao M\u00e9rito em reconhecimento pelos relevantes servi\u00e7os prestados ao esporte de Recreio e regi\u00e3o. Enaltecemos e parabenizamos sua longa caminhada de incans\u00e1vel dedica\u00e7\u00e3o, pois sua serenidade se compara a de um mestre, capaz de levar ensinamentos a toda uma gera\u00e7\u00e3o. Destacamos tamb\u00e9m sua brilhante conduta de exemplos de disciplina que nos faz seres humanos mais evolu\u00eddos e ricos de amor ao pr\u00f3ximo\u201d<\/em>.<\/p>\n<p style=\"text-align: justify;\">O tesoureiro do Le\u00e3o da Zona da Mata, emocionado, ao lado de seu irm\u00e3o Manoel Ant\u00f4nio Faria de Freitas e, do presidente do time, Carlos S\u00e9rgio Sim\u00e3o \u201cDa\u00fa\u201d, agradeceu pela rever\u00eancia.<\/p>\n<p style=\"text-align: justify;\">Sr. Guaraci est\u00e1 a mais de 40 anos prestando servi\u00e7os volunt\u00e1rios ao REC.<\/p>\n<figure id=\"attachment_5577\" aria-describedby=\"caption-attachment-5577\" style=\"width: 750px\" class=\"wp-caption aligncenter\"><a href=\"http:\/\/www.polisrecreio.com.br\/site\/wp-content\/uploads\/2017\/05\/15.jpg\"><img loading=\"lazy\" class=\"size-full wp-image-5577\" src=\"http:\/\/www.polisrecreio.com.br\/site\/wp-content\/uploads\/2017\/05\/15.jpg\" alt=\"Paulo Santana reverenciando Sr. Guaraci.\" width=\"750\" height=\"529\" srcset=\"https:\/\/www.polisrecreio.com.br\/site\/wp-content\/uploads\/2017\/05\/15.jpg 750w, https:\/\/www.polisrecreio.com.br\/site\/wp-content\/uploads\/2017\/05\/15-300x212.jpg 300w\" sizes=\"(max-width: 750px) 100vw, 750px\" \/><\/a><figcaption id=\"caption-attachment-5577\" class=\"wp-caption-text\">Paulo Santana reverenciando Sr. Guaraci.<\/figcaption><\/figure>\n<figure id=\"attachment_5579\" aria-describedby=\"caption-attachment-5579\" style=\"width: 750px\" class=\"wp-caption aligncenter\"><a href=\"http:\/\/www.polisrecreio.com.br\/site\/wp-content\/uploads\/2017\/05\/33.jpg\"><img loading=\"lazy\" class=\"size-full wp-image-5579\" src=\"http:\/\/www.polisrecreio.com.br\/site\/wp-content\/uploads\/2017\/05\/33.jpg\" alt=\"Manoel Ant\u00f4nio e Sr. Guaraci com a homenagem.\" width=\"750\" height=\"530\" srcset=\"https:\/\/www.polisrecreio.com.br\/site\/wp-content\/uploads\/2017\/05\/33.jpg 750w, https:\/\/www.polisrecreio.com.br\/site\/wp-content\/uploads\/2017\/05\/33-300x212.jpg 300w\" sizes=\"(max-width: 750px) 100vw, 750px\" \/><\/a><figcaption id=\"caption-attachment-5579\" class=\"wp-caption-text\">Manoel Ant\u00f4nio e Sr. Guaraci com a homenagem.<\/figcaption><\/figure>\n<p>&nbsp;<\/p>\n","protected":false},"excerpt":{"rendered":"<p>O tesoureiro do Recreio E.C, Jos\u00e9 Faria de Freitas, o popular \u201cSr. Guaraci, recebeu uma homenagem da Liga Esportiva de Cataguases \u201cLEC\u201d, por meio do presidente Paulo Santana, pelos relevantes servi\u00e7os prestados ao esporte municipal e regional.<\/p>\n","protected":false},"author":3,"featured_media":5578,"comment_status":"open","ping_status":"open","sticky":false,"template":"","format":"standard","meta":[],"categories":[4],"tags":[],"yoast_head":"<!-- This site is optimized with the Yoast SEO plugin v15.6.2 - https:\/\/yoast.com\/wordpress\/plugins\/seo\/ -->\n<meta name=\"robots\" content=\"index, follow, max-snippet:-1, max-image-preview:large, max-video-preview:-1\" \/>\n<link rel=\"canonical\" href=\"https:\/\/www.polisrecreio.com.br\/site\/2017\/05\/16\/sr-guaraci-tesoureiro-do-recreio-e-c-recebe-homenagem-da-lec\/\" \/>\n<meta property=\"og:locale\" content=\"pt_BR\" \/>\n<meta property=\"og:type\" content=\"article\" \/>\n<meta property=\"og:title\" content=\"Sr. Guaraci, tesoureiro do Recreio E.C, recebe homenagem da LEC - P\u00f3lis Recreio\" \/>\n<meta property=\"og:description\" content=\"O tesoureiro do Recreio E.C, Jos\u00e9 Faria de Freitas, o popular \u201cSr. Guaraci, recebeu uma homenagem da Liga Esportiva de Cataguases \u201cLEC\u201d, por meio do presidente Paulo Santana, pelos relevantes servi\u00e7os prestados ao esporte municipal e regional.\" \/>\n<meta property=\"og:url\" content=\"https:\/\/www.polisrecreio.com.br\/site\/2017\/05\/16\/sr-guaraci-tesoureiro-do-recreio-e-c-recebe-homenagem-da-lec\/\" \/>\n<meta property=\"og:site_name\" content=\"P\u00f3lis Recreio\" \/>\n<meta property=\"article:publisher\" content=\"https:\/\/www.facebook.com\/Site-P%c3%b3lis-Recreio-MG-181941708571019\/\" \/>\n<meta property=\"article:published_time\" content=\"2017-05-16T11:44:29+00:00\" \/>\n<meta property=\"og:image\" content=\"https:\/\/www.polisrecreio.com.br\/site\/wp-content\/uploads\/2017\/05\/25.jpg\" \/>\n\t<meta property=\"og:image:width\" content=\"750\" \/>\n\t<meta property=\"og:image:height\" content=\"444\" \/>\n<meta name=\"twitter:card\" content=\"summary_large_image\" \/>\n<meta name=\"twitter:creator\" content=\"@PolisRecreio\" \/>\n<meta name=\"twitter:site\" content=\"@PolisRecreio\" \/>\n<meta name=\"twitter:label1\" content=\"Est. reading time\">\n\t<meta name=\"twitter:data1\" content=\"1 minuto\">\n<script type=\"application\/ld+json\" class=\"yoast-schema-graph\">{\"@context\":\"https:\/\/schema.org\",\"@graph\":[{\"@type\":\"WebSite\",\"@id\":\"https:\/\/www.polisrecreio.com.br\/site\/#website\",\"url\":\"https:\/\/www.polisrecreio.com.br\/site\/\",\"name\":\"P\\u00f3lis Recreio\",\"description\":\"\",\"potentialAction\":[{\"@type\":\"SearchAction\",\"target\":\"https:\/\/www.polisrecreio.com.br\/site\/?s={search_term_string}\",\"query-input\":\"required name=search_term_string\"}],\"inLanguage\":\"pt-BR\"},{\"@type\":\"ImageObject\",\"@id\":\"https:\/\/www.polisrecreio.com.br\/site\/2017\/05\/16\/sr-guaraci-tesoureiro-do-recreio-e-c-recebe-homenagem-da-lec\/#primaryimage\",\"inLanguage\":\"pt-BR\",\"url\":\"https:\/\/www.polisrecreio.com.br\/site\/wp-content\/uploads\/2017\/05\/25.jpg\",\"width\":750,\"height\":444,\"caption\":\"Carlos S\\u00e9rgio \\\"Da\\u00fa\\\", Sr. Guaraci, Paulo Santana e Manoel Ant\\u00f4nio.\"},{\"@type\":\"WebPage\",\"@id\":\"https:\/\/www.polisrecreio.com.br\/site\/2017\/05\/16\/sr-guaraci-tesoureiro-do-recreio-e-c-recebe-homenagem-da-lec\/#webpage\",\"url\":\"https:\/\/www.polisrecreio.com.br\/site\/2017\/05\/16\/sr-guaraci-tesoureiro-do-recreio-e-c-recebe-homenagem-da-lec\/\",\"name\":\"Sr. Guaraci, tesoureiro do Recreio E.C, recebe homenagem da LEC - P\\u00f3lis Recreio\",\"isPartOf\":{\"@id\":\"https:\/\/www.polisrecreio.com.br\/site\/#website\"},\"primaryImageOfPage\":{\"@id\":\"https:\/\/www.polisrecreio.com.br\/site\/2017\/05\/16\/sr-guaraci-tesoureiro-do-recreio-e-c-recebe-homenagem-da-lec\/#primaryimage\"},\"datePublished\":\"2017-05-16T11:44:29+00:00\",\"dateModified\":\"2017-05-16T11:44:29+00:00\",\"author\":{\"@id\":\"https:\/\/www.polisrecreio.com.br\/site\/#\/schema\/person\/3363c1c78e1e28e1329d97adb387638e\"},\"inLanguage\":\"pt-BR\",\"potentialAction\":[{\"@type\":\"ReadAction\",\"target\":[\"https:\/\/www.polisrecreio.com.br\/site\/2017\/05\/16\/sr-guaraci-tesoureiro-do-recreio-e-c-recebe-homenagem-da-lec\/\"]}]},{\"@type\":\"Person\",\"@id\":\"https:\/\/www.polisrecreio.com.br\/site\/#\/schema\/person\/3363c1c78e1e28e1329d97adb387638e\",\"name\":\"Leonardo Ribeiro\",\"image\":{\"@type\":\"ImageObject\",\"@id\":\"https:\/\/www.polisrecreio.com.br\/site\/#personlogo\",\"inLanguage\":\"pt-BR\",\"url\":\"https:\/\/secure.gravatar.com\/avatar\/6ba92a37d621e1a83e23710251178a12?s=96&d=mm&r=g\",\"caption\":\"Leonardo Ribeiro\"},\"sameAs\":[\"http:\/\/www.polisrecreio.com.br\"]}]}<\/script>\n<!-- \/ Yoast SEO plugin. -->","_links":{"self":[{"href":"https:\/\/www.polisrecreio.com.br\/site\/wp-json\/wp\/v2\/posts\/5576"}],"collection":[{"href":"https:\/\/www.polisrecreio.com.br\/site\/wp-json\/wp\/v2\/posts"}],"about":[{"href":"https:\/\/www.polisrecreio.com.br\/site\/wp-json\/wp\/v2\/types\/post"}],"author":[{"embeddable":true,"href":"https:\/\/www.polisrecreio.com.br\/site\/wp-json\/wp\/v2\/users\/3"}],"replies":[{"embeddable":true,"href":"https:\/\/www.polisrecreio.com.br\/site\/wp-json\/wp\/v2\/comments?post=5576"}],"version-history":[{"count":1,"href":"https:\/\/www.polisrecreio.com.br\/site\/wp-json\/wp\/v2\/posts\/5576\/revisions"}],"predecessor-version":[{"id":5580,"href":"https:\/\/www.polisrecreio.com.br\/site\/wp-json\/wp\/v2\/posts\/5576\/revisions\/5580"}],"wp:featuredmedia":[{"embeddable":true,"href":"https:\/\/www.polisrecreio.com.br\/site\/wp-json\/wp\/v2\/media\/5578"}],"wp:attachment":[{"href":"https:\/\/www.polisrecreio.com.br\/site\/wp-json\/wp\/v2\/media?parent=5576"}],"wp:term":[{"taxonomy":"category","embeddable":true,"href":"https:\/\/www.polisrecreio.com.br\/site\/wp-json\/wp\/v2\/categories?post=5576"},{"taxonomy":"post_tag","embeddable":true,"href":"https:\/\/www.polisrecreio.com.br\/site\/wp-json\/wp\/v2\/tags?post=5576"}],"curies":[{"name":"wp","href":"https:\/\/api.w.org\/{rel}","templated":true}]}}