{"id":5581,"date":"2017-05-16T10:52:35","date_gmt":"2017-05-16T13:52:35","guid":{"rendered":"http:\/\/www.polisrecreio.com.br\/site\/?p=5581"},"modified":"2017-05-16T10:53:36","modified_gmt":"2017-05-16T13:53:36","slug":"limpeza-do-ribeirao-dos-monos-entra-fase-de-conclusao","status":"publish","type":"post","link":"https:\/\/www.polisrecreio.com.br\/site\/2017\/05\/16\/limpeza-do-ribeirao-dos-monos-entra-fase-de-conclusao\/","title":{"rendered":"Limpeza do Ribeir\u00e3o dos Monos entra fase de conclus\u00e3o"},"content":{"rendered":"<p style=\"text-align: justify;\">A equipe do secret\u00e1rio de Desenvolvimento Urbano, Juarez Ara\u00fajo, entrou na fase de conclus\u00e3o dos servi\u00e7os de limpeza do principal recurso h\u00eddrico do Munic\u00edpio, o Ribeir\u00e3o dos Monos, que corta toda a cidade.<\/p>\n<p style=\"text-align: justify;\"><!--more--><\/p>\n<figure id=\"attachment_5584\" aria-describedby=\"caption-attachment-5584\" style=\"width: 750px\" class=\"wp-caption aligncenter\"><a href=\"http:\/\/www.polisrecreio.com.br\/site\/wp-content\/uploads\/2017\/05\/Ribeir\u00e3o3.jpg\"><img loading=\"lazy\" class=\"size-full wp-image-5584\" src=\"http:\/\/www.polisrecreio.com.br\/site\/wp-content\/uploads\/2017\/05\/Ribeir\u00e3o3.jpg\" alt=\"Secret\u00e1rio Juarez acompanhando os servi\u00e7os.\" width=\"750\" height=\"563\" srcset=\"https:\/\/www.polisrecreio.com.br\/site\/wp-content\/uploads\/2017\/05\/Ribeir\u00e3o3.jpg 750w, https:\/\/www.polisrecreio.com.br\/site\/wp-content\/uploads\/2017\/05\/Ribeir\u00e3o3-300x225.jpg 300w\" sizes=\"(max-width: 750px) 100vw, 750px\" \/><\/a><figcaption id=\"caption-attachment-5584\" class=\"wp-caption-text\">Secret\u00e1rio Juarez acompanhando os servi\u00e7os.<\/figcaption><\/figure>\n<p style=\"text-align: justify;\">Segundo o secret\u00e1rio, \u201cnos C\u00f3rregos S\u00e3o Vicente, na regi\u00e3o da Grotinha e Laranjeiras, na regi\u00e3o da Avenida e no Centro a limpeza j\u00e1 foi conclu\u00edda. Estamos planejando executar este tipo de servi\u00e7o de quatro em quatro meses para evitar que o mato alto tome conta das margens\u201d, concluiu.<\/p>\n<p style=\"text-align: justify;\">Juarez informou tamb\u00e9m que iniciar\u00e1 ainda este m\u00eas as podas das \u00e1rvores, conforme orienta\u00e7\u00f5es dos \u00f3rg\u00e3os ambientais.<\/p>\n<figure id=\"attachment_5583\" aria-describedby=\"caption-attachment-5583\" style=\"width: 750px\" class=\"wp-caption aligncenter\"><a href=\"http:\/\/www.polisrecreio.com.br\/site\/wp-content\/uploads\/2017\/05\/Ribeir\u00e3o2.jpg\"><img loading=\"lazy\" class=\"size-full wp-image-5583\" src=\"http:\/\/www.polisrecreio.com.br\/site\/wp-content\/uploads\/2017\/05\/Ribeir\u00e3o2.jpg\" alt=\"Equipe trabalhando no Monos.\" width=\"750\" height=\"563\" srcset=\"https:\/\/www.polisrecreio.com.br\/site\/wp-content\/uploads\/2017\/05\/Ribeir\u00e3o2.jpg 750w, https:\/\/www.polisrecreio.com.br\/site\/wp-content\/uploads\/2017\/05\/Ribeir\u00e3o2-300x225.jpg 300w\" sizes=\"(max-width: 750px) 100vw, 750px\" \/><\/a><figcaption id=\"caption-attachment-5583\" class=\"wp-caption-text\">Equipe trabalhando no Monos.<\/figcaption><\/figure>\n<p>&nbsp;<\/p>\n","protected":false},"excerpt":{"rendered":"<p>A equipe do secret\u00e1rio de Desenvolvimento Urbano, Juarez Ara\u00fajo, entrou na fase de conclus\u00e3o dos servi\u00e7os de limpeza do principal recurso h\u00eddrico do Munic\u00edpio, o Ribeir\u00e3o dos Monos, que corta toda a cidade.<\/p>\n","protected":false},"author":3,"featured_media":5584,"comment_status":"open","ping_status":"open","sticky":false,"template":"","format":"standard","meta":[],"categories":[6],"tags":[],"yoast_head":"<!-- This site is optimized with the Yoast SEO plugin v15.6.2 - https:\/\/yoast.com\/wordpress\/plugins\/seo\/ -->\n<meta name=\"robots\" content=\"index, follow, max-snippet:-1, max-image-preview:large, max-video-preview:-1\" \/>\n<link rel=\"canonical\" href=\"https:\/\/www.polisrecreio.com.br\/site\/2017\/05\/16\/limpeza-do-ribeirao-dos-monos-entra-fase-de-conclusao\/\" \/>\n<meta property=\"og:locale\" content=\"pt_BR\" \/>\n<meta property=\"og:type\" content=\"article\" \/>\n<meta property=\"og:title\" content=\"Limpeza do Ribeir\u00e3o dos Monos entra fase de conclus\u00e3o - P\u00f3lis Recreio\" \/>\n<meta property=\"og:description\" content=\"A equipe do secret\u00e1rio de Desenvolvimento Urbano, Juarez Ara\u00fajo, entrou na fase de conclus\u00e3o dos servi\u00e7os de limpeza do principal recurso h\u00eddrico do Munic\u00edpio, o Ribeir\u00e3o dos Monos, que corta toda a cidade.\" \/>\n<meta property=\"og:url\" content=\"https:\/\/www.polisrecreio.com.br\/site\/2017\/05\/16\/limpeza-do-ribeirao-dos-monos-entra-fase-de-conclusao\/\" \/>\n<meta property=\"og:site_name\" content=\"P\u00f3lis Recreio\" \/>\n<meta property=\"article:publisher\" content=\"https:\/\/www.facebook.com\/Site-P%c3%b3lis-Recreio-MG-181941708571019\/\" \/>\n<meta property=\"article:published_time\" content=\"2017-05-16T13:52:35+00:00\" \/>\n<meta property=\"article:modified_time\" content=\"2017-05-16T13:53:36+00:00\" \/>\n<meta property=\"og:image\" content=\"https:\/\/www.polisrecreio.com.br\/site\/wp-content\/uploads\/2017\/05\/Ribeir\u00e3o3.jpg\" \/>\n\t<meta property=\"og:image:width\" content=\"750\" \/>\n\t<meta property=\"og:image:height\" content=\"563\" \/>\n<meta name=\"twitter:card\" content=\"summary_large_image\" \/>\n<meta name=\"twitter:creator\" content=\"@PolisRecreio\" \/>\n<meta name=\"twitter:site\" content=\"@PolisRecreio\" \/>\n<meta name=\"twitter:label1\" content=\"Est. reading time\">\n\t<meta name=\"twitter:data1\" content=\"1 minuto\">\n<script type=\"application\/ld+json\" class=\"yoast-schema-graph\">{\"@context\":\"https:\/\/schema.org\",\"@graph\":[{\"@type\":\"WebSite\",\"@id\":\"https:\/\/www.polisrecreio.com.br\/site\/#website\",\"url\":\"https:\/\/www.polisrecreio.com.br\/site\/\",\"name\":\"P\\u00f3lis Recreio\",\"description\":\"\",\"potentialAction\":[{\"@type\":\"SearchAction\",\"target\":\"https:\/\/www.polisrecreio.com.br\/site\/?s={search_term_string}\",\"query-input\":\"required name=search_term_string\"}],\"inLanguage\":\"pt-BR\"},{\"@type\":\"ImageObject\",\"@id\":\"https:\/\/www.polisrecreio.com.br\/site\/2017\/05\/16\/limpeza-do-ribeirao-dos-monos-entra-fase-de-conclusao\/#primaryimage\",\"inLanguage\":\"pt-BR\",\"url\":\"https:\/\/www.polisrecreio.com.br\/site\/wp-content\/uploads\/2017\/05\/Ribeir\\u00e3o3.jpg\",\"width\":750,\"height\":563,\"caption\":\"Secret\\u00e1rio Juarez acompanhando os servi\\u00e7os.\"},{\"@type\":\"WebPage\",\"@id\":\"https:\/\/www.polisrecreio.com.br\/site\/2017\/05\/16\/limpeza-do-ribeirao-dos-monos-entra-fase-de-conclusao\/#webpage\",\"url\":\"https:\/\/www.polisrecreio.com.br\/site\/2017\/05\/16\/limpeza-do-ribeirao-dos-monos-entra-fase-de-conclusao\/\",\"name\":\"Limpeza do Ribeir\\u00e3o dos Monos entra fase de conclus\\u00e3o - P\\u00f3lis Recreio\",\"isPartOf\":{\"@id\":\"https:\/\/www.polisrecreio.com.br\/site\/#website\"},\"primaryImageOfPage\":{\"@id\":\"https:\/\/www.polisrecreio.com.br\/site\/2017\/05\/16\/limpeza-do-ribeirao-dos-monos-entra-fase-de-conclusao\/#primaryimage\"},\"datePublished\":\"2017-05-16T13:52:35+00:00\",\"dateModified\":\"2017-05-16T13:53:36+00:00\",\"author\":{\"@id\":\"https:\/\/www.polisrecreio.com.br\/site\/#\/schema\/person\/3363c1c78e1e28e1329d97adb387638e\"},\"inLanguage\":\"pt-BR\",\"potentialAction\":[{\"@type\":\"ReadAction\",\"target\":[\"https:\/\/www.polisrecreio.com.br\/site\/2017\/05\/16\/limpeza-do-ribeirao-dos-monos-entra-fase-de-conclusao\/\"]}]},{\"@type\":\"Person\",\"@id\":\"https:\/\/www.polisrecreio.com.br\/site\/#\/schema\/person\/3363c1c78e1e28e1329d97adb387638e\",\"name\":\"Leonardo Ribeiro\",\"image\":{\"@type\":\"ImageObject\",\"@id\":\"https:\/\/www.polisrecreio.com.br\/site\/#personlogo\",\"inLanguage\":\"pt-BR\",\"url\":\"https:\/\/secure.gravatar.com\/avatar\/6ba92a37d621e1a83e23710251178a12?s=96&d=mm&r=g\",\"caption\":\"Leonardo Ribeiro\"},\"sameAs\":[\"http:\/\/www.polisrecreio.com.br\"]}]}<\/script>\n<!-- \/ Yoast SEO plugin. -->","_links":{"self":[{"href":"https:\/\/www.polisrecreio.com.br\/site\/wp-json\/wp\/v2\/posts\/5581"}],"collection":[{"href":"https:\/\/www.polisrecreio.com.br\/site\/wp-json\/wp\/v2\/posts"}],"about":[{"href":"https:\/\/www.polisrecreio.com.br\/site\/wp-json\/wp\/v2\/types\/post"}],"author":[{"embeddable":true,"href":"https:\/\/www.polisrecreio.com.br\/site\/wp-json\/wp\/v2\/users\/3"}],"replies":[{"embeddable":true,"href":"https:\/\/www.polisrecreio.com.br\/site\/wp-json\/wp\/v2\/comments?post=5581"}],"version-history":[{"count":2,"href":"https:\/\/www.polisrecreio.com.br\/site\/wp-json\/wp\/v2\/posts\/5581\/revisions"}],"predecessor-version":[{"id":5586,"href":"https:\/\/www.polisrecreio.com.br\/site\/wp-json\/wp\/v2\/posts\/5581\/revisions\/5586"}],"wp:featuredmedia":[{"embeddable":true,"href":"https:\/\/www.polisrecreio.com.br\/site\/wp-json\/wp\/v2\/media\/5584"}],"wp:attachment":[{"href":"https:\/\/www.polisrecreio.com.br\/site\/wp-json\/wp\/v2\/media?parent=5581"}],"wp:term":[{"taxonomy":"category","embeddable":true,"href":"https:\/\/www.polisrecreio.com.br\/site\/wp-json\/wp\/v2\/categories?post=5581"},{"taxonomy":"post_tag","embeddable":true,"href":"https:\/\/www.polisrecreio.com.br\/site\/wp-json\/wp\/v2\/tags?post=5581"}],"curies":[{"name":"wp","href":"https:\/\/api.w.org\/{rel}","templated":true}]}}